{"id":161387,"date":"2026-03-24T07:50:00","date_gmt":"2026-03-24T13:50:00","guid":{"rendered":"https:\/\/www.villaeducativa.edu.mx\/newspaper\/?p=161387"},"modified":"2026-03-23T12:31:35","modified_gmt":"2026-03-23T18:31:35","slug":"makers-fair","status":"publish","type":"post","link":"https:\/\/www.villaeducativa.edu.mx\/newspaper\/?p=161387","title":{"rendered":"Makers Fair"},"content":{"rendered":"\n<p>Les extendemos una cordial invitaci\u00f3n a nuestro evento\u00a0<strong>Makers Fair<\/strong>, que se llevar\u00e1 a cabo de 8:30 a.m. a 11:00 a.m. el mi\u00e9rcoles 22 de abril.<\/p>\n\n\n\n<p>Durante la feria, los estudiantes de segundo grado presentar\u00e1n sus proyectos, demostrando creatividad y entusiasmo por la tecnologia. Adem\u00e1s, habr\u00e1 un premio especial para el mejor equipo de peque\u00f1os ingenieros!<\/p>\n\n\n\n<p>La entrada ser\u00e1 por Atepoxco.<\/p>\n\n\n\n<p>\u00a1No se pierdan esta oportunidad de celebrar juntos el talento y la curiosidad de nuestros alumnos!<\/p>\n\n\n\n<p><strong><span class=\"has-inline-color has-vivid-cyan-blue-color\">James Abad<br><\/span><\/strong><em><span class=\"has-inline-color has-vivid-cyan-blue-color\">Villa High Principal<\/span><\/em><\/p>\n\n\n\n<div class=\"wp-block-image\"><figure class=\"aligncenter size-large is-resized\"><a href=\"https:\/\/www.villaeducativa.edu.mx\/newspaper\/wp-content\/uploads\/2026\/03\/Makersfair_inv.png\"><img loading=\"lazy\" src=\"https:\/\/www.villaeducativa.edu.mx\/newspaper\/wp-content\/uploads\/2026\/03\/Makersfair_inv.png\" alt=\"\" class=\"wp-image-161388\" width=\"400\" height=\"400\" srcset=\"https:\/\/www.villaeducativa.edu.mx\/newspaper\/wp-content\/uploads\/2026\/03\/Makersfair_inv.png 800w, https:\/\/www.villaeducativa.edu.mx\/newspaper\/wp-content\/uploads\/2026\/03\/Makersfair_inv-300x300.png 300w, https:\/\/www.villaeducativa.edu.mx\/newspaper\/wp-content\/uploads\/2026\/03\/Makersfair_inv-150x150.png 150w, https:\/\/www.villaeducativa.edu.mx\/newspaper\/wp-content\/uploads\/2026\/03\/Makersfair_inv-768x768.png 768w, https:\/\/www.villaeducativa.edu.mx\/newspaper\/wp-content\/uploads\/2026\/03\/Makersfair_inv-600x600.png 600w, https:\/\/www.villaeducativa.edu.mx\/newspaper\/wp-content\/uploads\/2026\/03\/Makersfair_inv-100x100.png 100w\" sizes=\"(max-width: 400px) 100vw, 400px\" \/><\/a><\/figure><\/div>\n\n\n\n<p><\/p>\n","protected":false},"excerpt":{"rendered":"<p>Les extendemos una cordial invitaci\u00f3n a nuestro evento\u00a0Makers Fair, que se llevar\u00e1 a cabo de 8:30 a.m. a 11:00 a.m. el mi\u00e9rcoles 22 de abril. Durante la feria, los estudiantes de segundo grado presentar\u00e1n sus proyectos, demostrando creatividad y entusiasmo por la tecnologia. Adem\u00e1s, habr\u00e1 un premio especial para el&hellip; <\/p>\n","protected":false},"author":2,"featured_media":161389,"comment_status":"closed","ping_status":"closed","sticky":false,"template":"","format":"standard","meta":{"ngg_post_thumbnail":0},"categories":[4],"tags":[],"_links":{"self":[{"href":"https:\/\/www.villaeducativa.edu.mx\/newspaper\/index.php?rest_route=\/wp\/v2\/posts\/161387"}],"collection":[{"href":"https:\/\/www.villaeducativa.edu.mx\/newspaper\/index.php?rest_route=\/wp\/v2\/posts"}],"about":[{"href":"https:\/\/www.villaeducativa.edu.mx\/newspaper\/index.php?rest_route=\/wp\/v2\/types\/post"}],"author":[{"embeddable":true,"href":"https:\/\/www.villaeducativa.edu.mx\/newspaper\/index.php?rest_route=\/wp\/v2\/users\/2"}],"replies":[{"embeddable":true,"href":"https:\/\/www.villaeducativa.edu.mx\/newspaper\/index.php?rest_route=%2Fwp%2Fv2%2Fcomments&post=161387"}],"version-history":[{"count":1,"href":"https:\/\/www.villaeducativa.edu.mx\/newspaper\/index.php?rest_route=\/wp\/v2\/posts\/161387\/revisions"}],"predecessor-version":[{"id":161390,"href":"https:\/\/www.villaeducativa.edu.mx\/newspaper\/index.php?rest_route=\/wp\/v2\/posts\/161387\/revisions\/161390"}],"wp:featuredmedia":[{"embeddable":true,"href":"https:\/\/www.villaeducativa.edu.mx\/newspaper\/index.php?rest_route=\/wp\/v2\/media\/161389"}],"wp:attachment":[{"href":"https:\/\/www.villaeducativa.edu.mx\/newspaper\/index.php?rest_route=%2Fwp%2Fv2%2Fmedia&parent=161387"}],"wp:term":[{"taxonomy":"category","embeddable":true,"href":"https:\/\/www.villaeducativa.edu.mx\/newspaper\/index.php?rest_route=%2Fwp%2Fv2%2Fcategories&post=161387"},{"taxonomy":"post_tag","embeddable":true,"href":"https:\/\/www.villaeducativa.edu.mx\/newspaper\/index.php?rest_route=%2Fwp%2Fv2%2Ftags&post=161387"}],"curies":[{"name":"wp","href":"https:\/\/api.w.org\/{rel}","templated":true}]}}