{"id":161219,"date":"2026-03-24T07:45:00","date_gmt":"2026-03-24T13:45:00","guid":{"rendered":"https:\/\/www.villaeducativa.edu.mx\/newspaper\/?p=161219"},"modified":"2026-03-23T13:21:35","modified_gmt":"2026-03-23T19:21:35","slug":"torneo-de-ajedrez","status":"publish","type":"post","link":"https:\/\/www.villaeducativa.edu.mx\/newspaper\/?p=161219","title":{"rendered":"Torneo de Ajedrez"},"content":{"rendered":"\n<p>La semana pasada, Villa High celebr\u00f3 su tradicional Torneo de Ajedrez como parte de la <strong>Semana de la Cultura<\/strong>. Un total de 30 estudiantes, desde sexto grado hasta tercer grado se secundaria, participaron en un ambiente de sana competencia y entusiasmo.<\/p>\n\n\n\n<p>El gran ganador fue Mateo Rivera, estudiante de primer grado, quien se coron\u00f3 campe\u00f3n y recibi\u00f3 un diploma, una medalla y un tablero de ajedrez como reconocimiento a su destacada actuaci\u00f3n. Todos los participantes sumaron puntos para sus respectivas casas, fortaleciendo el esp\u00edritu de equipo y colaboraci\u00f3n.<\/p>\n\n\n\n<p>La comunidad escolar agradece especialmente al Profesor Adri\u00e1n, cuya dedicaci\u00f3n y apoyo fueron fundamentales para la organizaci\u00f3n y el \u00e9xito del evento. El torneo reafirm\u00f3 que el ajedrez es m\u00e1s que un juego: es una herramienta de aprendizaje, estrategia y uni\u00f3n escolar.<\/p>\n\n\n\n<ul><li><strong>1er lugar <\/strong>&#8211; Mateo Rivera<\/li><li><strong>2o lugar <\/strong>&#8211; Adri\u00e1n Leal<\/li><li><strong>3er lugar<\/strong> &#8211; Mateo Mondrag\u00f3n<\/li><li><strong>Alumno destacado de 6o grado<\/strong> &#8211; Julia Gonz\u00e1lez&nbsp;<\/li><\/ul>\n\n\n\n\n\n<div class=\"ngg-galleryoverview ngg-slideshow\"\n\t id=\"ngg-slideshow-f47bbd7e7271c7499c4dff5d59f8aef9-6631259810\"\n     data-gallery-id=\"f47bbd7e7271c7499c4dff5d59f8aef9\"\n     style=\"max-width: 600px; max-height: 450px;\">\n\n \t<div id=\"ngg-image-0\" class=\"ngg-gallery-slideshow-image\" style=\"height:450px\">\n\n        <a href=\"https:\/\/www.villaeducativa.edu.mx\/newspaper\/wp-content\/gallery\/29-torneoajedrezvh\/WhatsApp-Image-2026-03-19-at-13.28.54-1.jpg\"\n           title=\"\"\n           data-src=\"https:\/\/www.villaeducativa.edu.mx\/newspaper\/wp-content\/gallery\/29-torneoajedrezvh\/WhatsApp-Image-2026-03-19-at-13.28.54-1.jpg\"\n           data-thumbnail=\"https:\/\/www.villaeducativa.edu.mx\/newspaper\/wp-content\/gallery\/29-torneoajedrezvh\/thumbs\/thumbs_WhatsApp-Image-2026-03-19-at-13.28.54-1.jpg\"\n           data-image-id=\"86946\"\n           data-title=\"WhatsApp-Image-2026-03-19-at-13.28.54-1\"\n           data-description=\"\"\n           class=\"ngg-fancybox\" rel=\"f47bbd7e7271c7499c4dff5d59f8aef9\">\n\n            <img data-image-id='86946'\n                 title=\"\"\n                 alt=\"WhatsApp-Image-2026-03-19-at-13.28.54-1\"\n                 src=\"https:\/\/www.villaeducativa.edu.mx\/newspaper\/wp-content\/gallery\/29-torneoajedrezvh\/WhatsApp-Image-2026-03-19-at-13.28.54-1.jpg\"\n                 style=\"max-height: 430px;\"\/>\n        <\/a>\n\n        <\/div> \n<div id=\"ngg-image-1\" class=\"ngg-gallery-slideshow-image\" style=\"height:450px\">\n\n        <a href=\"https:\/\/www.villaeducativa.edu.mx\/newspaper\/wp-content\/gallery\/29-torneoajedrezvh\/WhatsApp-Image-2026-03-19-at-13.28.54.jpg\"\n           title=\"\"\n           data-src=\"https:\/\/www.villaeducativa.edu.mx\/newspaper\/wp-content\/gallery\/29-torneoajedrezvh\/WhatsApp-Image-2026-03-19-at-13.28.54.jpg\"\n           data-thumbnail=\"https:\/\/www.villaeducativa.edu.mx\/newspaper\/wp-content\/gallery\/29-torneoajedrezvh\/thumbs\/thumbs_WhatsApp-Image-2026-03-19-at-13.28.54.jpg\"\n           data-image-id=\"86947\"\n           data-title=\"WhatsApp-Image-2026-03-19-at-13.28.54\"\n           data-description=\"\"\n           class=\"ngg-fancybox\" rel=\"f47bbd7e7271c7499c4dff5d59f8aef9\">\n\n            <img data-image-id='86947'\n                 title=\"\"\n                 alt=\"WhatsApp-Image-2026-03-19-at-13.28.54\"\n                 src=\"https:\/\/www.villaeducativa.edu.mx\/newspaper\/wp-content\/gallery\/29-torneoajedrezvh\/WhatsApp-Image-2026-03-19-at-13.28.54.jpg\"\n                 style=\"max-height: 430px;\"\/>\n        <\/a>\n\n        <\/div> \n<div id=\"ngg-image-2\" class=\"ngg-gallery-slideshow-image\" style=\"height:450px\">\n\n        <a href=\"https:\/\/www.villaeducativa.edu.mx\/newspaper\/wp-content\/gallery\/29-torneoajedrezvh\/WhatsApp-Image-2026-03-19-at-13.28.55-1.jpg\"\n           title=\"\"\n           data-src=\"https:\/\/www.villaeducativa.edu.mx\/newspaper\/wp-content\/gallery\/29-torneoajedrezvh\/WhatsApp-Image-2026-03-19-at-13.28.55-1.jpg\"\n           data-thumbnail=\"https:\/\/www.villaeducativa.edu.mx\/newspaper\/wp-content\/gallery\/29-torneoajedrezvh\/thumbs\/thumbs_WhatsApp-Image-2026-03-19-at-13.28.55-1.jpg\"\n           data-image-id=\"86948\"\n           data-title=\"WhatsApp-Image-2026-03-19-at-13.28.55-1\"\n           data-description=\"\"\n           class=\"ngg-fancybox\" rel=\"f47bbd7e7271c7499c4dff5d59f8aef9\">\n\n            <img data-image-id='86948'\n                 title=\"\"\n                 alt=\"WhatsApp-Image-2026-03-19-at-13.28.55-1\"\n                 src=\"https:\/\/www.villaeducativa.edu.mx\/newspaper\/wp-content\/gallery\/29-torneoajedrezvh\/WhatsApp-Image-2026-03-19-at-13.28.55-1.jpg\"\n                 style=\"max-height: 430px;\"\/>\n        <\/a>\n\n        <\/div> \n<div id=\"ngg-image-3\" class=\"ngg-gallery-slideshow-image\" style=\"height:450px\">\n\n        <a href=\"https:\/\/www.villaeducativa.edu.mx\/newspaper\/wp-content\/gallery\/29-torneoajedrezvh\/WhatsApp-Image-2026-03-19-at-13.28.55.jpg\"\n           title=\"\"\n           data-src=\"https:\/\/www.villaeducativa.edu.mx\/newspaper\/wp-content\/gallery\/29-torneoajedrezvh\/WhatsApp-Image-2026-03-19-at-13.28.55.jpg\"\n           data-thumbnail=\"https:\/\/www.villaeducativa.edu.mx\/newspaper\/wp-content\/gallery\/29-torneoajedrezvh\/thumbs\/thumbs_WhatsApp-Image-2026-03-19-at-13.28.55.jpg\"\n           data-image-id=\"86949\"\n           data-title=\"WhatsApp-Image-2026-03-19-at-13.28.55\"\n           data-description=\"\"\n           class=\"ngg-fancybox\" rel=\"f47bbd7e7271c7499c4dff5d59f8aef9\">\n\n            <img data-image-id='86949'\n                 title=\"\"\n                 alt=\"WhatsApp-Image-2026-03-19-at-13.28.55\"\n                 src=\"https:\/\/www.villaeducativa.edu.mx\/newspaper\/wp-content\/gallery\/29-torneoajedrezvh\/WhatsApp-Image-2026-03-19-at-13.28.55.jpg\"\n                 style=\"max-height: 430px;\"\/>\n        <\/a>\n\n        <\/div> \n<\/div>\n\n\n\n\n\n\n\n<p><strong><span class=\"has-inline-color has-vivid-cyan-blue-color\">James Abad<br><\/span><\/strong><span class=\"has-inline-color has-vivid-cyan-blue-color\"><em>Villa High Principal<\/em><\/span><\/p>\n","protected":false},"excerpt":{"rendered":"<p>La semana pasada, Villa High celebr\u00f3 su tradicional Torneo de Ajedrez como parte de la Semana de la Cultura. Un total de 30 estudiantes, desde sexto grado hasta tercer grado se secundaria, participaron en un ambiente de sana competencia y entusiasmo. El gran ganador fue Mateo Rivera, estudiante de primer&hellip; <\/p>\n","protected":false},"author":2,"featured_media":161226,"comment_status":"closed","ping_status":"closed","sticky":false,"template":"","format":"standard","meta":{"ngg_post_thumbnail":0},"categories":[4],"tags":[],"_links":{"self":[{"href":"https:\/\/www.villaeducativa.edu.mx\/newspaper\/index.php?rest_route=\/wp\/v2\/posts\/161219"}],"collection":[{"href":"https:\/\/www.villaeducativa.edu.mx\/newspaper\/index.php?rest_route=\/wp\/v2\/posts"}],"about":[{"href":"https:\/\/www.villaeducativa.edu.mx\/newspaper\/index.php?rest_route=\/wp\/v2\/types\/post"}],"author":[{"embeddable":true,"href":"https:\/\/www.villaeducativa.edu.mx\/newspaper\/index.php?rest_route=\/wp\/v2\/users\/2"}],"replies":[{"embeddable":true,"href":"https:\/\/www.villaeducativa.edu.mx\/newspaper\/index.php?rest_route=%2Fwp%2Fv2%2Fcomments&post=161219"}],"version-history":[{"count":2,"href":"https:\/\/www.villaeducativa.edu.mx\/newspaper\/index.php?rest_route=\/wp\/v2\/posts\/161219\/revisions"}],"predecessor-version":[{"id":161438,"href":"https:\/\/www.villaeducativa.edu.mx\/newspaper\/index.php?rest_route=\/wp\/v2\/posts\/161219\/revisions\/161438"}],"wp:featuredmedia":[{"embeddable":true,"href":"https:\/\/www.villaeducativa.edu.mx\/newspaper\/index.php?rest_route=\/wp\/v2\/media\/161226"}],"wp:attachment":[{"href":"https:\/\/www.villaeducativa.edu.mx\/newspaper\/index.php?rest_route=%2Fwp%2Fv2%2Fmedia&parent=161219"}],"wp:term":[{"taxonomy":"category","embeddable":true,"href":"https:\/\/www.villaeducativa.edu.mx\/newspaper\/index.php?rest_route=%2Fwp%2Fv2%2Fcategories&post=161219"},{"taxonomy":"post_tag","embeddable":true,"href":"https:\/\/www.villaeducativa.edu.mx\/newspaper\/index.php?rest_route=%2Fwp%2Fv2%2Ftags&post=161219"}],"curies":[{"name":"wp","href":"https:\/\/api.w.org\/{rel}","templated":true}]}}