{"id":161014,"date":"2026-03-17T07:55:00","date_gmt":"2026-03-17T13:55:00","guid":{"rendered":"https:\/\/www.villaeducativa.edu.mx\/newspaper\/?p=161014"},"modified":"2026-03-17T10:51:20","modified_gmt":"2026-03-17T16:51:20","slug":"reflect-3","status":"publish","type":"post","link":"https:\/\/www.villaeducativa.edu.mx\/newspaper\/?p=161014","title":{"rendered":"REflect"},"content":{"rendered":"\n<p>Ya terminamos el segundo trimestre del ciclo escolar. Es el momento oportuno de platicar con los profesores sobre el desempe\u00f1o de su hijo.<\/p>\n\n\n\n<p>La primera sesi\u00f3n de&nbsp;REflect&nbsp;se llevar\u00e1 a cabo el viernes 27 de marzo en los siguientes horarios:<\/p>\n\n\n\n<ul><li><strong>1A, 2A, 3A<\/strong>&nbsp;\u2013 8:00 a.m. a 9:00 a.m.<\/li><li><strong>1B, 2B, 3B&nbsp;<\/strong>\u2013 9:00 a.m. a 10:00 a.m.<\/li><li><strong>1C, 2C, 3C&nbsp;<\/strong>\u2013 10:00 a.m. a 11:00 a.m.<\/li><li><strong>1D, 2D, 3D<\/strong>&nbsp;\u2013 11:00 a.m. a 12:00 p.m.<\/li><\/ul>\n\n\n\n<p>Les pedimos ser puntuales en el horario asignado. No hay necesidad de reservar, al entrar les entregamos un boleto para pasar con los profesores con los cuales quiere platicar. Es importante que venga su hijo con ustedes, ya que ellos saben sus \u00e1reas de oportunidad para el siguiente periodo y las fortalezas que deben mantener.<\/p>\n\n\n\n<p>El viernes 27 de marzo es Consejo T\u00e9cnico Escolar y no habr\u00e1 clases. Cualquier duda me pueden escribir al correo&nbsp;<a rel=\"noreferrer noopener\" href=\"mailto:jamesabad@villaeducativa.edu.mx\" target=\"_blank\"><strong><em><span class=\"has-inline-color has-vivid-cyan-blue-color\">jamesabad@villaeducativa.edu.mx<\/span><\/em><\/strong><\/a><\/p>\n\n\n\n<p><strong><span class=\"has-inline-color has-vivid-cyan-blue-color\">James Abad<br><\/span><\/strong><em><span class=\"has-inline-color has-vivid-cyan-blue-color\">Villa High School Principal<\/span><\/em><\/p>\n","protected":false},"excerpt":{"rendered":"<p>Ya terminamos el segundo trimestre del ciclo escolar. Es el momento oportuno de platicar con los profesores sobre el desempe\u00f1o de su hijo. La primera sesi\u00f3n de&nbsp;REflect&nbsp;se llevar\u00e1 a cabo el viernes 27 de marzo en los siguientes horarios: 1A, 2A, 3A&nbsp;\u2013 8:00 a.m. a 9:00 a.m. 1B, 2B, 3B&nbsp;\u2013&hellip; <\/p>\n","protected":false},"author":2,"featured_media":161042,"comment_status":"closed","ping_status":"closed","sticky":false,"template":"","format":"standard","meta":{"ngg_post_thumbnail":0},"categories":[4],"tags":[],"_links":{"self":[{"href":"https:\/\/www.villaeducativa.edu.mx\/newspaper\/index.php?rest_route=\/wp\/v2\/posts\/161014"}],"collection":[{"href":"https:\/\/www.villaeducativa.edu.mx\/newspaper\/index.php?rest_route=\/wp\/v2\/posts"}],"about":[{"href":"https:\/\/www.villaeducativa.edu.mx\/newspaper\/index.php?rest_route=\/wp\/v2\/types\/post"}],"author":[{"embeddable":true,"href":"https:\/\/www.villaeducativa.edu.mx\/newspaper\/index.php?rest_route=\/wp\/v2\/users\/2"}],"replies":[{"embeddable":true,"href":"https:\/\/www.villaeducativa.edu.mx\/newspaper\/index.php?rest_route=%2Fwp%2Fv2%2Fcomments&post=161014"}],"version-history":[{"count":2,"href":"https:\/\/www.villaeducativa.edu.mx\/newspaper\/index.php?rest_route=\/wp\/v2\/posts\/161014\/revisions"}],"predecessor-version":[{"id":161043,"href":"https:\/\/www.villaeducativa.edu.mx\/newspaper\/index.php?rest_route=\/wp\/v2\/posts\/161014\/revisions\/161043"}],"wp:featuredmedia":[{"embeddable":true,"href":"https:\/\/www.villaeducativa.edu.mx\/newspaper\/index.php?rest_route=\/wp\/v2\/media\/161042"}],"wp:attachment":[{"href":"https:\/\/www.villaeducativa.edu.mx\/newspaper\/index.php?rest_route=%2Fwp%2Fv2%2Fmedia&parent=161014"}],"wp:term":[{"taxonomy":"category","embeddable":true,"href":"https:\/\/www.villaeducativa.edu.mx\/newspaper\/index.php?rest_route=%2Fwp%2Fv2%2Fcategories&post=161014"},{"taxonomy":"post_tag","embeddable":true,"href":"https:\/\/www.villaeducativa.edu.mx\/newspaper\/index.php?rest_route=%2Fwp%2Fv2%2Ftags&post=161014"}],"curies":[{"name":"wp","href":"https:\/\/api.w.org\/{rel}","templated":true}]}}