{"id":157824,"date":"2026-03-03T08:23:00","date_gmt":"2026-03-03T14:23:00","guid":{"rendered":"https:\/\/www.villaeducativa.edu.mx\/newspaper\/?p=157824"},"modified":"2026-03-02T18:58:36","modified_gmt":"2026-03-03T00:58:36","slug":"2o-cuidame-tambien-soy-tu-casa","status":"publish","type":"post","link":"https:\/\/www.villaeducativa.edu.mx\/newspaper\/?p=157824","title":{"rendered":"2o: Cu\u00eddame, tambi\u00e9n soy tu casa"},"content":{"rendered":"\n<p>Los alumnos de segundo grado trabajan con entusiasmo en un proyecto para sensibilizar a la comunidad de Villa Educativa sobre el cuidado del planeta. Elaboran carteles con dibujos y mensajes que promueven el cuidado del medio ambiente, la preservaci\u00f3n del agua y la separaci\u00f3n de basura.<\/p>\n\n\n\n<p>Sus trabajos, adem\u00e1s de decorar los pasillos, nos recuerdan que todos podemos marcar la diferencia. Felicitamos a los alumnos por su compromiso y por demostrar que el futuro del planeta est\u00e1 en nuestras manos.<\/p>\n\n\n\n\n\n<div class=\"ngg-galleryoverview ngg-slideshow\"\n\t id=\"ngg-slideshow-a1633270720c8ce092135797e0fe6e54-8715015440\"\n     data-gallery-id=\"a1633270720c8ce092135797e0fe6e54\"\n     style=\"max-width: 600px; max-height: 400px;\">\n\n \t<div id=\"ngg-image-0\" class=\"ngg-gallery-slideshow-image\" style=\"height:400px\">\n\n        <a href=\"https:\/\/www.villaeducativa.edu.mx\/newspaper\/wp-content\/gallery\/26-medioambiente\/IMG20260219102800.jpg\"\n           title=\"\"\n           data-src=\"https:\/\/www.villaeducativa.edu.mx\/newspaper\/wp-content\/gallery\/26-medioambiente\/IMG20260219102800.jpg\"\n           data-thumbnail=\"https:\/\/www.villaeducativa.edu.mx\/newspaper\/wp-content\/gallery\/26-medioambiente\/thumbs\/thumbs_IMG20260219102800.jpg\"\n           data-image-id=\"84006\"\n           data-title=\"IMG20260219102800\"\n           data-description=\"\"\n           class=\"ngg-fancybox\" rel=\"a1633270720c8ce092135797e0fe6e54\">\n\n            <img data-image-id='84006'\n                 title=\"\"\n                 alt=\"IMG20260219102800\"\n                 src=\"https:\/\/www.villaeducativa.edu.mx\/newspaper\/wp-content\/gallery\/26-medioambiente\/IMG20260219102800.jpg\"\n                 style=\"max-height: 380px;\"\/>\n        <\/a>\n\n        <\/div> \n<div id=\"ngg-image-1\" class=\"ngg-gallery-slideshow-image\" style=\"height:400px\">\n\n        <a href=\"https:\/\/www.villaeducativa.edu.mx\/newspaper\/wp-content\/gallery\/26-medioambiente\/IMG20260219102809.jpg\"\n           title=\"\"\n           data-src=\"https:\/\/www.villaeducativa.edu.mx\/newspaper\/wp-content\/gallery\/26-medioambiente\/IMG20260219102809.jpg\"\n           data-thumbnail=\"https:\/\/www.villaeducativa.edu.mx\/newspaper\/wp-content\/gallery\/26-medioambiente\/thumbs\/thumbs_IMG20260219102809.jpg\"\n           data-image-id=\"84007\"\n           data-title=\"IMG20260219102809\"\n           data-description=\"\"\n           class=\"ngg-fancybox\" rel=\"a1633270720c8ce092135797e0fe6e54\">\n\n            <img data-image-id='84007'\n                 title=\"\"\n                 alt=\"IMG20260219102809\"\n                 src=\"https:\/\/www.villaeducativa.edu.mx\/newspaper\/wp-content\/gallery\/26-medioambiente\/IMG20260219102809.jpg\"\n                 style=\"max-height: 380px;\"\/>\n        <\/a>\n\n        <\/div> \n<div id=\"ngg-image-2\" class=\"ngg-gallery-slideshow-image\" style=\"height:400px\">\n\n        <a href=\"https:\/\/www.villaeducativa.edu.mx\/newspaper\/wp-content\/gallery\/26-medioambiente\/IMG20260219102908.jpg\"\n           title=\"\"\n           data-src=\"https:\/\/www.villaeducativa.edu.mx\/newspaper\/wp-content\/gallery\/26-medioambiente\/IMG20260219102908.jpg\"\n           data-thumbnail=\"https:\/\/www.villaeducativa.edu.mx\/newspaper\/wp-content\/gallery\/26-medioambiente\/thumbs\/thumbs_IMG20260219102908.jpg\"\n           data-image-id=\"84008\"\n           data-title=\"IMG20260219102908\"\n           data-description=\"\"\n           class=\"ngg-fancybox\" rel=\"a1633270720c8ce092135797e0fe6e54\">\n\n            <img data-image-id='84008'\n                 title=\"\"\n                 alt=\"IMG20260219102908\"\n                 src=\"https:\/\/www.villaeducativa.edu.mx\/newspaper\/wp-content\/gallery\/26-medioambiente\/IMG20260219102908.jpg\"\n                 style=\"max-height: 380px;\"\/>\n        <\/a>\n\n        <\/div> \n<div id=\"ngg-image-3\" class=\"ngg-gallery-slideshow-image\" style=\"height:400px\">\n\n        <a href=\"https:\/\/www.villaeducativa.edu.mx\/newspaper\/wp-content\/gallery\/26-medioambiente\/IMG20260219103032.jpg\"\n           title=\"\"\n           data-src=\"https:\/\/www.villaeducativa.edu.mx\/newspaper\/wp-content\/gallery\/26-medioambiente\/IMG20260219103032.jpg\"\n           data-thumbnail=\"https:\/\/www.villaeducativa.edu.mx\/newspaper\/wp-content\/gallery\/26-medioambiente\/thumbs\/thumbs_IMG20260219103032.jpg\"\n           data-image-id=\"84009\"\n           data-title=\"IMG20260219103032\"\n           data-description=\"\"\n           class=\"ngg-fancybox\" rel=\"a1633270720c8ce092135797e0fe6e54\">\n\n            <img data-image-id='84009'\n                 title=\"\"\n                 alt=\"IMG20260219103032\"\n                 src=\"https:\/\/www.villaeducativa.edu.mx\/newspaper\/wp-content\/gallery\/26-medioambiente\/IMG20260219103032.jpg\"\n                 style=\"max-height: 380px;\"\/>\n        <\/a>\n\n        <\/div> \n<div id=\"ngg-image-4\" class=\"ngg-gallery-slideshow-image\" style=\"height:400px\">\n\n        <a href=\"https:\/\/www.villaeducativa.edu.mx\/newspaper\/wp-content\/gallery\/26-medioambiente\/IMG20260219103040.jpg\"\n           title=\"\"\n           data-src=\"https:\/\/www.villaeducativa.edu.mx\/newspaper\/wp-content\/gallery\/26-medioambiente\/IMG20260219103040.jpg\"\n           data-thumbnail=\"https:\/\/www.villaeducativa.edu.mx\/newspaper\/wp-content\/gallery\/26-medioambiente\/thumbs\/thumbs_IMG20260219103040.jpg\"\n           data-image-id=\"84010\"\n           data-title=\"IMG20260219103040\"\n           data-description=\"\"\n           class=\"ngg-fancybox\" rel=\"a1633270720c8ce092135797e0fe6e54\">\n\n            <img data-image-id='84010'\n                 title=\"\"\n                 alt=\"IMG20260219103040\"\n                 src=\"https:\/\/www.villaeducativa.edu.mx\/newspaper\/wp-content\/gallery\/26-medioambiente\/IMG20260219103040.jpg\"\n                 style=\"max-height: 380px;\"\/>\n        <\/a>\n\n        <\/div> \n<\/div>\n\n\n\n\n\n\n\n<p><strong><span class=\"has-inline-color has-vivid-cyan-blue-color\">Samantha&nbsp;Estrada<br><\/span><\/strong><span class=\"has-inline-color has-vivid-cyan-blue-color\"><em>Docente Espa\u00f1ol 2o grado<\/em><\/span><\/p>\n","protected":false},"excerpt":{"rendered":"<p>Los alumnos de segundo grado trabajan con entusiasmo en un proyecto para sensibilizar a la comunidad de Villa Educativa sobre el cuidado del planeta. Elaboran carteles con dibujos y mensajes que promueven el cuidado del medio ambiente, la preservaci\u00f3n del agua y la separaci\u00f3n de basura. Sus trabajos, adem\u00e1s de&hellip; <\/p>\n","protected":false},"author":2,"featured_media":157831,"comment_status":"closed","ping_status":"closed","sticky":false,"template":"","format":"standard","meta":{"ngg_post_thumbnail":0},"categories":[3],"tags":[],"_links":{"self":[{"href":"https:\/\/www.villaeducativa.edu.mx\/newspaper\/index.php?rest_route=\/wp\/v2\/posts\/157824"}],"collection":[{"href":"https:\/\/www.villaeducativa.edu.mx\/newspaper\/index.php?rest_route=\/wp\/v2\/posts"}],"about":[{"href":"https:\/\/www.villaeducativa.edu.mx\/newspaper\/index.php?rest_route=\/wp\/v2\/types\/post"}],"author":[{"embeddable":true,"href":"https:\/\/www.villaeducativa.edu.mx\/newspaper\/index.php?rest_route=\/wp\/v2\/users\/2"}],"replies":[{"embeddable":true,"href":"https:\/\/www.villaeducativa.edu.mx\/newspaper\/index.php?rest_route=%2Fwp%2Fv2%2Fcomments&post=157824"}],"version-history":[{"count":2,"href":"https:\/\/www.villaeducativa.edu.mx\/newspaper\/index.php?rest_route=\/wp\/v2\/posts\/157824\/revisions"}],"predecessor-version":[{"id":158311,"href":"https:\/\/www.villaeducativa.edu.mx\/newspaper\/index.php?rest_route=\/wp\/v2\/posts\/157824\/revisions\/158311"}],"wp:featuredmedia":[{"embeddable":true,"href":"https:\/\/www.villaeducativa.edu.mx\/newspaper\/index.php?rest_route=\/wp\/v2\/media\/157831"}],"wp:attachment":[{"href":"https:\/\/www.villaeducativa.edu.mx\/newspaper\/index.php?rest_route=%2Fwp%2Fv2%2Fmedia&parent=157824"}],"wp:term":[{"taxonomy":"category","embeddable":true,"href":"https:\/\/www.villaeducativa.edu.mx\/newspaper\/index.php?rest_route=%2Fwp%2Fv2%2Fcategories&post=157824"},{"taxonomy":"post_tag","embeddable":true,"href":"https:\/\/www.villaeducativa.edu.mx\/newspaper\/index.php?rest_route=%2Fwp%2Fv2%2Ftags&post=157824"}],"curies":[{"name":"wp","href":"https:\/\/api.w.org\/{rel}","templated":true}]}}