{"id":156384,"date":"2026-02-24T07:20:00","date_gmt":"2026-02-24T13:20:00","guid":{"rendered":"https:\/\/www.villaeducativa.edu.mx\/newspaper\/?p=156384"},"modified":"2026-02-24T11:18:29","modified_gmt":"2026-02-24T17:18:29","slug":"box","status":"publish","type":"post","link":"https:\/\/www.villaeducativa.edu.mx\/newspaper\/?p=156384","title":{"rendered":"Box: Beneficios f\u00edsicos y valores"},"content":{"rendered":"\n<p>Con gran entusiasmo, nuestros alumnos participan en la clase de Box, una actividad que no solo fortalece el cuerpo, sino tambi\u00e9n el car\u00e1cter. A trav\u00e9s de din\u00e1micas divertidas y ejercicios adaptados a su edad, los estudiantes desarrollan coordinaci\u00f3n, resistencia, agilidad y disciplina.<\/p>\n\n\n\n<p>Durante la sesi\u00f3n, los alumnos comienzan con un calentamiento general para preparar el cuerpo y evitar lesiones. Posteriormente, practican movimientos b\u00e1sicos como desplazamientos, guardia y combinaciones sencillas de golpeo en costales y manoplas, siempre bajo la supervisi\u00f3n del instructor y siguiendo estrictas medidas de seguridad.<\/p>\n\n\n\n<p>Adem\u00e1s de los beneficios f\u00edsicos, la clase de box promueve valores fundamentales como el respeto, el autocontrol y el trabajo en equipo. Los alumnos aprenden que el boxeo no se trata de pelear, sino de canalizar la energ\u00eda de manera positiva, mejorar la concentraci\u00f3n y fortalecer la confianza en s\u00ed mismos.<\/p>\n\n\n\n<p>Sin duda, esta actividad se ha convertido en una de las favoritas, ya que les permite liberar energ\u00eda, divertirse y al mismo tiempo adquirir h\u00e1bitos saludables.<\/p>\n\n\n\n\n\n<div class=\"ngg-galleryoverview ngg-slideshow\"\n\t id=\"ngg-slideshow-0bc7650d05df9a5e3c5aeb7afb7e01bd-13846855180\"\n     data-gallery-id=\"0bc7650d05df9a5e3c5aeb7afb7e01bd\"\n     style=\"max-width: 600px; max-height: 500px;\">\n\n \t<div id=\"ngg-image-0\" class=\"ngg-gallery-slideshow-image\" style=\"height:500px\">\n\n        <a href=\"https:\/\/www.villaeducativa.edu.mx\/newspaper\/wp-content\/gallery\/25-boxfebrero\/e4a421ae-6665-4160-85a7-31d5dbe15387.jpg\"\n           title=\"\"\n           data-src=\"https:\/\/www.villaeducativa.edu.mx\/newspaper\/wp-content\/gallery\/25-boxfebrero\/e4a421ae-6665-4160-85a7-31d5dbe15387.jpg\"\n           data-thumbnail=\"https:\/\/www.villaeducativa.edu.mx\/newspaper\/wp-content\/gallery\/25-boxfebrero\/thumbs\/thumbs_e4a421ae-6665-4160-85a7-31d5dbe15387.jpg\"\n           data-image-id=\"82759\"\n           data-title=\"e4a421ae-6665-4160-85a7-31d5dbe15387\"\n           data-description=\"\"\n           class=\"ngg-fancybox\" rel=\"0bc7650d05df9a5e3c5aeb7afb7e01bd\">\n\n            <img data-image-id='82759'\n                 title=\"\"\n                 alt=\"e4a421ae-6665-4160-85a7-31d5dbe15387\"\n                 src=\"https:\/\/www.villaeducativa.edu.mx\/newspaper\/wp-content\/gallery\/25-boxfebrero\/e4a421ae-6665-4160-85a7-31d5dbe15387.jpg\"\n                 style=\"max-height: 480px;\"\/>\n        <\/a>\n\n        <\/div> \n<div id=\"ngg-image-1\" class=\"ngg-gallery-slideshow-image\" style=\"height:500px\">\n\n        <a href=\"https:\/\/www.villaeducativa.edu.mx\/newspaper\/wp-content\/gallery\/25-boxfebrero\/PHOTO-2026-02-11-16-37-13.jpg\"\n           title=\"\"\n           data-src=\"https:\/\/www.villaeducativa.edu.mx\/newspaper\/wp-content\/gallery\/25-boxfebrero\/PHOTO-2026-02-11-16-37-13.jpg\"\n           data-thumbnail=\"https:\/\/www.villaeducativa.edu.mx\/newspaper\/wp-content\/gallery\/25-boxfebrero\/thumbs\/thumbs_PHOTO-2026-02-11-16-37-13.jpg\"\n           data-image-id=\"82760\"\n           data-title=\"PHOTO-2026-02-11-16-37-13\"\n           data-description=\"\"\n           class=\"ngg-fancybox\" rel=\"0bc7650d05df9a5e3c5aeb7afb7e01bd\">\n\n            <img data-image-id='82760'\n                 title=\"\"\n                 alt=\"PHOTO-2026-02-11-16-37-13\"\n                 src=\"https:\/\/www.villaeducativa.edu.mx\/newspaper\/wp-content\/gallery\/25-boxfebrero\/PHOTO-2026-02-11-16-37-13.jpg\"\n                 style=\"max-height: 480px;\"\/>\n        <\/a>\n\n        <\/div> \n<div id=\"ngg-image-2\" class=\"ngg-gallery-slideshow-image\" style=\"height:500px\">\n\n        <a href=\"https:\/\/www.villaeducativa.edu.mx\/newspaper\/wp-content\/gallery\/25-boxfebrero\/PHOTO-2026-02-11-16-37-141.jpg\"\n           title=\"\"\n           data-src=\"https:\/\/www.villaeducativa.edu.mx\/newspaper\/wp-content\/gallery\/25-boxfebrero\/PHOTO-2026-02-11-16-37-141.jpg\"\n           data-thumbnail=\"https:\/\/www.villaeducativa.edu.mx\/newspaper\/wp-content\/gallery\/25-boxfebrero\/thumbs\/thumbs_PHOTO-2026-02-11-16-37-141.jpg\"\n           data-image-id=\"82761\"\n           data-title=\"PHOTO-2026-02-11-16-37-141\"\n           data-description=\"\"\n           class=\"ngg-fancybox\" rel=\"0bc7650d05df9a5e3c5aeb7afb7e01bd\">\n\n            <img data-image-id='82761'\n                 title=\"\"\n                 alt=\"PHOTO-2026-02-11-16-37-141\"\n                 src=\"https:\/\/www.villaeducativa.edu.mx\/newspaper\/wp-content\/gallery\/25-boxfebrero\/PHOTO-2026-02-11-16-37-141.jpg\"\n                 style=\"max-height: 480px;\"\/>\n        <\/a>\n\n        <\/div> \n<div id=\"ngg-image-3\" class=\"ngg-gallery-slideshow-image\" style=\"height:500px\">\n\n        <a href=\"https:\/\/www.villaeducativa.edu.mx\/newspaper\/wp-content\/gallery\/25-boxfebrero\/PHOTO-2026-02-11-16-37-14.jpg\"\n           title=\"\"\n           data-src=\"https:\/\/www.villaeducativa.edu.mx\/newspaper\/wp-content\/gallery\/25-boxfebrero\/PHOTO-2026-02-11-16-37-14.jpg\"\n           data-thumbnail=\"https:\/\/www.villaeducativa.edu.mx\/newspaper\/wp-content\/gallery\/25-boxfebrero\/thumbs\/thumbs_PHOTO-2026-02-11-16-37-14.jpg\"\n           data-image-id=\"82762\"\n           data-title=\"PHOTO-2026-02-11-16-37-14\"\n           data-description=\"\"\n           class=\"ngg-fancybox\" rel=\"0bc7650d05df9a5e3c5aeb7afb7e01bd\">\n\n            <img data-image-id='82762'\n                 title=\"\"\n                 alt=\"PHOTO-2026-02-11-16-37-14\"\n                 src=\"https:\/\/www.villaeducativa.edu.mx\/newspaper\/wp-content\/gallery\/25-boxfebrero\/PHOTO-2026-02-11-16-37-14.jpg\"\n                 style=\"max-height: 480px;\"\/>\n        <\/a>\n\n        <\/div> \n<div id=\"ngg-image-4\" class=\"ngg-gallery-slideshow-image\" style=\"height:500px\">\n\n        <a href=\"https:\/\/www.villaeducativa.edu.mx\/newspaper\/wp-content\/gallery\/25-boxfebrero\/PHOTO-2026-02-11-16-37-151.jpg\"\n           title=\"\"\n           data-src=\"https:\/\/www.villaeducativa.edu.mx\/newspaper\/wp-content\/gallery\/25-boxfebrero\/PHOTO-2026-02-11-16-37-151.jpg\"\n           data-thumbnail=\"https:\/\/www.villaeducativa.edu.mx\/newspaper\/wp-content\/gallery\/25-boxfebrero\/thumbs\/thumbs_PHOTO-2026-02-11-16-37-151.jpg\"\n           data-image-id=\"82763\"\n           data-title=\"PHOTO-2026-02-11-16-37-151\"\n           data-description=\"\"\n           class=\"ngg-fancybox\" rel=\"0bc7650d05df9a5e3c5aeb7afb7e01bd\">\n\n            <img data-image-id='82763'\n                 title=\"\"\n                 alt=\"PHOTO-2026-02-11-16-37-151\"\n                 src=\"https:\/\/www.villaeducativa.edu.mx\/newspaper\/wp-content\/gallery\/25-boxfebrero\/PHOTO-2026-02-11-16-37-151.jpg\"\n                 style=\"max-height: 480px;\"\/>\n        <\/a>\n\n        <\/div> \n<div id=\"ngg-image-5\" class=\"ngg-gallery-slideshow-image\" style=\"height:500px\">\n\n        <a href=\"https:\/\/www.villaeducativa.edu.mx\/newspaper\/wp-content\/gallery\/25-boxfebrero\/PHOTO-2026-02-11-16-37-152.jpg\"\n           title=\"\"\n           data-src=\"https:\/\/www.villaeducativa.edu.mx\/newspaper\/wp-content\/gallery\/25-boxfebrero\/PHOTO-2026-02-11-16-37-152.jpg\"\n           data-thumbnail=\"https:\/\/www.villaeducativa.edu.mx\/newspaper\/wp-content\/gallery\/25-boxfebrero\/thumbs\/thumbs_PHOTO-2026-02-11-16-37-152.jpg\"\n           data-image-id=\"82764\"\n           data-title=\"PHOTO-2026-02-11-16-37-152\"\n           data-description=\"\"\n           class=\"ngg-fancybox\" rel=\"0bc7650d05df9a5e3c5aeb7afb7e01bd\">\n\n            <img data-image-id='82764'\n                 title=\"\"\n                 alt=\"PHOTO-2026-02-11-16-37-152\"\n                 src=\"https:\/\/www.villaeducativa.edu.mx\/newspaper\/wp-content\/gallery\/25-boxfebrero\/PHOTO-2026-02-11-16-37-152.jpg\"\n                 style=\"max-height: 480px;\"\/>\n        <\/a>\n\n        <\/div> \n<div id=\"ngg-image-6\" class=\"ngg-gallery-slideshow-image\" style=\"height:500px\">\n\n        <a href=\"https:\/\/www.villaeducativa.edu.mx\/newspaper\/wp-content\/gallery\/25-boxfebrero\/PHOTO-2026-02-11-16-37-153.jpg\"\n           title=\"\"\n           data-src=\"https:\/\/www.villaeducativa.edu.mx\/newspaper\/wp-content\/gallery\/25-boxfebrero\/PHOTO-2026-02-11-16-37-153.jpg\"\n           data-thumbnail=\"https:\/\/www.villaeducativa.edu.mx\/newspaper\/wp-content\/gallery\/25-boxfebrero\/thumbs\/thumbs_PHOTO-2026-02-11-16-37-153.jpg\"\n           data-image-id=\"82765\"\n           data-title=\"PHOTO-2026-02-11-16-37-153\"\n           data-description=\"\"\n           class=\"ngg-fancybox\" rel=\"0bc7650d05df9a5e3c5aeb7afb7e01bd\">\n\n            <img data-image-id='82765'\n                 title=\"\"\n                 alt=\"PHOTO-2026-02-11-16-37-153\"\n                 src=\"https:\/\/www.villaeducativa.edu.mx\/newspaper\/wp-content\/gallery\/25-boxfebrero\/PHOTO-2026-02-11-16-37-153.jpg\"\n                 style=\"max-height: 480px;\"\/>\n        <\/a>\n\n        <\/div> \n<div id=\"ngg-image-7\" class=\"ngg-gallery-slideshow-image\" style=\"height:500px\">\n\n        <a href=\"https:\/\/www.villaeducativa.edu.mx\/newspaper\/wp-content\/gallery\/25-boxfebrero\/PHOTO-2026-02-11-16-37-154.jpg\"\n           title=\"\"\n           data-src=\"https:\/\/www.villaeducativa.edu.mx\/newspaper\/wp-content\/gallery\/25-boxfebrero\/PHOTO-2026-02-11-16-37-154.jpg\"\n           data-thumbnail=\"https:\/\/www.villaeducativa.edu.mx\/newspaper\/wp-content\/gallery\/25-boxfebrero\/thumbs\/thumbs_PHOTO-2026-02-11-16-37-154.jpg\"\n           data-image-id=\"82766\"\n           data-title=\"PHOTO-2026-02-11-16-37-154\"\n           data-description=\"\"\n           class=\"ngg-fancybox\" rel=\"0bc7650d05df9a5e3c5aeb7afb7e01bd\">\n\n            <img data-image-id='82766'\n                 title=\"\"\n                 alt=\"PHOTO-2026-02-11-16-37-154\"\n                 src=\"https:\/\/www.villaeducativa.edu.mx\/newspaper\/wp-content\/gallery\/25-boxfebrero\/PHOTO-2026-02-11-16-37-154.jpg\"\n                 style=\"max-height: 480px;\"\/>\n        <\/a>\n\n        <\/div> \n<div id=\"ngg-image-8\" class=\"ngg-gallery-slideshow-image\" style=\"height:500px\">\n\n        <a href=\"https:\/\/www.villaeducativa.edu.mx\/newspaper\/wp-content\/gallery\/25-boxfebrero\/PHOTO-2026-02-11-16-37-16.jpg\"\n           title=\"\"\n           data-src=\"https:\/\/www.villaeducativa.edu.mx\/newspaper\/wp-content\/gallery\/25-boxfebrero\/PHOTO-2026-02-11-16-37-16.jpg\"\n           data-thumbnail=\"https:\/\/www.villaeducativa.edu.mx\/newspaper\/wp-content\/gallery\/25-boxfebrero\/thumbs\/thumbs_PHOTO-2026-02-11-16-37-16.jpg\"\n           data-image-id=\"82767\"\n           data-title=\"PHOTO-2026-02-11-16-37-16\"\n           data-description=\"\"\n           class=\"ngg-fancybox\" rel=\"0bc7650d05df9a5e3c5aeb7afb7e01bd\">\n\n            <img data-image-id='82767'\n                 title=\"\"\n                 alt=\"PHOTO-2026-02-11-16-37-16\"\n                 src=\"https:\/\/www.villaeducativa.edu.mx\/newspaper\/wp-content\/gallery\/25-boxfebrero\/PHOTO-2026-02-11-16-37-16.jpg\"\n                 style=\"max-height: 480px;\"\/>\n        <\/a>\n\n        <\/div> \n<div id=\"ngg-image-9\" class=\"ngg-gallery-slideshow-image\" style=\"height:500px\">\n\n        <a href=\"https:\/\/www.villaeducativa.edu.mx\/newspaper\/wp-content\/gallery\/25-boxfebrero\/PHOTO-2026-02-11-16-37-155.jpg\"\n           title=\"\"\n           data-src=\"https:\/\/www.villaeducativa.edu.mx\/newspaper\/wp-content\/gallery\/25-boxfebrero\/PHOTO-2026-02-11-16-37-155.jpg\"\n           data-thumbnail=\"https:\/\/www.villaeducativa.edu.mx\/newspaper\/wp-content\/gallery\/25-boxfebrero\/thumbs\/thumbs_PHOTO-2026-02-11-16-37-155.jpg\"\n           data-image-id=\"82768\"\n           data-title=\"PHOTO-2026-02-11-16-37-155\"\n           data-description=\"\"\n           class=\"ngg-fancybox\" rel=\"0bc7650d05df9a5e3c5aeb7afb7e01bd\">\n\n            <img data-image-id='82768'\n                 title=\"\"\n                 alt=\"PHOTO-2026-02-11-16-37-155\"\n                 src=\"https:\/\/www.villaeducativa.edu.mx\/newspaper\/wp-content\/gallery\/25-boxfebrero\/PHOTO-2026-02-11-16-37-155.jpg\"\n                 style=\"max-height: 480px;\"\/>\n        <\/a>\n\n        <\/div> \n<div id=\"ngg-image-10\" class=\"ngg-gallery-slideshow-image\" style=\"height:500px\">\n\n        <a href=\"https:\/\/www.villaeducativa.edu.mx\/newspaper\/wp-content\/gallery\/25-boxfebrero\/PHOTO-2026-02-11-16-37-15.jpg\"\n           title=\"\"\n           data-src=\"https:\/\/www.villaeducativa.edu.mx\/newspaper\/wp-content\/gallery\/25-boxfebrero\/PHOTO-2026-02-11-16-37-15.jpg\"\n           data-thumbnail=\"https:\/\/www.villaeducativa.edu.mx\/newspaper\/wp-content\/gallery\/25-boxfebrero\/thumbs\/thumbs_PHOTO-2026-02-11-16-37-15.jpg\"\n           data-image-id=\"82769\"\n           data-title=\"PHOTO-2026-02-11-16-37-15\"\n           data-description=\"\"\n           class=\"ngg-fancybox\" rel=\"0bc7650d05df9a5e3c5aeb7afb7e01bd\">\n\n            <img data-image-id='82769'\n                 title=\"\"\n                 alt=\"PHOTO-2026-02-11-16-37-15\"\n                 src=\"https:\/\/www.villaeducativa.edu.mx\/newspaper\/wp-content\/gallery\/25-boxfebrero\/PHOTO-2026-02-11-16-37-15.jpg\"\n                 style=\"max-height: 480px;\"\/>\n        <\/a>\n\n        <\/div> \n<div id=\"ngg-image-11\" class=\"ngg-gallery-slideshow-image\" style=\"height:500px\">\n\n        <a href=\"https:\/\/www.villaeducativa.edu.mx\/newspaper\/wp-content\/gallery\/25-boxfebrero\/PHOTO-2026-02-18-16-50-28.jpg\"\n           title=\"\"\n           data-src=\"https:\/\/www.villaeducativa.edu.mx\/newspaper\/wp-content\/gallery\/25-boxfebrero\/PHOTO-2026-02-18-16-50-28.jpg\"\n           data-thumbnail=\"https:\/\/www.villaeducativa.edu.mx\/newspaper\/wp-content\/gallery\/25-boxfebrero\/thumbs\/thumbs_PHOTO-2026-02-18-16-50-28.jpg\"\n           data-image-id=\"82770\"\n           data-title=\"PHOTO-2026-02-18-16-50-28\"\n           data-description=\"\"\n           class=\"ngg-fancybox\" rel=\"0bc7650d05df9a5e3c5aeb7afb7e01bd\">\n\n            <img data-image-id='82770'\n                 title=\"\"\n                 alt=\"PHOTO-2026-02-18-16-50-28\"\n                 src=\"https:\/\/www.villaeducativa.edu.mx\/newspaper\/wp-content\/gallery\/25-boxfebrero\/PHOTO-2026-02-18-16-50-28.jpg\"\n                 style=\"max-height: 480px;\"\/>\n        <\/a>\n\n        <\/div> \n<div id=\"ngg-image-12\" class=\"ngg-gallery-slideshow-image\" style=\"height:500px\">\n\n        <a href=\"https:\/\/www.villaeducativa.edu.mx\/newspaper\/wp-content\/gallery\/25-boxfebrero\/PHOTO-2026-02-18-16-49-42.jpg\"\n           title=\"\"\n           data-src=\"https:\/\/www.villaeducativa.edu.mx\/newspaper\/wp-content\/gallery\/25-boxfebrero\/PHOTO-2026-02-18-16-49-42.jpg\"\n           data-thumbnail=\"https:\/\/www.villaeducativa.edu.mx\/newspaper\/wp-content\/gallery\/25-boxfebrero\/thumbs\/thumbs_PHOTO-2026-02-18-16-49-42.jpg\"\n           data-image-id=\"82771\"\n           data-title=\"PHOTO-2026-02-18-16-49-42\"\n           data-description=\"\"\n           class=\"ngg-fancybox\" rel=\"0bc7650d05df9a5e3c5aeb7afb7e01bd\">\n\n            <img data-image-id='82771'\n                 title=\"\"\n                 alt=\"PHOTO-2026-02-18-16-49-42\"\n                 src=\"https:\/\/www.villaeducativa.edu.mx\/newspaper\/wp-content\/gallery\/25-boxfebrero\/PHOTO-2026-02-18-16-49-42.jpg\"\n                 style=\"max-height: 480px;\"\/>\n        <\/a>\n\n        <\/div> \n<div id=\"ngg-image-13\" class=\"ngg-gallery-slideshow-image\" style=\"height:500px\">\n\n        <a href=\"https:\/\/www.villaeducativa.edu.mx\/newspaper\/wp-content\/gallery\/25-boxfebrero\/PHOTO-2026-02-18-16-51-38.jpg\"\n           title=\"\"\n           data-src=\"https:\/\/www.villaeducativa.edu.mx\/newspaper\/wp-content\/gallery\/25-boxfebrero\/PHOTO-2026-02-18-16-51-38.jpg\"\n           data-thumbnail=\"https:\/\/www.villaeducativa.edu.mx\/newspaper\/wp-content\/gallery\/25-boxfebrero\/thumbs\/thumbs_PHOTO-2026-02-18-16-51-38.jpg\"\n           data-image-id=\"82772\"\n           data-title=\"PHOTO-2026-02-18-16-51-38\"\n           data-description=\"\"\n           class=\"ngg-fancybox\" rel=\"0bc7650d05df9a5e3c5aeb7afb7e01bd\">\n\n            <img data-image-id='82772'\n                 title=\"\"\n                 alt=\"PHOTO-2026-02-18-16-51-38\"\n                 src=\"https:\/\/www.villaeducativa.edu.mx\/newspaper\/wp-content\/gallery\/25-boxfebrero\/PHOTO-2026-02-18-16-51-38.jpg\"\n                 style=\"max-height: 480px;\"\/>\n        <\/a>\n\n        <\/div> \n<div id=\"ngg-image-14\" class=\"ngg-gallery-slideshow-image\" style=\"height:500px\">\n\n        <a href=\"https:\/\/www.villaeducativa.edu.mx\/newspaper\/wp-content\/gallery\/25-boxfebrero\/PHOTO-2026-02-18-16-51-37.jpg\"\n           title=\"\"\n           data-src=\"https:\/\/www.villaeducativa.edu.mx\/newspaper\/wp-content\/gallery\/25-boxfebrero\/PHOTO-2026-02-18-16-51-37.jpg\"\n           data-thumbnail=\"https:\/\/www.villaeducativa.edu.mx\/newspaper\/wp-content\/gallery\/25-boxfebrero\/thumbs\/thumbs_PHOTO-2026-02-18-16-51-37.jpg\"\n           data-image-id=\"82773\"\n           data-title=\"PHOTO-2026-02-18-16-51-37\"\n           data-description=\"\"\n           class=\"ngg-fancybox\" rel=\"0bc7650d05df9a5e3c5aeb7afb7e01bd\">\n\n            <img data-image-id='82773'\n                 title=\"\"\n                 alt=\"PHOTO-2026-02-18-16-51-37\"\n                 src=\"https:\/\/www.villaeducativa.edu.mx\/newspaper\/wp-content\/gallery\/25-boxfebrero\/PHOTO-2026-02-18-16-51-37.jpg\"\n                 style=\"max-height: 480px;\"\/>\n        <\/a>\n\n        <\/div> \n<\/div>\n\n\n\n\n\n\n\n<p><strong><span class=\"has-inline-color has-vivid-cyan-blue-color\">Obed Olivares<br><\/span><\/strong><span class=\"has-inline-color has-vivid-cyan-blue-color\"><em>Profesor de Box<\/em><\/span><\/p>\n","protected":false},"excerpt":{"rendered":"<p>Con gran entusiasmo, nuestros alumnos participan en la clase de Box, una actividad que no solo fortalece el cuerpo, sino tambi\u00e9n el car\u00e1cter. A trav\u00e9s de din\u00e1micas divertidas y ejercicios adaptados a su edad, los estudiantes desarrollan coordinaci\u00f3n, resistencia, agilidad y disciplina. Durante la sesi\u00f3n, los alumnos comienzan con un&hellip; <\/p>\n","protected":false},"author":2,"featured_media":156401,"comment_status":"closed","ping_status":"closed","sticky":false,"template":"","format":"standard","meta":{"ngg_post_thumbnail":0},"categories":[5],"tags":[],"_links":{"self":[{"href":"https:\/\/www.villaeducativa.edu.mx\/newspaper\/index.php?rest_route=\/wp\/v2\/posts\/156384"}],"collection":[{"href":"https:\/\/www.villaeducativa.edu.mx\/newspaper\/index.php?rest_route=\/wp\/v2\/posts"}],"about":[{"href":"https:\/\/www.villaeducativa.edu.mx\/newspaper\/index.php?rest_route=\/wp\/v2\/types\/post"}],"author":[{"embeddable":true,"href":"https:\/\/www.villaeducativa.edu.mx\/newspaper\/index.php?rest_route=\/wp\/v2\/users\/2"}],"replies":[{"embeddable":true,"href":"https:\/\/www.villaeducativa.edu.mx\/newspaper\/index.php?rest_route=%2Fwp%2Fv2%2Fcomments&post=156384"}],"version-history":[{"count":2,"href":"https:\/\/www.villaeducativa.edu.mx\/newspaper\/index.php?rest_route=\/wp\/v2\/posts\/156384\/revisions"}],"predecessor-version":[{"id":156840,"href":"https:\/\/www.villaeducativa.edu.mx\/newspaper\/index.php?rest_route=\/wp\/v2\/posts\/156384\/revisions\/156840"}],"wp:featuredmedia":[{"embeddable":true,"href":"https:\/\/www.villaeducativa.edu.mx\/newspaper\/index.php?rest_route=\/wp\/v2\/media\/156401"}],"wp:attachment":[{"href":"https:\/\/www.villaeducativa.edu.mx\/newspaper\/index.php?rest_route=%2Fwp%2Fv2%2Fmedia&parent=156384"}],"wp:term":[{"taxonomy":"category","embeddable":true,"href":"https:\/\/www.villaeducativa.edu.mx\/newspaper\/index.php?rest_route=%2Fwp%2Fv2%2Fcategories&post=156384"},{"taxonomy":"post_tag","embeddable":true,"href":"https:\/\/www.villaeducativa.edu.mx\/newspaper\/index.php?rest_route=%2Fwp%2Fv2%2Ftags&post=156384"}],"curies":[{"name":"wp","href":"https:\/\/api.w.org\/{rel}","templated":true}]}}