{"id":156368,"date":"2026-02-24T08:40:46","date_gmt":"2026-02-24T14:40:46","guid":{"rendered":"https:\/\/www.villaeducativa.edu.mx\/newspaper\/?p=156368"},"modified":"2026-02-23T13:08:45","modified_gmt":"2026-02-23T19:08:45","slug":"k3-project-presentation-2","status":"publish","type":"post","link":"https:\/\/www.villaeducativa.edu.mx\/newspaper\/?p=156368","title":{"rendered":"K3: Project Presentation"},"content":{"rendered":"\n<p>Our K3 classrooms were buzzing with energy last Wednesday as students hosted their capstone exhibition: <strong>From Morning to Goodbye: Our Daily Routine<\/strong>. This showcase represented the final chapter of an intensive inquiry into how our daily choices affect our bodies, our brains, and our moods.<\/p>\n\n\n\n<p>Our K3 graduates-to-be took on the role of health scientists<strong>,<\/strong> analyzing the data of their own lives to understand what it truly means to be \u00abwell.\u00bb<\/p>\n\n\n\n<p>As our wonderful students prepare to transition into primary school, this Reggio-inspired project has equipped them with more than just facts; it has given them more independence. By understanding that their bodies are engines that require high-quality fuel, movement, and rest, they are stepping into the next stage of their education as confident, self-regulating learners.<\/p>\n\n\n\n<p>We hope you have enjoyed our amazing project exhibition.<\/p>\n\n\n\n<div class=\"wp-block-image\"><figure class=\"aligncenter size-large is-resized\"><a href=\"https:\/\/www.villaeducativa.edu.mx\/newspaper\/?page_id=123404\" target=\"_blank\" rel=\"noopener\"><img loading=\"lazy\" src=\"http:\/\/www.villaeducativa.edu.mx\/newspaper\/wp-content\/uploads\/2026\/02\/cierre-k3.jpg\" alt=\"\" class=\"wp-image-153670\" width=\"250\" height=\"250\" srcset=\"https:\/\/www.villaeducativa.edu.mx\/newspaper\/wp-content\/uploads\/2026\/02\/cierre-k3.jpg 1000w, https:\/\/www.villaeducativa.edu.mx\/newspaper\/wp-content\/uploads\/2026\/02\/cierre-k3-300x300.jpg 300w, https:\/\/www.villaeducativa.edu.mx\/newspaper\/wp-content\/uploads\/2026\/02\/cierre-k3-150x150.jpg 150w, https:\/\/www.villaeducativa.edu.mx\/newspaper\/wp-content\/uploads\/2026\/02\/cierre-k3-768x768.jpg 768w, https:\/\/www.villaeducativa.edu.mx\/newspaper\/wp-content\/uploads\/2026\/02\/cierre-k3-600x600.jpg 600w, https:\/\/www.villaeducativa.edu.mx\/newspaper\/wp-content\/uploads\/2026\/02\/cierre-k3-100x100.jpg 100w\" sizes=\"(max-width: 250px) 100vw, 250px\" \/><\/a><figcaption><strong><a href=\"https:\/\/www.villaeducativa.edu.mx\/newspaper\/?page_id=123404\" target=\"_blank\" rel=\"noreferrer noopener\">Photo Gallery<\/a><\/strong><\/figcaption><\/figure><\/div>\n\n\n\n<hr class=\"wp-block-separator\"\/>\n\n\n\n<p><strong><em>K3: Project Presentation<\/em><\/strong><br><em>Nuestros salones de K3 zumbaron de energ\u00eda el mi\u00e9rcoles pasado mientras nuestros estudiantes presentaban su cierre de proyecto: De la ma\u00f1ana al adi\u00f3s: Nuestra rutina diaria. Esta muestra represent\u00f3 el cap\u00edtulo final de una investigaci\u00f3n intensiva sobre c\u00f3mo nuestras elecciones diarias afectan nuestros cuerpos, nuestros cerebros y nuestros estados de \u00e1nimo.<\/em><\/p>\n\n\n\n<p><em>Los futuros graduados de K3 asumieron el papel de expertos, analizando los datos de sus propias vidas para comprender lo que realmente significa estar &#8216;bien&#8217;. Mientras nuestros maravillosos estudiantes se preparan para la transici\u00f3n a la Primaria, este proyecto inspirado en Reggio Emilia los ha equipado con algo m\u00e1s que hechos; les ha dado independencia. Al comprender que sus cuerpos son motores que requieren combustible de alta calidad, movimiento y descanso, est\u00e1n entrando en la siguiente etapa de su educaci\u00f3n como aprendices seguros de s\u00ed mismos y capaces de autorregularse.<\/em><\/p>\n\n\n\n<p><em>\u00a1Esperamos que hayan disfrutado de nuestra incre\u00edble exposici\u00f3n de proyecto!<\/em><\/p>\n\n\n\n<p><strong><em>Documentaciones:<\/em><\/strong><\/p>\n\n\n\n<ul><li><a href=\"https:\/\/drive.google.com\/file\/d\/1K8e1WIWoG3OUQknw4ZMBeX5M3I6BViLG\/view?usp=sharing\"><strong><em><span class=\"has-inline-color has-vivid-cyan-blue-color\">K3A Happy Bodies, Colorful Dreams<\/span><\/em><\/strong><\/a><\/li><li><a href=\"https:\/\/drive.google.com\/file\/d\/1-pS9xwwkxmEUXWPsfU-aNlKcDUR2dqc6\/view?usp=drive_link\"><strong><em><span class=\"has-inline-color has-vivid-cyan-blue-color\">K3B Healthy Me, Happy Me<\/span><\/em><\/strong><\/a><\/li><li><a href=\"https:\/\/drive.google.com\/file\/d\/1-KnZObzG4EwH4GRC1n9wupAVv4q1TrIu\/view?usp=drive_link\"><strong><em><span class=\"has-inline-color has-vivid-cyan-blue-color\">K3C Threads of Our Day that Connect Us<\/span><\/em><\/strong><\/a><\/li><\/ul>\n\n\n\n<blockquote class=\"wp-block-quote\"><p>\u00abYou&#8217;ll never change your life until you change something you do daily. The secret of your success is found in your daily routine.\u00bb<br><em>\u00abNunca cambiar\u00e1s tu vida hasta que cambies algo que haces a diario. El secreto de tu \u00e9xito se encuentra en tu rutina diaria.\u00bb<\/em><\/p><cite>&#8211; John C. Maxwell<\/cite><\/blockquote>\n\n\n\n<p><strong><span class=\"has-inline-color has-vivid-cyan-blue-color\">Paola S\u00e1nchez<br><\/span><\/strong><span class=\"has-inline-color has-vivid-cyan-blue-color\"><em>Atelierista<\/em><\/span><\/p>\n","protected":false},"excerpt":{"rendered":"<p>Our K3 classrooms were buzzing with energy last Wednesday as students hosted their capstone exhibition: From Morning to Goodbye: Our Daily Routine. This showcase represented the final chapter of an intensive inquiry into how our daily choices affect our bodies, our brains, and our moods. Our K3 graduates-to-be took on&hellip; <\/p>\n","protected":false},"author":2,"featured_media":156362,"comment_status":"closed","ping_status":"closed","sticky":false,"template":"","format":"standard","meta":{"ngg_post_thumbnail":0},"categories":[2],"tags":[],"_links":{"self":[{"href":"https:\/\/www.villaeducativa.edu.mx\/newspaper\/index.php?rest_route=\/wp\/v2\/posts\/156368"}],"collection":[{"href":"https:\/\/www.villaeducativa.edu.mx\/newspaper\/index.php?rest_route=\/wp\/v2\/posts"}],"about":[{"href":"https:\/\/www.villaeducativa.edu.mx\/newspaper\/index.php?rest_route=\/wp\/v2\/types\/post"}],"author":[{"embeddable":true,"href":"https:\/\/www.villaeducativa.edu.mx\/newspaper\/index.php?rest_route=\/wp\/v2\/users\/2"}],"replies":[{"embeddable":true,"href":"https:\/\/www.villaeducativa.edu.mx\/newspaper\/index.php?rest_route=%2Fwp%2Fv2%2Fcomments&post=156368"}],"version-history":[{"count":1,"href":"https:\/\/www.villaeducativa.edu.mx\/newspaper\/index.php?rest_route=\/wp\/v2\/posts\/156368\/revisions"}],"predecessor-version":[{"id":156369,"href":"https:\/\/www.villaeducativa.edu.mx\/newspaper\/index.php?rest_route=\/wp\/v2\/posts\/156368\/revisions\/156369"}],"wp:featuredmedia":[{"embeddable":true,"href":"https:\/\/www.villaeducativa.edu.mx\/newspaper\/index.php?rest_route=\/wp\/v2\/media\/156362"}],"wp:attachment":[{"href":"https:\/\/www.villaeducativa.edu.mx\/newspaper\/index.php?rest_route=%2Fwp%2Fv2%2Fmedia&parent=156368"}],"wp:term":[{"taxonomy":"category","embeddable":true,"href":"https:\/\/www.villaeducativa.edu.mx\/newspaper\/index.php?rest_route=%2Fwp%2Fv2%2Fcategories&post=156368"},{"taxonomy":"post_tag","embeddable":true,"href":"https:\/\/www.villaeducativa.edu.mx\/newspaper\/index.php?rest_route=%2Fwp%2Fv2%2Ftags&post=156368"}],"curies":[{"name":"wp","href":"https:\/\/api.w.org\/{rel}","templated":true}]}}