{"id":156365,"date":"2026-02-24T08:45:00","date_gmt":"2026-02-24T14:45:00","guid":{"rendered":"https:\/\/www.villaeducativa.edu.mx\/newspaper\/?p=156365"},"modified":"2026-02-23T13:07:45","modified_gmt":"2026-02-23T19:07:45","slug":"k2-project-presentation-2","status":"publish","type":"post","link":"https:\/\/www.villaeducativa.edu.mx\/newspaper\/?p=156365","title":{"rendered":"K2: Project Presentation:"},"content":{"rendered":"\n<p>Our Happy Kinder Playground was transformed into a vibrant wilderness of the imagination last week as K2 students presented their final exhibition on <strong>Alebrijes<\/strong>: Colors, Shapes, and Imagination.<\/p>\n\n\n\n<p>These brightly colored national folk art sculptures served as the perfect medium for our students to explore math concepts, vocabulary, and foster a deep care for nature.<\/p>\n\n\n\n<p>The project challenged our K2 students to think beyond the ordinary. They weren&#8217;t just making animals; they were blending the characteristics of different creatures to represent specific personality traits while strengthening their tracing skills.<\/p>\n\n\n\n<p>We hope you have enjoyed our presentation on our amazing project.<\/p>\n\n\n\n<div class=\"wp-block-image\"><figure class=\"aligncenter size-large is-resized\"><a href=\"https:\/\/www.villaeducativa.edu.mx\/newspaper\/?page_id=123401\" target=\"_blank\" rel=\"noopener\"><img loading=\"lazy\" src=\"http:\/\/www.villaeducativa.edu.mx\/newspaper\/wp-content\/uploads\/2026\/02\/cierre-k2.jpg\" alt=\"\" class=\"wp-image-153667\" width=\"250\" height=\"250\" srcset=\"https:\/\/www.villaeducativa.edu.mx\/newspaper\/wp-content\/uploads\/2026\/02\/cierre-k2.jpg 1000w, https:\/\/www.villaeducativa.edu.mx\/newspaper\/wp-content\/uploads\/2026\/02\/cierre-k2-300x300.jpg 300w, https:\/\/www.villaeducativa.edu.mx\/newspaper\/wp-content\/uploads\/2026\/02\/cierre-k2-150x150.jpg 150w, https:\/\/www.villaeducativa.edu.mx\/newspaper\/wp-content\/uploads\/2026\/02\/cierre-k2-768x768.jpg 768w, https:\/\/www.villaeducativa.edu.mx\/newspaper\/wp-content\/uploads\/2026\/02\/cierre-k2-600x600.jpg 600w, https:\/\/www.villaeducativa.edu.mx\/newspaper\/wp-content\/uploads\/2026\/02\/cierre-k2-100x100.jpg 100w\" sizes=\"(max-width: 250px) 100vw, 250px\" \/><\/a><figcaption><strong><a href=\"https:\/\/www.villaeducativa.edu.mx\/newspaper\/?page_id=123401\" target=\"_blank\" rel=\"noreferrer noopener\">Photo Gallery<\/a><\/strong><\/figcaption><\/figure><\/div>\n\n\n\n<hr class=\"wp-block-separator\"\/>\n\n\n\n<p><em><strong>K2: Alebrijes: colores, formas e imaginaci\u00f3n<\/strong><br>La semana pasada, el patio de Happy Kinder se transform\u00f3 en una vibrante selva de imaginaci\u00f3n cuando nuestros alumnos de K2 presentaron su exposici\u00f3n final, Alebrijes: Colores, Formas e Imaginaci\u00f3n.<\/em><\/p>\n\n\n\n<p><em>Estas esculturas de arte popular mexicano, de colores brillantes, sirvieron como el medio perfecto para que nuestros estudiantes exploraran conceptos matem\u00e1ticos y vocabulario, al mismo tiempo que fomentaban un profundo cuidado por la naturaleza.<\/em><\/p>\n\n\n\n<p><em>El proyecto desafi\u00f3 a nuestros alumnos de K2 a pensar m\u00e1s all\u00e1 de lo ordinario; no s\u00f3lo estaban creando animales, sino que mezclaban caracter\u00edsticas de diferentes criaturas para representar rasgos de personalidad espec\u00edficos, todo esto mientras fortalec\u00edan sus habilidades de trazado y motricidad fina.<\/em><\/p>\n\n\n\n<p><em>\u00a1Esperamos que hayan disfrutado de nuestra incre\u00edble exposici\u00f3n!<\/em><\/p>\n\n\n\n<p><strong><em>Documentaciones:<\/em><\/strong><\/p>\n\n\n\n<ul><li><a href=\"https:\/\/drive.google.com\/file\/d\/1azPNBYfrPOxo41RDKRiviggN_JUVM0dY\/view?usp=sharing\"><strong><em><span class=\"has-inline-color has-vivid-cyan-blue-color\">K2A The Magical World of Alebrijes<\/span><\/em><\/strong><\/a><\/li><li><a href=\"https:\/\/drive.google.com\/file\/d\/1uTat8egZzF34RjmFitcNMKRUVG7xyAsT\/view?usp=drive_link\"><strong><em><span class=\"has-inline-color has-vivid-cyan-blue-color\">K2B Magic Animals: From Dream to Colors<\/span><\/em><\/strong><\/a><\/li><li><a href=\"https:\/\/drive.google.com\/file\/d\/12a_rE2FNhFER-0w6Qw6bysNf1le0zZTB\/view?usp=drive_link\"><strong><em><span class=\"has-inline-color has-vivid-cyan-blue-color\">K2C Tiny Hands, Magical Alebrijes<\/span><\/em><\/strong><\/a><\/li><\/ul>\n\n\n\n<blockquote class=\"wp-block-quote\"><p>\u00abLook deep into nature, and then you will understand everything better.\u00bb<br><em>\u00abMira profundamente en la naturaleza, y entonces comprender\u00e1s todo mejor\u00bb.<\/em><\/p><cite>&#8211; Albert Einstein<\/cite><\/blockquote>\n\n\n\n<p><strong><span class=\"has-inline-color has-vivid-cyan-blue-color\">Paola S\u00e1nchez<br><\/span><\/strong><span class=\"has-inline-color has-vivid-cyan-blue-color\"><em>Atelierista<\/em><\/span><\/p>\n","protected":false},"excerpt":{"rendered":"<p>Our Happy Kinder Playground was transformed into a vibrant wilderness of the imagination last week as K2 students presented their final exhibition on Alebrijes: Colors, Shapes, and Imagination. These brightly colored national folk art sculptures served as the perfect medium for our students to explore math concepts, vocabulary, and foster&hellip; <\/p>\n","protected":false},"author":2,"featured_media":156361,"comment_status":"closed","ping_status":"closed","sticky":false,"template":"","format":"standard","meta":{"ngg_post_thumbnail":0},"categories":[2],"tags":[],"_links":{"self":[{"href":"https:\/\/www.villaeducativa.edu.mx\/newspaper\/index.php?rest_route=\/wp\/v2\/posts\/156365"}],"collection":[{"href":"https:\/\/www.villaeducativa.edu.mx\/newspaper\/index.php?rest_route=\/wp\/v2\/posts"}],"about":[{"href":"https:\/\/www.villaeducativa.edu.mx\/newspaper\/index.php?rest_route=\/wp\/v2\/types\/post"}],"author":[{"embeddable":true,"href":"https:\/\/www.villaeducativa.edu.mx\/newspaper\/index.php?rest_route=\/wp\/v2\/users\/2"}],"replies":[{"embeddable":true,"href":"https:\/\/www.villaeducativa.edu.mx\/newspaper\/index.php?rest_route=%2Fwp%2Fv2%2Fcomments&post=156365"}],"version-history":[{"count":1,"href":"https:\/\/www.villaeducativa.edu.mx\/newspaper\/index.php?rest_route=\/wp\/v2\/posts\/156365\/revisions"}],"predecessor-version":[{"id":156367,"href":"https:\/\/www.villaeducativa.edu.mx\/newspaper\/index.php?rest_route=\/wp\/v2\/posts\/156365\/revisions\/156367"}],"wp:featuredmedia":[{"embeddable":true,"href":"https:\/\/www.villaeducativa.edu.mx\/newspaper\/index.php?rest_route=\/wp\/v2\/media\/156361"}],"wp:attachment":[{"href":"https:\/\/www.villaeducativa.edu.mx\/newspaper\/index.php?rest_route=%2Fwp%2Fv2%2Fmedia&parent=156365"}],"wp:term":[{"taxonomy":"category","embeddable":true,"href":"https:\/\/www.villaeducativa.edu.mx\/newspaper\/index.php?rest_route=%2Fwp%2Fv2%2Fcategories&post=156365"},{"taxonomy":"post_tag","embeddable":true,"href":"https:\/\/www.villaeducativa.edu.mx\/newspaper\/index.php?rest_route=%2Fwp%2Fv2%2Ftags&post=156365"}],"curies":[{"name":"wp","href":"https:\/\/api.w.org\/{rel}","templated":true}]}}