{"id":155806,"date":"2026-02-17T07:00:00","date_gmt":"2026-02-17T13:00:00","guid":{"rendered":"https:\/\/www.villaeducativa.edu.mx\/newspaper\/?p=155806"},"modified":"2026-02-17T12:53:13","modified_gmt":"2026-02-17T18:53:13","slug":"arte-en-aserrin","status":"publish","type":"post","link":"https:\/\/www.villaeducativa.edu.mx\/newspaper\/?p=155806","title":{"rendered":"Arte en aserr\u00edn"},"content":{"rendered":"\n<p>En las actividades de Arte e Historia del Arte continuamos trabajando con el tema de animales para nuestra pr\u00f3xima gran exposici\u00f3n durante la Semana Cultural.<\/p>\n\n\n\n<p>En la clase de Historia del Arte, los alumnos del profesor Roberto Borges trabajaron con una colorida y divertida t\u00e9cnica: el aserr\u00edn.<\/p>\n\n\n\n<p>El profesor Roberto les explic\u00f3 acerca de esta artesan\u00eda tan mexicana que se utiliza para los tapetes de las ofrendas del D\u00eda de Muertos y por motivos religiosos para tapizar de color las calles de Huamantla, Tlaxcala.<\/p>\n\n\n\n<p>Los alumnos observaron impresionados las im\u00e1genes llenas de color en las que nuestros artesanos de Huamantla \u201cpintan\u201d sus calles.<\/p>\n\n\n\n<p>Tambi\u00e9n aprendieron c\u00f3mo se obtiene y se ti\u00f1e el aserr\u00edn que utilizamos.<\/p>\n\n\n\n<p>Los alumnos hab\u00edan dibujado un animal sobre una placa de cart\u00f3n y la colorearon con plumones de colores. Posteriormente, aplicaron una gruesa capa de Resistol blanco con un pincel y colocaron el aserr\u00edn de colores sobre el pegamento a\u00fan fresco.<\/p>\n\n\n\n<p>Les result\u00f3 agradable y relajante el sentir la textura del aserr\u00edn en sus dedos y estaban muy contentos al ver el resultado de su trabajo.<\/p>\n\n\n\n<p>Al trabajar en el atelier, tambi\u00e9n nos permite tener acceso a diversos materiales y texturas, as\u00ed que los alumnos pudieron percibir la diferencia de textura entre la arena de mar y el aserr\u00edn.<\/p>\n\n\n\n\n\n<div class=\"ngg-galleryoverview ngg-slideshow\"\n\t id=\"ngg-slideshow-4d11e3c524ddd8912da86f794e2f50ee-8665500130\"\n     data-gallery-id=\"4d11e3c524ddd8912da86f794e2f50ee\"\n     style=\"max-width: 600px; max-height: 600px;\">\n\n \t<div id=\"ngg-image-0\" class=\"ngg-gallery-slideshow-image\" style=\"height:600px\">\n\n        <a href=\"https:\/\/www.villaeducativa.edu.mx\/newspaper\/wp-content\/gallery\/24-arteaserrinclub\/PHOTO-2026-02-12-09-12-233.jpg\"\n           title=\"\"\n           data-src=\"https:\/\/www.villaeducativa.edu.mx\/newspaper\/wp-content\/gallery\/24-arteaserrinclub\/PHOTO-2026-02-12-09-12-233.jpg\"\n           data-thumbnail=\"https:\/\/www.villaeducativa.edu.mx\/newspaper\/wp-content\/gallery\/24-arteaserrinclub\/thumbs\/thumbs_PHOTO-2026-02-12-09-12-233.jpg\"\n           data-image-id=\"82242\"\n           data-title=\"PHOTO-2026-02-12-09-12-233\"\n           data-description=\"\"\n           class=\"ngg-fancybox\" rel=\"4d11e3c524ddd8912da86f794e2f50ee\">\n\n            <img data-image-id='82242'\n                 title=\"\"\n                 alt=\"PHOTO-2026-02-12-09-12-233\"\n                 src=\"https:\/\/www.villaeducativa.edu.mx\/newspaper\/wp-content\/gallery\/24-arteaserrinclub\/PHOTO-2026-02-12-09-12-233.jpg\"\n                 style=\"max-height: 580px;\"\/>\n        <\/a>\n\n        <\/div> \n<div id=\"ngg-image-1\" class=\"ngg-gallery-slideshow-image\" style=\"height:600px\">\n\n        <a href=\"https:\/\/www.villaeducativa.edu.mx\/newspaper\/wp-content\/gallery\/24-arteaserrinclub\/PHOTO-2026-02-12-09-12-231.jpg\"\n           title=\"\"\n           data-src=\"https:\/\/www.villaeducativa.edu.mx\/newspaper\/wp-content\/gallery\/24-arteaserrinclub\/PHOTO-2026-02-12-09-12-231.jpg\"\n           data-thumbnail=\"https:\/\/www.villaeducativa.edu.mx\/newspaper\/wp-content\/gallery\/24-arteaserrinclub\/thumbs\/thumbs_PHOTO-2026-02-12-09-12-231.jpg\"\n           data-image-id=\"82243\"\n           data-title=\"PHOTO-2026-02-12-09-12-231\"\n           data-description=\"\"\n           class=\"ngg-fancybox\" rel=\"4d11e3c524ddd8912da86f794e2f50ee\">\n\n            <img data-image-id='82243'\n                 title=\"\"\n                 alt=\"PHOTO-2026-02-12-09-12-231\"\n                 src=\"https:\/\/www.villaeducativa.edu.mx\/newspaper\/wp-content\/gallery\/24-arteaserrinclub\/PHOTO-2026-02-12-09-12-231.jpg\"\n                 style=\"max-height: 580px;\"\/>\n        <\/a>\n\n        <\/div> \n<div id=\"ngg-image-2\" class=\"ngg-gallery-slideshow-image\" style=\"height:600px\">\n\n        <a href=\"https:\/\/www.villaeducativa.edu.mx\/newspaper\/wp-content\/gallery\/24-arteaserrinclub\/PHOTO-2026-02-12-09-12-234.jpg\"\n           title=\"\"\n           data-src=\"https:\/\/www.villaeducativa.edu.mx\/newspaper\/wp-content\/gallery\/24-arteaserrinclub\/PHOTO-2026-02-12-09-12-234.jpg\"\n           data-thumbnail=\"https:\/\/www.villaeducativa.edu.mx\/newspaper\/wp-content\/gallery\/24-arteaserrinclub\/thumbs\/thumbs_PHOTO-2026-02-12-09-12-234.jpg\"\n           data-image-id=\"82244\"\n           data-title=\"PHOTO-2026-02-12-09-12-234\"\n           data-description=\"\"\n           class=\"ngg-fancybox\" rel=\"4d11e3c524ddd8912da86f794e2f50ee\">\n\n            <img data-image-id='82244'\n                 title=\"\"\n                 alt=\"PHOTO-2026-02-12-09-12-234\"\n                 src=\"https:\/\/www.villaeducativa.edu.mx\/newspaper\/wp-content\/gallery\/24-arteaserrinclub\/PHOTO-2026-02-12-09-12-234.jpg\"\n                 style=\"max-height: 580px;\"\/>\n        <\/a>\n\n        <\/div> \n<div id=\"ngg-image-3\" class=\"ngg-gallery-slideshow-image\" style=\"height:600px\">\n\n        <a href=\"https:\/\/www.villaeducativa.edu.mx\/newspaper\/wp-content\/gallery\/24-arteaserrinclub\/PHOTO-2026-02-12-09-12-235.jpg\"\n           title=\"\"\n           data-src=\"https:\/\/www.villaeducativa.edu.mx\/newspaper\/wp-content\/gallery\/24-arteaserrinclub\/PHOTO-2026-02-12-09-12-235.jpg\"\n           data-thumbnail=\"https:\/\/www.villaeducativa.edu.mx\/newspaper\/wp-content\/gallery\/24-arteaserrinclub\/thumbs\/thumbs_PHOTO-2026-02-12-09-12-235.jpg\"\n           data-image-id=\"82245\"\n           data-title=\"PHOTO-2026-02-12-09-12-235\"\n           data-description=\"\"\n           class=\"ngg-fancybox\" rel=\"4d11e3c524ddd8912da86f794e2f50ee\">\n\n            <img data-image-id='82245'\n                 title=\"\"\n                 alt=\"PHOTO-2026-02-12-09-12-235\"\n                 src=\"https:\/\/www.villaeducativa.edu.mx\/newspaper\/wp-content\/gallery\/24-arteaserrinclub\/PHOTO-2026-02-12-09-12-235.jpg\"\n                 style=\"max-height: 580px;\"\/>\n        <\/a>\n\n        <\/div> \n<div id=\"ngg-image-4\" class=\"ngg-gallery-slideshow-image\" style=\"height:600px\">\n\n        <a href=\"https:\/\/www.villaeducativa.edu.mx\/newspaper\/wp-content\/gallery\/24-arteaserrinclub\/PHOTO-2026-02-12-09-12-236.jpg\"\n           title=\"\"\n           data-src=\"https:\/\/www.villaeducativa.edu.mx\/newspaper\/wp-content\/gallery\/24-arteaserrinclub\/PHOTO-2026-02-12-09-12-236.jpg\"\n           data-thumbnail=\"https:\/\/www.villaeducativa.edu.mx\/newspaper\/wp-content\/gallery\/24-arteaserrinclub\/thumbs\/thumbs_PHOTO-2026-02-12-09-12-236.jpg\"\n           data-image-id=\"82246\"\n           data-title=\"PHOTO-2026-02-12-09-12-236\"\n           data-description=\"\"\n           class=\"ngg-fancybox\" rel=\"4d11e3c524ddd8912da86f794e2f50ee\">\n\n            <img data-image-id='82246'\n                 title=\"\"\n                 alt=\"PHOTO-2026-02-12-09-12-236\"\n                 src=\"https:\/\/www.villaeducativa.edu.mx\/newspaper\/wp-content\/gallery\/24-arteaserrinclub\/PHOTO-2026-02-12-09-12-236.jpg\"\n                 style=\"max-height: 580px;\"\/>\n        <\/a>\n\n        <\/div> \n<div id=\"ngg-image-5\" class=\"ngg-gallery-slideshow-image\" style=\"height:600px\">\n\n        <a href=\"https:\/\/www.villaeducativa.edu.mx\/newspaper\/wp-content\/gallery\/24-arteaserrinclub\/PHOTO-2026-02-12-09-12-237.jpg\"\n           title=\"\"\n           data-src=\"https:\/\/www.villaeducativa.edu.mx\/newspaper\/wp-content\/gallery\/24-arteaserrinclub\/PHOTO-2026-02-12-09-12-237.jpg\"\n           data-thumbnail=\"https:\/\/www.villaeducativa.edu.mx\/newspaper\/wp-content\/gallery\/24-arteaserrinclub\/thumbs\/thumbs_PHOTO-2026-02-12-09-12-237.jpg\"\n           data-image-id=\"82247\"\n           data-title=\"PHOTO-2026-02-12-09-12-237\"\n           data-description=\"\"\n           class=\"ngg-fancybox\" rel=\"4d11e3c524ddd8912da86f794e2f50ee\">\n\n            <img data-image-id='82247'\n                 title=\"\"\n                 alt=\"PHOTO-2026-02-12-09-12-237\"\n                 src=\"https:\/\/www.villaeducativa.edu.mx\/newspaper\/wp-content\/gallery\/24-arteaserrinclub\/PHOTO-2026-02-12-09-12-237.jpg\"\n                 style=\"max-height: 580px;\"\/>\n        <\/a>\n\n        <\/div> \n<div id=\"ngg-image-6\" class=\"ngg-gallery-slideshow-image\" style=\"height:600px\">\n\n        <a href=\"https:\/\/www.villaeducativa.edu.mx\/newspaper\/wp-content\/gallery\/24-arteaserrinclub\/PHOTO-2026-02-12-09-12-238.jpg\"\n           title=\"\"\n           data-src=\"https:\/\/www.villaeducativa.edu.mx\/newspaper\/wp-content\/gallery\/24-arteaserrinclub\/PHOTO-2026-02-12-09-12-238.jpg\"\n           data-thumbnail=\"https:\/\/www.villaeducativa.edu.mx\/newspaper\/wp-content\/gallery\/24-arteaserrinclub\/thumbs\/thumbs_PHOTO-2026-02-12-09-12-238.jpg\"\n           data-image-id=\"82248\"\n           data-title=\"PHOTO-2026-02-12-09-12-238\"\n           data-description=\"\"\n           class=\"ngg-fancybox\" rel=\"4d11e3c524ddd8912da86f794e2f50ee\">\n\n            <img data-image-id='82248'\n                 title=\"\"\n                 alt=\"PHOTO-2026-02-12-09-12-238\"\n                 src=\"https:\/\/www.villaeducativa.edu.mx\/newspaper\/wp-content\/gallery\/24-arteaserrinclub\/PHOTO-2026-02-12-09-12-238.jpg\"\n                 style=\"max-height: 580px;\"\/>\n        <\/a>\n\n        <\/div> \n<div id=\"ngg-image-7\" class=\"ngg-gallery-slideshow-image\" style=\"height:600px\">\n\n        <a href=\"https:\/\/www.villaeducativa.edu.mx\/newspaper\/wp-content\/gallery\/24-arteaserrinclub\/PHOTO-2026-02-12-09-12-239.jpg\"\n           title=\"\"\n           data-src=\"https:\/\/www.villaeducativa.edu.mx\/newspaper\/wp-content\/gallery\/24-arteaserrinclub\/PHOTO-2026-02-12-09-12-239.jpg\"\n           data-thumbnail=\"https:\/\/www.villaeducativa.edu.mx\/newspaper\/wp-content\/gallery\/24-arteaserrinclub\/thumbs\/thumbs_PHOTO-2026-02-12-09-12-239.jpg\"\n           data-image-id=\"82249\"\n           data-title=\"PHOTO-2026-02-12-09-12-239\"\n           data-description=\"\"\n           class=\"ngg-fancybox\" rel=\"4d11e3c524ddd8912da86f794e2f50ee\">\n\n            <img data-image-id='82249'\n                 title=\"\"\n                 alt=\"PHOTO-2026-02-12-09-12-239\"\n                 src=\"https:\/\/www.villaeducativa.edu.mx\/newspaper\/wp-content\/gallery\/24-arteaserrinclub\/PHOTO-2026-02-12-09-12-239.jpg\"\n                 style=\"max-height: 580px;\"\/>\n        <\/a>\n\n        <\/div> \n<div id=\"ngg-image-8\" class=\"ngg-gallery-slideshow-image\" style=\"height:600px\">\n\n        <a href=\"https:\/\/www.villaeducativa.edu.mx\/newspaper\/wp-content\/gallery\/24-arteaserrinclub\/PHOTO-2026-02-12-09-12-23.jpg\"\n           title=\"\"\n           data-src=\"https:\/\/www.villaeducativa.edu.mx\/newspaper\/wp-content\/gallery\/24-arteaserrinclub\/PHOTO-2026-02-12-09-12-23.jpg\"\n           data-thumbnail=\"https:\/\/www.villaeducativa.edu.mx\/newspaper\/wp-content\/gallery\/24-arteaserrinclub\/thumbs\/thumbs_PHOTO-2026-02-12-09-12-23.jpg\"\n           data-image-id=\"82250\"\n           data-title=\"PHOTO-2026-02-12-09-12-23\"\n           data-description=\"\"\n           class=\"ngg-fancybox\" rel=\"4d11e3c524ddd8912da86f794e2f50ee\">\n\n            <img data-image-id='82250'\n                 title=\"\"\n                 alt=\"PHOTO-2026-02-12-09-12-23\"\n                 src=\"https:\/\/www.villaeducativa.edu.mx\/newspaper\/wp-content\/gallery\/24-arteaserrinclub\/PHOTO-2026-02-12-09-12-23.jpg\"\n                 style=\"max-height: 580px;\"\/>\n        <\/a>\n\n        <\/div> \n<\/div>\n\n\n\n\n\n\n\n<p><strong><span class=\"has-inline-color has-vivid-cyan-blue-color\">Roberto Borges<br><\/span><\/strong><span class=\"has-inline-color has-vivid-cyan-blue-color\"><em>Historia del Arte<\/em><\/span><\/p>\n","protected":false},"excerpt":{"rendered":"<p>En las actividades de Arte e Historia del Arte continuamos trabajando con el tema de animales para nuestra pr\u00f3xima gran exposici\u00f3n durante la Semana Cultural. En la clase de Historia del Arte, los alumnos del profesor Roberto Borges trabajaron con una colorida y divertida t\u00e9cnica: el aserr\u00edn. El profesor Roberto&hellip; <\/p>\n","protected":false},"author":2,"featured_media":155817,"comment_status":"closed","ping_status":"closed","sticky":false,"template":"","format":"standard","meta":{"ngg_post_thumbnail":0},"categories":[5],"tags":[],"_links":{"self":[{"href":"https:\/\/www.villaeducativa.edu.mx\/newspaper\/index.php?rest_route=\/wp\/v2\/posts\/155806"}],"collection":[{"href":"https:\/\/www.villaeducativa.edu.mx\/newspaper\/index.php?rest_route=\/wp\/v2\/posts"}],"about":[{"href":"https:\/\/www.villaeducativa.edu.mx\/newspaper\/index.php?rest_route=\/wp\/v2\/types\/post"}],"author":[{"embeddable":true,"href":"https:\/\/www.villaeducativa.edu.mx\/newspaper\/index.php?rest_route=\/wp\/v2\/users\/2"}],"replies":[{"embeddable":true,"href":"https:\/\/www.villaeducativa.edu.mx\/newspaper\/index.php?rest_route=%2Fwp%2Fv2%2Fcomments&post=155806"}],"version-history":[{"count":1,"href":"https:\/\/www.villaeducativa.edu.mx\/newspaper\/index.php?rest_route=\/wp\/v2\/posts\/155806\/revisions"}],"predecessor-version":[{"id":155818,"href":"https:\/\/www.villaeducativa.edu.mx\/newspaper\/index.php?rest_route=\/wp\/v2\/posts\/155806\/revisions\/155818"}],"wp:featuredmedia":[{"embeddable":true,"href":"https:\/\/www.villaeducativa.edu.mx\/newspaper\/index.php?rest_route=\/wp\/v2\/media\/155817"}],"wp:attachment":[{"href":"https:\/\/www.villaeducativa.edu.mx\/newspaper\/index.php?rest_route=%2Fwp%2Fv2%2Fmedia&parent=155806"}],"wp:term":[{"taxonomy":"category","embeddable":true,"href":"https:\/\/www.villaeducativa.edu.mx\/newspaper\/index.php?rest_route=%2Fwp%2Fv2%2Fcategories&post=155806"},{"taxonomy":"post_tag","embeddable":true,"href":"https:\/\/www.villaeducativa.edu.mx\/newspaper\/index.php?rest_route=%2Fwp%2Fv2%2Ftags&post=155806"}],"curies":[{"name":"wp","href":"https:\/\/api.w.org\/{rel}","templated":true}]}}