{"id":155592,"date":"2026-02-17T07:15:38","date_gmt":"2026-02-17T13:15:38","guid":{"rendered":"https:\/\/www.villaeducativa.edu.mx\/newspaper\/?p=155592"},"modified":"2026-02-16T18:17:54","modified_gmt":"2026-02-17T00:17:54","slug":"clinica-de-cheer-and-dance","status":"publish","type":"post","link":"https:\/\/www.villaeducativa.edu.mx\/newspaper\/?p=155592","title":{"rendered":"Cl\u00ednica de Cheer and Dance"},"content":{"rendered":"\n<p>Por medio de la presente, les compartimos la informaci\u00f3n que hasta el momento nos han proporcionado referente a la <strong>cl\u00ednica de Cheer<\/strong> que se llevar\u00e1 a cabo el <strong>viernes 20 de marzo<\/strong>.<\/p>\n\n\n\n<p><strong>Horarios:<\/strong><\/p>\n\n\n\n<ul><li>Cita de las ni\u00f1as: <strong>3:40 p.m. (Teatro San Benito Abad)<\/strong><\/li><li>Duraci\u00f3n de la cl\u00ednica: <strong>4:00 p.m. a 6:00 p.m.<\/strong><\/li><li>Spirit Fest: <strong>6:15 p.m. a 7:00 p.m.<\/strong><\/li><li>Entrega a pap\u00e1s: <strong>7:10 p.m. aproximadamente<\/strong><\/li><\/ul>\n\n\n\n<p>Es muy importante que las ni\u00f1as <strong>ya lleguen comidas<\/strong>. \u00danicamente deber\u00e1n llevar <strong>una bolsa de pl\u00e1stico marcada con su nombre con:<\/strong><\/p>\n\n\n\n<ul><li>Una <strong>botella de agua de pl\u00e1stico<\/strong> con su nombre<\/li><li><strong>Una barrita o snack peque\u00f1o<\/strong><\/li><\/ul>\n\n\n\n<p>Esto con la finalidad de que no carguen mochilas o bolsas grandes y que, al terminar, puedan desecharlas f\u00e1cilmente.<\/p>\n\n\n\n<p>Habr\u00e1 <strong>espacio suficiente para estacionamiento<\/strong>, y los pap\u00e1s que asistan podr\u00e1n <strong>quedarse en el lugar<\/strong> durante el evento si as\u00ed lo desean.<\/p>\n\n\n\n<p>Nuestras ni\u00f1as estar\u00e1n acompa\u00f1adas en todo momento por su <strong>Coach<\/strong>, <strong>Miss Pao<\/strong> y <strong>Miss Yol<\/strong>, quien estar\u00e1 apoyando durante toda la actividad.<\/p>\n\n\n\n<p><strong>Uniforme:<\/strong><\/p>\n\n\n\n<ul><li>Licras negras del uniforme (largas)<\/li><li>Playera azul de entrenamiento<\/li><li>Pants del uniforme de la escuela<br>Es muy importante que <strong>todo el uniforme y los tenis est\u00e9n debidamente marcados<\/strong> para evitar confusiones y\/o p\u00e9rdidas.<\/li><\/ul>\n\n\n\n<p><strong>Peinado:<\/strong><\/p>\n\n\n\n<ul><li>Cola de caballo alta (en caso de tener cabello corto, media cola alta)<\/li><\/ul>\n\n\n\n<p>Como siempre, agradecemos mucho su <strong>apoyo y acompa\u00f1amiento<\/strong>, ya que son clave para que estos eventos sean experiencias positivas y enriquecedoras para nuestras ni\u00f1as.<\/p>\n\n\n\n<p>Quedamos atentos a cualquier duda.<\/p>\n\n\n\n<p>Atentamente,<\/p>\n\n\n\n<p><strong><span class=\"has-inline-color has-vivid-cyan-blue-color\">Berenice \u00c1ngeles<br><\/span><\/strong><span class=\"has-inline-color has-vivid-cyan-blue-color\"><em>Coordinaci\u00f3n de Club AfterSchool<\/em><\/span><\/p>\n","protected":false},"excerpt":{"rendered":"<p>Por medio de la presente, les compartimos la informaci\u00f3n que hasta el momento nos han proporcionado referente a la cl\u00ednica de Cheer que se llevar\u00e1 a cabo el viernes 20 de marzo. Horarios: Cita de las ni\u00f1as: 3:40 p.m. (Teatro San Benito Abad) Duraci\u00f3n de la cl\u00ednica: 4:00 p.m. a&hellip; <\/p>\n","protected":false},"author":2,"featured_media":155593,"comment_status":"closed","ping_status":"closed","sticky":false,"template":"","format":"standard","meta":{"ngg_post_thumbnail":0},"categories":[5],"tags":[],"_links":{"self":[{"href":"https:\/\/www.villaeducativa.edu.mx\/newspaper\/index.php?rest_route=\/wp\/v2\/posts\/155592"}],"collection":[{"href":"https:\/\/www.villaeducativa.edu.mx\/newspaper\/index.php?rest_route=\/wp\/v2\/posts"}],"about":[{"href":"https:\/\/www.villaeducativa.edu.mx\/newspaper\/index.php?rest_route=\/wp\/v2\/types\/post"}],"author":[{"embeddable":true,"href":"https:\/\/www.villaeducativa.edu.mx\/newspaper\/index.php?rest_route=\/wp\/v2\/users\/2"}],"replies":[{"embeddable":true,"href":"https:\/\/www.villaeducativa.edu.mx\/newspaper\/index.php?rest_route=%2Fwp%2Fv2%2Fcomments&post=155592"}],"version-history":[{"count":1,"href":"https:\/\/www.villaeducativa.edu.mx\/newspaper\/index.php?rest_route=\/wp\/v2\/posts\/155592\/revisions"}],"predecessor-version":[{"id":155594,"href":"https:\/\/www.villaeducativa.edu.mx\/newspaper\/index.php?rest_route=\/wp\/v2\/posts\/155592\/revisions\/155594"}],"wp:featuredmedia":[{"embeddable":true,"href":"https:\/\/www.villaeducativa.edu.mx\/newspaper\/index.php?rest_route=\/wp\/v2\/media\/155593"}],"wp:attachment":[{"href":"https:\/\/www.villaeducativa.edu.mx\/newspaper\/index.php?rest_route=%2Fwp%2Fv2%2Fmedia&parent=155592"}],"wp:term":[{"taxonomy":"category","embeddable":true,"href":"https:\/\/www.villaeducativa.edu.mx\/newspaper\/index.php?rest_route=%2Fwp%2Fv2%2Fcategories&post=155592"},{"taxonomy":"post_tag","embeddable":true,"href":"https:\/\/www.villaeducativa.edu.mx\/newspaper\/index.php?rest_route=%2Fwp%2Fv2%2Ftags&post=155592"}],"curies":[{"name":"wp","href":"https:\/\/api.w.org\/{rel}","templated":true}]}}