{"id":155584,"date":"2026-02-17T07:10:00","date_gmt":"2026-02-17T13:10:00","guid":{"rendered":"https:\/\/www.villaeducativa.edu.mx\/newspaper\/?p=155584"},"modified":"2026-02-16T18:27:17","modified_gmt":"2026-02-17T00:27:17","slug":"clase-abierta-de-motricidad-kinder-1","status":"publish","type":"post","link":"https:\/\/www.villaeducativa.edu.mx\/newspaper\/?p=155584","title":{"rendered":"Clase abierta de Motricidad (Kinder 1)"},"content":{"rendered":"\n<p>El profesor Alonso Le\u00f3n tiene el gusto de invitarlos a su clase abierta de motricidad, donde podr\u00e1n ver los avances que sus peque\u00f1os han tenido durante estos meses.<\/p>\n\n\n\n<p>Recuerden que la finalidad de esta clase es acompa\u00f1ar el desarrollo integral de los ni\u00f1os a trav\u00e9s del movimiento, que a esta edad es su principal forma de aprender y expresarse.<\/p>\n\n\n\n<p><strong><span class=\"has-inline-color has-vivid-cyan-blue-color\">Berenice \u00c1ngeles<br><\/span><\/strong><span class=\"has-inline-color has-vivid-cyan-blue-color\"><em>Coordinadora de Club AfterSchool<\/em><\/span><\/p>\n\n\n\n<div class=\"wp-block-image\"><figure class=\"aligncenter size-large is-resized\"><a href=\"https:\/\/www.villaeducativa.edu.mx\/newspaper\/wp-content\/uploads\/2026\/02\/Motricidad.jpg\"><img loading=\"lazy\" src=\"https:\/\/www.villaeducativa.edu.mx\/newspaper\/wp-content\/uploads\/2026\/02\/Motricidad-576x1024.jpg\" alt=\"\" class=\"wp-image-155585\" width=\"288\" height=\"512\" srcset=\"https:\/\/www.villaeducativa.edu.mx\/newspaper\/wp-content\/uploads\/2026\/02\/Motricidad-576x1024.jpg 576w, https:\/\/www.villaeducativa.edu.mx\/newspaper\/wp-content\/uploads\/2026\/02\/Motricidad-169x300.jpg 169w, https:\/\/www.villaeducativa.edu.mx\/newspaper\/wp-content\/uploads\/2026\/02\/Motricidad-600x1067.jpg 600w, https:\/\/www.villaeducativa.edu.mx\/newspaper\/wp-content\/uploads\/2026\/02\/Motricidad.jpg 675w\" sizes=\"(max-width: 288px) 100vw, 288px\" \/><\/a><\/figure><\/div>\n","protected":false},"excerpt":{"rendered":"<p>El profesor Alonso Le\u00f3n tiene el gusto de invitarlos a su clase abierta de motricidad, donde podr\u00e1n ver los avances que sus peque\u00f1os han tenido durante estos meses. Recuerden que la finalidad de esta clase es acompa\u00f1ar el desarrollo integral de los ni\u00f1os a trav\u00e9s del movimiento, que a esta&hellip; <\/p>\n","protected":false},"author":2,"featured_media":155586,"comment_status":"closed","ping_status":"closed","sticky":false,"template":"","format":"standard","meta":{"ngg_post_thumbnail":0},"categories":[5],"tags":[],"_links":{"self":[{"href":"https:\/\/www.villaeducativa.edu.mx\/newspaper\/index.php?rest_route=\/wp\/v2\/posts\/155584"}],"collection":[{"href":"https:\/\/www.villaeducativa.edu.mx\/newspaper\/index.php?rest_route=\/wp\/v2\/posts"}],"about":[{"href":"https:\/\/www.villaeducativa.edu.mx\/newspaper\/index.php?rest_route=\/wp\/v2\/types\/post"}],"author":[{"embeddable":true,"href":"https:\/\/www.villaeducativa.edu.mx\/newspaper\/index.php?rest_route=\/wp\/v2\/users\/2"}],"replies":[{"embeddable":true,"href":"https:\/\/www.villaeducativa.edu.mx\/newspaper\/index.php?rest_route=%2Fwp%2Fv2%2Fcomments&post=155584"}],"version-history":[{"count":1,"href":"https:\/\/www.villaeducativa.edu.mx\/newspaper\/index.php?rest_route=\/wp\/v2\/posts\/155584\/revisions"}],"predecessor-version":[{"id":155587,"href":"https:\/\/www.villaeducativa.edu.mx\/newspaper\/index.php?rest_route=\/wp\/v2\/posts\/155584\/revisions\/155587"}],"wp:featuredmedia":[{"embeddable":true,"href":"https:\/\/www.villaeducativa.edu.mx\/newspaper\/index.php?rest_route=\/wp\/v2\/media\/155586"}],"wp:attachment":[{"href":"https:\/\/www.villaeducativa.edu.mx\/newspaper\/index.php?rest_route=%2Fwp%2Fv2%2Fmedia&parent=155584"}],"wp:term":[{"taxonomy":"category","embeddable":true,"href":"https:\/\/www.villaeducativa.edu.mx\/newspaper\/index.php?rest_route=%2Fwp%2Fv2%2Fcategories&post=155584"},{"taxonomy":"post_tag","embeddable":true,"href":"https:\/\/www.villaeducativa.edu.mx\/newspaper\/index.php?rest_route=%2Fwp%2Fv2%2Ftags&post=155584"}],"curies":[{"name":"wp","href":"https:\/\/api.w.org\/{rel}","templated":true}]}}