{"id":154777,"date":"2026-02-17T08:15:00","date_gmt":"2026-02-17T14:15:00","guid":{"rendered":"https:\/\/www.villaeducativa.edu.mx\/newspaper\/?p=154777"},"modified":"2026-02-13T16:18:42","modified_gmt":"2026-02-13T22:18:42","slug":"5o-mis-manos-marcan-limites","status":"publish","type":"post","link":"https:\/\/www.villaeducativa.edu.mx\/newspaper\/?p=154777","title":{"rendered":"5o: Mis manos marcan l\u00edmites"},"content":{"rendered":"\n<p>En Villa Educativa, estamos convencidos de que el respeto comienza por la capacidad de escucharse a uno mismo. Entender que nuestro cuerpo nos env\u00eda se\u00f1ales de alerta ante la incomodidad es la herramienta m\u00e1s valiosa para fortalecer la seguridad y la autonom\u00eda de nuestros estudiantes.<\/p>\n\n\n\n<p>Con este prop\u00f3sito, los alumnos de quinto grado participaron en la actividad \u201cMis manos marcan l\u00edmites\u201d. La jornada comenz\u00f3 con un espacio de reflexi\u00f3n donde exploramos el concepto de respeto y la importancia de los l\u00edmites personales como la base fundamental de nuestra convivencia diaria.<\/p>\n\n\n\n<p>A trav\u00e9s de la premisa \u201cEscucho a mi cuerpo\u201d, reflexionamos sobre c\u00f3mo los l\u00edmites personales act\u00faan como l\u00edneas invisibles que nos permiten sentirnos seguros, tranquilos y valorados. Durante este proceso, reafirmamos que todas las emociones son v\u00e1lidas e identificamos que nuestro cuerpo env\u00eda se\u00f1ales de alerta ante situaciones de incomodidad, reforzando la idea de que el bienestar personal es siempre una prioridad.<\/p>\n\n\n\n<p>Como cierre de la actividad, cada estudiante plasm\u00f3 su huella, representando un compromiso personal con el respeto. Al escribir sus acuerdos dentro de estas huellas, los alumnos reafirmaron la premisa fundamental de la jornada: usar nuestra voz es la forma m\u00e1s valiente y efectiva de cuidarnos. Aprendimos que decir \u201calto\u201d cuando algo nos hace sentir inc\u00f3modos es un derecho, y que nunca debemos minimizar aquello que sentimos.<\/p>\n\n\n\n<p>Estas acciones no solo fortalecen la autonom\u00eda emocional de nuestros ni\u00f1os, sino que tambi\u00e9n consolidan un entorno escolar donde la comunicaci\u00f3n asertiva y el cuidado mutuo son los pilares de nuestro equipo.<\/p>\n\n\n\n\n\n<div class=\"ngg-galleryoverview ngg-slideshow\"\n\t id=\"ngg-slideshow-36b27c3b7733ff870939ded82e48416c-9122229060\"\n     data-gallery-id=\"36b27c3b7733ff870939ded82e48416c\"\n     style=\"max-width: 600px; max-height: 400px;\">\n\n \t<div id=\"ngg-image-0\" class=\"ngg-gallery-slideshow-image\" style=\"height:400px\">\n\n        <a href=\"https:\/\/www.villaeducativa.edu.mx\/newspaper\/wp-content\/gallery\/24-manosmarcan5\/5A-.jpg\"\n           title=\"\"\n           data-src=\"https:\/\/www.villaeducativa.edu.mx\/newspaper\/wp-content\/gallery\/24-manosmarcan5\/5A-.jpg\"\n           data-thumbnail=\"https:\/\/www.villaeducativa.edu.mx\/newspaper\/wp-content\/gallery\/24-manosmarcan5\/thumbs\/thumbs_5A-.jpg\"\n           data-image-id=\"81355\"\n           data-title=\"5A-\"\n           data-description=\"\"\n           class=\"ngg-fancybox\" rel=\"36b27c3b7733ff870939ded82e48416c\">\n\n            <img data-image-id='81355'\n                 title=\"\"\n                 alt=\"5A-\"\n                 src=\"https:\/\/www.villaeducativa.edu.mx\/newspaper\/wp-content\/gallery\/24-manosmarcan5\/5A-.jpg\"\n                 style=\"max-height: 380px;\"\/>\n        <\/a>\n\n        <\/div> \n<div id=\"ngg-image-1\" class=\"ngg-gallery-slideshow-image\" style=\"height:400px\">\n\n        <a href=\"https:\/\/www.villaeducativa.edu.mx\/newspaper\/wp-content\/gallery\/24-manosmarcan5\/5Atrabajo.jpg\"\n           title=\"\"\n           data-src=\"https:\/\/www.villaeducativa.edu.mx\/newspaper\/wp-content\/gallery\/24-manosmarcan5\/5Atrabajo.jpg\"\n           data-thumbnail=\"https:\/\/www.villaeducativa.edu.mx\/newspaper\/wp-content\/gallery\/24-manosmarcan5\/thumbs\/thumbs_5Atrabajo.jpg\"\n           data-image-id=\"81356\"\n           data-title=\"5Atrabajo\"\n           data-description=\"\"\n           class=\"ngg-fancybox\" rel=\"36b27c3b7733ff870939ded82e48416c\">\n\n            <img data-image-id='81356'\n                 title=\"\"\n                 alt=\"5Atrabajo\"\n                 src=\"https:\/\/www.villaeducativa.edu.mx\/newspaper\/wp-content\/gallery\/24-manosmarcan5\/5Atrabajo.jpg\"\n                 style=\"max-height: 380px;\"\/>\n        <\/a>\n\n        <\/div> \n<div id=\"ngg-image-2\" class=\"ngg-gallery-slideshow-image\" style=\"height:400px\">\n\n        <a href=\"https:\/\/www.villaeducativa.edu.mx\/newspaper\/wp-content\/gallery\/24-manosmarcan5\/5B-.jpg\"\n           title=\"\"\n           data-src=\"https:\/\/www.villaeducativa.edu.mx\/newspaper\/wp-content\/gallery\/24-manosmarcan5\/5B-.jpg\"\n           data-thumbnail=\"https:\/\/www.villaeducativa.edu.mx\/newspaper\/wp-content\/gallery\/24-manosmarcan5\/thumbs\/thumbs_5B-.jpg\"\n           data-image-id=\"81357\"\n           data-title=\"5B-\"\n           data-description=\"\"\n           class=\"ngg-fancybox\" rel=\"36b27c3b7733ff870939ded82e48416c\">\n\n            <img data-image-id='81357'\n                 title=\"\"\n                 alt=\"5B-\"\n                 src=\"https:\/\/www.villaeducativa.edu.mx\/newspaper\/wp-content\/gallery\/24-manosmarcan5\/5B-.jpg\"\n                 style=\"max-height: 380px;\"\/>\n        <\/a>\n\n        <\/div> \n<div id=\"ngg-image-3\" class=\"ngg-gallery-slideshow-image\" style=\"height:400px\">\n\n        <a href=\"https:\/\/www.villaeducativa.edu.mx\/newspaper\/wp-content\/gallery\/24-manosmarcan5\/5Btrabajo.jpg\"\n           title=\"\"\n           data-src=\"https:\/\/www.villaeducativa.edu.mx\/newspaper\/wp-content\/gallery\/24-manosmarcan5\/5Btrabajo.jpg\"\n           data-thumbnail=\"https:\/\/www.villaeducativa.edu.mx\/newspaper\/wp-content\/gallery\/24-manosmarcan5\/thumbs\/thumbs_5Btrabajo.jpg\"\n           data-image-id=\"81358\"\n           data-title=\"5Btrabajo\"\n           data-description=\"\"\n           class=\"ngg-fancybox\" rel=\"36b27c3b7733ff870939ded82e48416c\">\n\n            <img data-image-id='81358'\n                 title=\"\"\n                 alt=\"5Btrabajo\"\n                 src=\"https:\/\/www.villaeducativa.edu.mx\/newspaper\/wp-content\/gallery\/24-manosmarcan5\/5Btrabajo.jpg\"\n                 style=\"max-height: 380px;\"\/>\n        <\/a>\n\n        <\/div> \n<div id=\"ngg-image-4\" class=\"ngg-gallery-slideshow-image\" style=\"height:400px\">\n\n        <a href=\"https:\/\/www.villaeducativa.edu.mx\/newspaper\/wp-content\/gallery\/24-manosmarcan5\/5C-.jpg\"\n           title=\"\"\n           data-src=\"https:\/\/www.villaeducativa.edu.mx\/newspaper\/wp-content\/gallery\/24-manosmarcan5\/5C-.jpg\"\n           data-thumbnail=\"https:\/\/www.villaeducativa.edu.mx\/newspaper\/wp-content\/gallery\/24-manosmarcan5\/thumbs\/thumbs_5C-.jpg\"\n           data-image-id=\"81359\"\n           data-title=\"5C-\"\n           data-description=\"\"\n           class=\"ngg-fancybox\" rel=\"36b27c3b7733ff870939ded82e48416c\">\n\n            <img data-image-id='81359'\n                 title=\"\"\n                 alt=\"5C-\"\n                 src=\"https:\/\/www.villaeducativa.edu.mx\/newspaper\/wp-content\/gallery\/24-manosmarcan5\/5C-.jpg\"\n                 style=\"max-height: 380px;\"\/>\n        <\/a>\n\n        <\/div> \n<div id=\"ngg-image-5\" class=\"ngg-gallery-slideshow-image\" style=\"height:400px\">\n\n        <a href=\"https:\/\/www.villaeducativa.edu.mx\/newspaper\/wp-content\/gallery\/24-manosmarcan5\/5Ctrabajo.jpg\"\n           title=\"\"\n           data-src=\"https:\/\/www.villaeducativa.edu.mx\/newspaper\/wp-content\/gallery\/24-manosmarcan5\/5Ctrabajo.jpg\"\n           data-thumbnail=\"https:\/\/www.villaeducativa.edu.mx\/newspaper\/wp-content\/gallery\/24-manosmarcan5\/thumbs\/thumbs_5Ctrabajo.jpg\"\n           data-image-id=\"81360\"\n           data-title=\"5Ctrabajo\"\n           data-description=\"\"\n           class=\"ngg-fancybox\" rel=\"36b27c3b7733ff870939ded82e48416c\">\n\n            <img data-image-id='81360'\n                 title=\"\"\n                 alt=\"5Ctrabajo\"\n                 src=\"https:\/\/www.villaeducativa.edu.mx\/newspaper\/wp-content\/gallery\/24-manosmarcan5\/5Ctrabajo.jpg\"\n                 style=\"max-height: 380px;\"\/>\n        <\/a>\n\n        <\/div> \n<\/div>\n\n\n\n\n\n\n\n<p><span class=\"has-inline-color has-vivid-cyan-blue-color\"><strong>Laura V\u00e1zquez <\/strong><br>Departamento de Psicolog\u00eda Escolar<br><br><strong>Karen Gonzalez<\/strong><br>Docente de Espa\u00f1ol\u00a0<br><br><strong>Diana Hern\u00e1ndez<\/strong><br>Docente de Espa\u00f1ol\u00a0<\/span><\/p>\n","protected":false},"excerpt":{"rendered":"<p>En Villa Educativa, estamos convencidos de que el respeto comienza por la capacidad de escucharse a uno mismo. Entender que nuestro cuerpo nos env\u00eda se\u00f1ales de alerta ante la incomodidad es la herramienta m\u00e1s valiosa para fortalecer la seguridad y la autonom\u00eda de nuestros estudiantes. Con este prop\u00f3sito, los alumnos&hellip; <\/p>\n","protected":false},"author":2,"featured_media":154778,"comment_status":"closed","ping_status":"closed","sticky":false,"template":"","format":"standard","meta":{"ngg_post_thumbnail":0},"categories":[3],"tags":[],"_links":{"self":[{"href":"https:\/\/www.villaeducativa.edu.mx\/newspaper\/index.php?rest_route=\/wp\/v2\/posts\/154777"}],"collection":[{"href":"https:\/\/www.villaeducativa.edu.mx\/newspaper\/index.php?rest_route=\/wp\/v2\/posts"}],"about":[{"href":"https:\/\/www.villaeducativa.edu.mx\/newspaper\/index.php?rest_route=\/wp\/v2\/types\/post"}],"author":[{"embeddable":true,"href":"https:\/\/www.villaeducativa.edu.mx\/newspaper\/index.php?rest_route=\/wp\/v2\/users\/2"}],"replies":[{"embeddable":true,"href":"https:\/\/www.villaeducativa.edu.mx\/newspaper\/index.php?rest_route=%2Fwp%2Fv2%2Fcomments&post=154777"}],"version-history":[{"count":1,"href":"https:\/\/www.villaeducativa.edu.mx\/newspaper\/index.php?rest_route=\/wp\/v2\/posts\/154777\/revisions"}],"predecessor-version":[{"id":154786,"href":"https:\/\/www.villaeducativa.edu.mx\/newspaper\/index.php?rest_route=\/wp\/v2\/posts\/154777\/revisions\/154786"}],"wp:featuredmedia":[{"embeddable":true,"href":"https:\/\/www.villaeducativa.edu.mx\/newspaper\/index.php?rest_route=\/wp\/v2\/media\/154778"}],"wp:attachment":[{"href":"https:\/\/www.villaeducativa.edu.mx\/newspaper\/index.php?rest_route=%2Fwp%2Fv2%2Fmedia&parent=154777"}],"wp:term":[{"taxonomy":"category","embeddable":true,"href":"https:\/\/www.villaeducativa.edu.mx\/newspaper\/index.php?rest_route=%2Fwp%2Fv2%2Fcategories&post=154777"},{"taxonomy":"post_tag","embeddable":true,"href":"https:\/\/www.villaeducativa.edu.mx\/newspaper\/index.php?rest_route=%2Fwp%2Fv2%2Ftags&post=154777"}],"curies":[{"name":"wp","href":"https:\/\/api.w.org\/{rel}","templated":true}]}}