{"id":154752,"date":"2026-02-17T07:30:00","date_gmt":"2026-02-17T13:30:00","guid":{"rendered":"https:\/\/www.villaeducativa.edu.mx\/newspaper\/?p=154752"},"modified":"2026-02-16T13:58:50","modified_gmt":"2026-02-16T19:58:50","slug":"nobel-prize-2026","status":"publish","type":"post","link":"https:\/\/www.villaeducativa.edu.mx\/newspaper\/?p=154752","title":{"rendered":"Nobel Prize 2026"},"content":{"rendered":"\n<p>Les extendemos una cordial invitaci\u00f3n a nuestro evento anual feria de ciencias, que se llevar\u00e1 a cabo de 8:30 a.m. a 11:00 a.m. el mi\u00e9rcoles 4 de marzo.<\/p>\n\n\n\n<p>Durante la feria, los estudiantes de primer grado presentar\u00e1n en ingl\u00e9s sus experimentos y proyectos, demostrando creatividad y entusiasmo por la ciencia. Adem\u00e1s, habr\u00e1 un premio especial para el mejor equipo de peque\u00f1os cient\u00edficos!<\/p>\n\n\n\n<p>La entrada ser\u00e1 por Atepoxco. <\/p>\n\n\n\n<p>\u00a1No se pierdan esta oportunidad de celebrar juntos el talento y la curiosidad de nuestros alumnos!<\/p>\n\n\n\n<p><strong><span class=\"has-inline-color has-vivid-cyan-blue-color\">James Abad <br><\/span><\/strong><span class=\"has-inline-color has-vivid-cyan-blue-color\"><em>Villa High Principal<\/em><\/span><\/p>\n\n\n\n<div class=\"wp-block-image\"><figure class=\"aligncenter size-large is-resized\"><img loading=\"lazy\" src=\"https:\/\/www.villaeducativa.edu.mx\/newspaper\/wp-content\/uploads\/2026\/02\/nobel-prize.jpg\" alt=\"\" class=\"wp-image-154753\" width=\"400\" height=\"400\" srcset=\"https:\/\/www.villaeducativa.edu.mx\/newspaper\/wp-content\/uploads\/2026\/02\/nobel-prize.jpg 800w, https:\/\/www.villaeducativa.edu.mx\/newspaper\/wp-content\/uploads\/2026\/02\/nobel-prize-300x300.jpg 300w, https:\/\/www.villaeducativa.edu.mx\/newspaper\/wp-content\/uploads\/2026\/02\/nobel-prize-150x150.jpg 150w, https:\/\/www.villaeducativa.edu.mx\/newspaper\/wp-content\/uploads\/2026\/02\/nobel-prize-768x768.jpg 768w, https:\/\/www.villaeducativa.edu.mx\/newspaper\/wp-content\/uploads\/2026\/02\/nobel-prize-600x600.jpg 600w, https:\/\/www.villaeducativa.edu.mx\/newspaper\/wp-content\/uploads\/2026\/02\/nobel-prize-100x100.jpg 100w\" sizes=\"(max-width: 400px) 100vw, 400px\" \/><\/figure><\/div>\n\n\n\n<p><\/p>\n","protected":false},"excerpt":{"rendered":"<p>Les extendemos una cordial invitaci\u00f3n a nuestro evento anual feria de ciencias, que se llevar\u00e1 a cabo de 8:30 a.m. a 11:00 a.m. el mi\u00e9rcoles 4 de marzo. Durante la feria, los estudiantes de primer grado presentar\u00e1n en ingl\u00e9s sus experimentos y proyectos, demostrando creatividad y entusiasmo por la ciencia.&hellip; <\/p>\n","protected":false},"author":2,"featured_media":154754,"comment_status":"closed","ping_status":"closed","sticky":false,"template":"","format":"standard","meta":{"ngg_post_thumbnail":0},"categories":[4],"tags":[],"_links":{"self":[{"href":"https:\/\/www.villaeducativa.edu.mx\/newspaper\/index.php?rest_route=\/wp\/v2\/posts\/154752"}],"collection":[{"href":"https:\/\/www.villaeducativa.edu.mx\/newspaper\/index.php?rest_route=\/wp\/v2\/posts"}],"about":[{"href":"https:\/\/www.villaeducativa.edu.mx\/newspaper\/index.php?rest_route=\/wp\/v2\/types\/post"}],"author":[{"embeddable":true,"href":"https:\/\/www.villaeducativa.edu.mx\/newspaper\/index.php?rest_route=\/wp\/v2\/users\/2"}],"replies":[{"embeddable":true,"href":"https:\/\/www.villaeducativa.edu.mx\/newspaper\/index.php?rest_route=%2Fwp%2Fv2%2Fcomments&post=154752"}],"version-history":[{"count":1,"href":"https:\/\/www.villaeducativa.edu.mx\/newspaper\/index.php?rest_route=\/wp\/v2\/posts\/154752\/revisions"}],"predecessor-version":[{"id":154755,"href":"https:\/\/www.villaeducativa.edu.mx\/newspaper\/index.php?rest_route=\/wp\/v2\/posts\/154752\/revisions\/154755"}],"wp:featuredmedia":[{"embeddable":true,"href":"https:\/\/www.villaeducativa.edu.mx\/newspaper\/index.php?rest_route=\/wp\/v2\/media\/154754"}],"wp:attachment":[{"href":"https:\/\/www.villaeducativa.edu.mx\/newspaper\/index.php?rest_route=%2Fwp%2Fv2%2Fmedia&parent=154752"}],"wp:term":[{"taxonomy":"category","embeddable":true,"href":"https:\/\/www.villaeducativa.edu.mx\/newspaper\/index.php?rest_route=%2Fwp%2Fv2%2Fcategories&post=154752"},{"taxonomy":"post_tag","embeddable":true,"href":"https:\/\/www.villaeducativa.edu.mx\/newspaper\/index.php?rest_route=%2Fwp%2Fv2%2Ftags&post=154752"}],"curies":[{"name":"wp","href":"https:\/\/api.w.org\/{rel}","templated":true}]}}