{"id":154744,"date":"2026-02-17T07:25:00","date_gmt":"2026-02-17T13:25:00","guid":{"rendered":"https:\/\/www.villaeducativa.edu.mx\/newspaper\/?p=154744"},"modified":"2026-02-16T13:59:05","modified_gmt":"2026-02-16T19:59:05","slug":"comprendiendo-las-noticias","status":"publish","type":"post","link":"https:\/\/www.villaeducativa.edu.mx\/newspaper\/?p=154744","title":{"rendered":"Comprendiendo las noticias"},"content":{"rendered":"\n<p>En las \u00faltimas semanas, los estudiantes de tercer grado en la materia de Historia Universal, realizaron 4 an\u00e1lisis de art\u00edculos period\u00edsticos (individual \/ por equipo), con el objetivo de fortalecer el pensamiento cr\u00edtico, la comprensi\u00f3n lectora y el inter\u00e9s por temas actuales.\u00a0<\/p>\n\n\n\n<p>Cada lunes se seleccion\u00f3 un tema distinto, abordando noticias de car\u00e1cter internacional y nacional. Entre los temas analizados se incluyeron art\u00edculos sobre la intervenci\u00f3n en Venezuela, el evento deportivo de Super Bowl o acontecimientos cotidianos en M\u00e9xico, de los cuales expresaron sus opiniones y generaron conclusiones.<\/p>\n\n\n\n<p>Este trabajo muestra la importancia de mantenerse informados para construir una opini\u00f3n propia desde una perspectiva cr\u00edtica y respetuosa.<\/p>\n\n\n\n\n\n<div class=\"ngg-galleryoverview ngg-slideshow\"\n\t id=\"ngg-slideshow-b7e417bdf0120d774071167c5ee1f836-4036036470\"\n     data-gallery-id=\"b7e417bdf0120d774071167c5ee1f836\"\n     style=\"max-width: 600px; max-height: 400px;\">\n\n \t<div id=\"ngg-image-0\" class=\"ngg-gallery-slideshow-image\" style=\"height:400px\">\n\n        <a href=\"https:\/\/www.villaeducativa.edu.mx\/newspaper\/wp-content\/gallery\/24-noticiashigh\/1000138829.jpg\"\n           title=\"\"\n           data-src=\"https:\/\/www.villaeducativa.edu.mx\/newspaper\/wp-content\/gallery\/24-noticiashigh\/1000138829.jpg\"\n           data-thumbnail=\"https:\/\/www.villaeducativa.edu.mx\/newspaper\/wp-content\/gallery\/24-noticiashigh\/thumbs\/thumbs_1000138829.jpg\"\n           data-image-id=\"81344\"\n           data-title=\"1000138829\"\n           data-description=\"\"\n           class=\"ngg-fancybox\" rel=\"b7e417bdf0120d774071167c5ee1f836\">\n\n            <img data-image-id='81344'\n                 title=\"\"\n                 alt=\"1000138829\"\n                 src=\"https:\/\/www.villaeducativa.edu.mx\/newspaper\/wp-content\/gallery\/24-noticiashigh\/1000138829.jpg\"\n                 style=\"max-height: 380px;\"\/>\n        <\/a>\n\n        <\/div> \n<div id=\"ngg-image-1\" class=\"ngg-gallery-slideshow-image\" style=\"height:400px\">\n\n        <a href=\"https:\/\/www.villaeducativa.edu.mx\/newspaper\/wp-content\/gallery\/24-noticiashigh\/1000138856.jpg\"\n           title=\"\"\n           data-src=\"https:\/\/www.villaeducativa.edu.mx\/newspaper\/wp-content\/gallery\/24-noticiashigh\/1000138856.jpg\"\n           data-thumbnail=\"https:\/\/www.villaeducativa.edu.mx\/newspaper\/wp-content\/gallery\/24-noticiashigh\/thumbs\/thumbs_1000138856.jpg\"\n           data-image-id=\"81345\"\n           data-title=\"1000138856\"\n           data-description=\"\"\n           class=\"ngg-fancybox\" rel=\"b7e417bdf0120d774071167c5ee1f836\">\n\n            <img data-image-id='81345'\n                 title=\"\"\n                 alt=\"1000138856\"\n                 src=\"https:\/\/www.villaeducativa.edu.mx\/newspaper\/wp-content\/gallery\/24-noticiashigh\/1000138856.jpg\"\n                 style=\"max-height: 380px;\"\/>\n        <\/a>\n\n        <\/div> \n<div id=\"ngg-image-2\" class=\"ngg-gallery-slideshow-image\" style=\"height:400px\">\n\n        <a href=\"https:\/\/www.villaeducativa.edu.mx\/newspaper\/wp-content\/gallery\/24-noticiashigh\/1000138824.jpg\"\n           title=\"\"\n           data-src=\"https:\/\/www.villaeducativa.edu.mx\/newspaper\/wp-content\/gallery\/24-noticiashigh\/1000138824.jpg\"\n           data-thumbnail=\"https:\/\/www.villaeducativa.edu.mx\/newspaper\/wp-content\/gallery\/24-noticiashigh\/thumbs\/thumbs_1000138824.jpg\"\n           data-image-id=\"81343\"\n           data-title=\"1000138824\"\n           data-description=\"\"\n           class=\"ngg-fancybox\" rel=\"b7e417bdf0120d774071167c5ee1f836\">\n\n            <img data-image-id='81343'\n                 title=\"\"\n                 alt=\"1000138824\"\n                 src=\"https:\/\/www.villaeducativa.edu.mx\/newspaper\/wp-content\/gallery\/24-noticiashigh\/1000138824.jpg\"\n                 style=\"max-height: 380px;\"\/>\n        <\/a>\n\n        <\/div> \n<\/div>\n\n\n\n\n\n\n\n<p><strong><span class=\"has-inline-color has-vivid-cyan-blue-color\">Judith P\u00e9rez<br><\/span><\/strong><span class=\"has-inline-color has-vivid-cyan-blue-color\"><em>Historia<\/em><\/span><\/p>\n","protected":false},"excerpt":{"rendered":"<p>En las \u00faltimas semanas, los estudiantes de tercer grado en la materia de Historia Universal, realizaron 4 an\u00e1lisis de art\u00edculos period\u00edsticos (individual \/ por equipo), con el objetivo de fortalecer el pensamiento cr\u00edtico, la comprensi\u00f3n lectora y el inter\u00e9s por temas actuales.\u00a0 Cada lunes se seleccion\u00f3 un tema distinto, abordando&hellip; <\/p>\n","protected":false},"author":2,"featured_media":154749,"comment_status":"closed","ping_status":"closed","sticky":false,"template":"","format":"standard","meta":{"ngg_post_thumbnail":0},"categories":[4],"tags":[],"_links":{"self":[{"href":"https:\/\/www.villaeducativa.edu.mx\/newspaper\/index.php?rest_route=\/wp\/v2\/posts\/154744"}],"collection":[{"href":"https:\/\/www.villaeducativa.edu.mx\/newspaper\/index.php?rest_route=\/wp\/v2\/posts"}],"about":[{"href":"https:\/\/www.villaeducativa.edu.mx\/newspaper\/index.php?rest_route=\/wp\/v2\/types\/post"}],"author":[{"embeddable":true,"href":"https:\/\/www.villaeducativa.edu.mx\/newspaper\/index.php?rest_route=\/wp\/v2\/users\/2"}],"replies":[{"embeddable":true,"href":"https:\/\/www.villaeducativa.edu.mx\/newspaper\/index.php?rest_route=%2Fwp%2Fv2%2Fcomments&post=154744"}],"version-history":[{"count":1,"href":"https:\/\/www.villaeducativa.edu.mx\/newspaper\/index.php?rest_route=\/wp\/v2\/posts\/154744\/revisions"}],"predecessor-version":[{"id":154750,"href":"https:\/\/www.villaeducativa.edu.mx\/newspaper\/index.php?rest_route=\/wp\/v2\/posts\/154744\/revisions\/154750"}],"wp:featuredmedia":[{"embeddable":true,"href":"https:\/\/www.villaeducativa.edu.mx\/newspaper\/index.php?rest_route=\/wp\/v2\/media\/154749"}],"wp:attachment":[{"href":"https:\/\/www.villaeducativa.edu.mx\/newspaper\/index.php?rest_route=%2Fwp%2Fv2%2Fmedia&parent=154744"}],"wp:term":[{"taxonomy":"category","embeddable":true,"href":"https:\/\/www.villaeducativa.edu.mx\/newspaper\/index.php?rest_route=%2Fwp%2Fv2%2Fcategories&post=154744"},{"taxonomy":"post_tag","embeddable":true,"href":"https:\/\/www.villaeducativa.edu.mx\/newspaper\/index.php?rest_route=%2Fwp%2Fv2%2Ftags&post=154744"}],"curies":[{"name":"wp","href":"https:\/\/api.w.org\/{rel}","templated":true}]}}