{"id":154667,"date":"2026-02-10T07:18:00","date_gmt":"2026-02-10T13:18:00","guid":{"rendered":"https:\/\/www.villaeducativa.edu.mx\/newspaper\/?p=154667"},"modified":"2026-02-09T22:17:32","modified_gmt":"2026-02-10T04:17:32","slug":"proyectos-de-happy-kinder-semana-del-16-al-18-febrero","status":"publish","type":"post","link":"https:\/\/www.villaeducativa.edu.mx\/newspaper\/?p=154667","title":{"rendered":"Proyectos de Happy Kinder: Semana del 16 al 18 febrero"},"content":{"rendered":"\n<p>Estimados padres de familia de Kinder 1, 2 y 3:<\/p>\n\n\n\n<p>Por medio de la presente les informamos que, durante los <strong>d\u00edas de proyectos en Happy<\/strong>, los alumn@s <strong>podr\u00e1n regresar a las actividades de Club<\/strong>.<\/p>\n\n\n\n<p>Para facilitar la integraci\u00f3n de los alumn@s, <strong>la puerta 3 se abrir\u00e1 a la 1:20 p.m.<\/strong>, permitiendo el acceso para que puedan <strong>pasar a comer y posteriormente integrarse a sus actividades habituales de Club<\/strong>.<\/p>\n\n\n\n<p>Les recordamos que <strong>las salidas se realizar\u00e1n de manera normal<\/strong>, respetando los horarios establecidos para cada programa.<\/p>\n\n\n\n<p>Agradecemos mucho su apoyo y colaboraci\u00f3n para el buen desarrollo de estas actividades.<\/p>\n\n\n\n<p>Quedamos atentos a cualquier duda o comentario.<\/p>\n\n\n\n<p>Atentamente,<\/p>\n\n\n\n<p><strong><span class=\"has-inline-color has-vivid-cyan-blue-color\">Berenice \u00c1ngeles<br><\/span><\/strong><span class=\"has-inline-color has-vivid-cyan-blue-color\"><em>Coordinaci\u00f3n de Club AfterSchool<\/em><\/span><\/p>\n","protected":false},"excerpt":{"rendered":"<p>Estimados padres de familia de Kinder 1, 2 y 3: Por medio de la presente les informamos que, durante los d\u00edas de proyectos en Happy, los alumn@s podr\u00e1n regresar a las actividades de Club. Para facilitar la integraci\u00f3n de los alumn@s, la puerta 3 se abrir\u00e1 a la 1:20 p.m.,&hellip; <\/p>\n","protected":false},"author":2,"featured_media":154668,"comment_status":"closed","ping_status":"closed","sticky":false,"template":"","format":"standard","meta":{"ngg_post_thumbnail":0},"categories":[5],"tags":[],"_links":{"self":[{"href":"https:\/\/www.villaeducativa.edu.mx\/newspaper\/index.php?rest_route=\/wp\/v2\/posts\/154667"}],"collection":[{"href":"https:\/\/www.villaeducativa.edu.mx\/newspaper\/index.php?rest_route=\/wp\/v2\/posts"}],"about":[{"href":"https:\/\/www.villaeducativa.edu.mx\/newspaper\/index.php?rest_route=\/wp\/v2\/types\/post"}],"author":[{"embeddable":true,"href":"https:\/\/www.villaeducativa.edu.mx\/newspaper\/index.php?rest_route=\/wp\/v2\/users\/2"}],"replies":[{"embeddable":true,"href":"https:\/\/www.villaeducativa.edu.mx\/newspaper\/index.php?rest_route=%2Fwp%2Fv2%2Fcomments&post=154667"}],"version-history":[{"count":1,"href":"https:\/\/www.villaeducativa.edu.mx\/newspaper\/index.php?rest_route=\/wp\/v2\/posts\/154667\/revisions"}],"predecessor-version":[{"id":154669,"href":"https:\/\/www.villaeducativa.edu.mx\/newspaper\/index.php?rest_route=\/wp\/v2\/posts\/154667\/revisions\/154669"}],"wp:featuredmedia":[{"embeddable":true,"href":"https:\/\/www.villaeducativa.edu.mx\/newspaper\/index.php?rest_route=\/wp\/v2\/media\/154668"}],"wp:attachment":[{"href":"https:\/\/www.villaeducativa.edu.mx\/newspaper\/index.php?rest_route=%2Fwp%2Fv2%2Fmedia&parent=154667"}],"wp:term":[{"taxonomy":"category","embeddable":true,"href":"https:\/\/www.villaeducativa.edu.mx\/newspaper\/index.php?rest_route=%2Fwp%2Fv2%2Fcategories&post=154667"},{"taxonomy":"post_tag","embeddable":true,"href":"https:\/\/www.villaeducativa.edu.mx\/newspaper\/index.php?rest_route=%2Fwp%2Fv2%2Ftags&post=154667"}],"curies":[{"name":"wp","href":"https:\/\/api.w.org\/{rel}","templated":true}]}}