{"id":154597,"date":"2026-02-10T08:40:00","date_gmt":"2026-02-10T14:40:00","guid":{"rendered":"https:\/\/www.villaeducativa.edu.mx\/newspaper\/?p=154597"},"modified":"2026-02-10T19:57:39","modified_gmt":"2026-02-11T01:57:39","slug":"cierres-de-proyecto-2025-2026","status":"publish","type":"post","link":"https:\/\/www.villaeducativa.edu.mx\/newspaper\/?p=154597","title":{"rendered":"Cierres de Proyecto 2025-2026"},"content":{"rendered":"\n<p>Una atm\u00f3sfera de asombro envuelve Villa Educativa.<\/p>\n\n\n\n<p>Algo extraordinario se est\u00e1 gestando en cada rinc\u00f3n de nuestra comunidad. Desde los trazos m\u00e1s peque\u00f1os hasta las visiones m\u00e1s universales, los artistas han comenzado a tejer una red de aprendizajes que pronto saldr\u00e1 a la luz.<\/p>\n\n\n\n<p>En esta gran investigaci\u00f3n colectiva, hemos detectado se\u00f1ales de que:<\/p>\n\n\n\n<p><strong>La vida y el cosmos se encuentran:<\/strong> Mientras los m\u00e1s peque\u00f1os custodian el despertar de <strong>\u00abLittle Seeds, Big Plants\u00bb<\/strong>, los m\u00e1s grandes moldean con sus manos la tridimensionalidad de <strong>\u00abMy Own Universe\u00bb<\/strong>, <strong>La voz se expande:<\/strong> Se escuchan susurros de lenguas diversas en <strong>\u00abCuando comunicar es sentir, mirar y tocar\u00bb<\/strong>, que se entrelazan con los relatos de un <strong>\u00abViaje por M\u00e9xico\u00bb<\/strong>, <strong>El tiempo y la conciencia dialogan:<\/strong> Entre el rescate de historias grabadas en <strong>\u00abFossils: The Eternal Proof of Life\u00bb<\/strong> y el estilo \u00e9tico de <strong>\u00abGRWM&#8230; to Follow My Dreams\u00bb<\/strong>, nuestros investigadores encuentran el hilo de su propia identidad.<\/p>\n\n\n\n<p>Las siguientes fotograf\u00edas son evidencia del aprendizaje y la experiencia adquirida\u2026\u00bfPueden adivinar qu\u00e9 proyecto es de cada Artista de Villa Educativa?<\/p>\n\n\n\n\n\n<div class=\"ngg-galleryoverview ngg-slideshow\"\n\t id=\"ngg-slideshow-22749fcac5a81a014079bdd616209d22-14584077370\"\n     data-gallery-id=\"22749fcac5a81a014079bdd616209d22\"\n     style=\"max-width: 600px; max-height: 400px;\">\n\n \t<div id=\"ngg-image-0\" class=\"ngg-gallery-slideshow-image\" style=\"height:400px\">\n\n        <a href=\"https:\/\/www.villaeducativa.edu.mx\/newspaper\/wp-content\/gallery\/23-cierreproyvilla-pre\/IMG_3184.jpg\"\n           title=\"\"\n           data-src=\"https:\/\/www.villaeducativa.edu.mx\/newspaper\/wp-content\/gallery\/23-cierreproyvilla-pre\/IMG_3184.jpg\"\n           data-thumbnail=\"https:\/\/www.villaeducativa.edu.mx\/newspaper\/wp-content\/gallery\/23-cierreproyvilla-pre\/thumbs\/thumbs_IMG_3184.jpg\"\n           data-image-id=\"81277\"\n           data-title=\"IMG_3184\"\n           data-description=\"\"\n           class=\"ngg-fancybox\" rel=\"22749fcac5a81a014079bdd616209d22\">\n\n            <img data-image-id='81277'\n                 title=\"\"\n                 alt=\"IMG_3184\"\n                 src=\"https:\/\/www.villaeducativa.edu.mx\/newspaper\/wp-content\/gallery\/23-cierreproyvilla-pre\/IMG_3184.jpg\"\n                 style=\"max-height: 380px;\"\/>\n        <\/a>\n\n        <\/div> \n<div id=\"ngg-image-1\" class=\"ngg-gallery-slideshow-image\" style=\"height:400px\">\n\n        <a href=\"https:\/\/www.villaeducativa.edu.mx\/newspaper\/wp-content\/gallery\/23-cierreproyvilla-pre\/IMG_3018.jpg\"\n           title=\"\"\n           data-src=\"https:\/\/www.villaeducativa.edu.mx\/newspaper\/wp-content\/gallery\/23-cierreproyvilla-pre\/IMG_3018.jpg\"\n           data-thumbnail=\"https:\/\/www.villaeducativa.edu.mx\/newspaper\/wp-content\/gallery\/23-cierreproyvilla-pre\/thumbs\/thumbs_IMG_3018.jpg\"\n           data-image-id=\"81269\"\n           data-title=\"IMG_3018\"\n           data-description=\"\"\n           class=\"ngg-fancybox\" rel=\"22749fcac5a81a014079bdd616209d22\">\n\n            <img data-image-id='81269'\n                 title=\"\"\n                 alt=\"IMG_3018\"\n                 src=\"https:\/\/www.villaeducativa.edu.mx\/newspaper\/wp-content\/gallery\/23-cierreproyvilla-pre\/IMG_3018.jpg\"\n                 style=\"max-height: 380px;\"\/>\n        <\/a>\n\n        <\/div> \n<div id=\"ngg-image-2\" class=\"ngg-gallery-slideshow-image\" style=\"height:400px\">\n\n        <a href=\"https:\/\/www.villaeducativa.edu.mx\/newspaper\/wp-content\/gallery\/23-cierreproyvilla-pre\/IMG_3103.jpg\"\n           title=\"\"\n           data-src=\"https:\/\/www.villaeducativa.edu.mx\/newspaper\/wp-content\/gallery\/23-cierreproyvilla-pre\/IMG_3103.jpg\"\n           data-thumbnail=\"https:\/\/www.villaeducativa.edu.mx\/newspaper\/wp-content\/gallery\/23-cierreproyvilla-pre\/thumbs\/thumbs_IMG_3103.jpg\"\n           data-image-id=\"81270\"\n           data-title=\"IMG_3103\"\n           data-description=\"\"\n           class=\"ngg-fancybox\" rel=\"22749fcac5a81a014079bdd616209d22\">\n\n            <img data-image-id='81270'\n                 title=\"\"\n                 alt=\"IMG_3103\"\n                 src=\"https:\/\/www.villaeducativa.edu.mx\/newspaper\/wp-content\/gallery\/23-cierreproyvilla-pre\/IMG_3103.jpg\"\n                 style=\"max-height: 380px;\"\/>\n        <\/a>\n\n        <\/div> \n<div id=\"ngg-image-3\" class=\"ngg-gallery-slideshow-image\" style=\"height:400px\">\n\n        <a href=\"https:\/\/www.villaeducativa.edu.mx\/newspaper\/wp-content\/gallery\/23-cierreproyvilla-pre\/IMG_2544.jpg\"\n           title=\"\"\n           data-src=\"https:\/\/www.villaeducativa.edu.mx\/newspaper\/wp-content\/gallery\/23-cierreproyvilla-pre\/IMG_2544.jpg\"\n           data-thumbnail=\"https:\/\/www.villaeducativa.edu.mx\/newspaper\/wp-content\/gallery\/23-cierreproyvilla-pre\/thumbs\/thumbs_IMG_2544.jpg\"\n           data-image-id=\"81271\"\n           data-title=\"IMG_2544\"\n           data-description=\"\"\n           class=\"ngg-fancybox\" rel=\"22749fcac5a81a014079bdd616209d22\">\n\n            <img data-image-id='81271'\n                 title=\"\"\n                 alt=\"IMG_2544\"\n                 src=\"https:\/\/www.villaeducativa.edu.mx\/newspaper\/wp-content\/gallery\/23-cierreproyvilla-pre\/IMG_2544.jpg\"\n                 style=\"max-height: 380px;\"\/>\n        <\/a>\n\n        <\/div> \n<div id=\"ngg-image-4\" class=\"ngg-gallery-slideshow-image\" style=\"height:400px\">\n\n        <a href=\"https:\/\/www.villaeducativa.edu.mx\/newspaper\/wp-content\/gallery\/23-cierreproyvilla-pre\/IMG_2928.jpg\"\n           title=\"\"\n           data-src=\"https:\/\/www.villaeducativa.edu.mx\/newspaper\/wp-content\/gallery\/23-cierreproyvilla-pre\/IMG_2928.jpg\"\n           data-thumbnail=\"https:\/\/www.villaeducativa.edu.mx\/newspaper\/wp-content\/gallery\/23-cierreproyvilla-pre\/thumbs\/thumbs_IMG_2928.jpg\"\n           data-image-id=\"81272\"\n           data-title=\"IMG_2928\"\n           data-description=\"\"\n           class=\"ngg-fancybox\" rel=\"22749fcac5a81a014079bdd616209d22\">\n\n            <img data-image-id='81272'\n                 title=\"\"\n                 alt=\"IMG_2928\"\n                 src=\"https:\/\/www.villaeducativa.edu.mx\/newspaper\/wp-content\/gallery\/23-cierreproyvilla-pre\/IMG_2928.jpg\"\n                 style=\"max-height: 380px;\"\/>\n        <\/a>\n\n        <\/div> \n<div id=\"ngg-image-5\" class=\"ngg-gallery-slideshow-image\" style=\"height:400px\">\n\n        <a href=\"https:\/\/www.villaeducativa.edu.mx\/newspaper\/wp-content\/gallery\/23-cierreproyvilla-pre\/IMG_2588.jpg\"\n           title=\"\"\n           data-src=\"https:\/\/www.villaeducativa.edu.mx\/newspaper\/wp-content\/gallery\/23-cierreproyvilla-pre\/IMG_2588.jpg\"\n           data-thumbnail=\"https:\/\/www.villaeducativa.edu.mx\/newspaper\/wp-content\/gallery\/23-cierreproyvilla-pre\/thumbs\/thumbs_IMG_2588.jpg\"\n           data-image-id=\"81273\"\n           data-title=\"IMG_2588\"\n           data-description=\"\"\n           class=\"ngg-fancybox\" rel=\"22749fcac5a81a014079bdd616209d22\">\n\n            <img data-image-id='81273'\n                 title=\"\"\n                 alt=\"IMG_2588\"\n                 src=\"https:\/\/www.villaeducativa.edu.mx\/newspaper\/wp-content\/gallery\/23-cierreproyvilla-pre\/IMG_2588.jpg\"\n                 style=\"max-height: 380px;\"\/>\n        <\/a>\n\n        <\/div> \n<div id=\"ngg-image-6\" class=\"ngg-gallery-slideshow-image\" style=\"height:400px\">\n\n        <a href=\"https:\/\/www.villaeducativa.edu.mx\/newspaper\/wp-content\/gallery\/23-cierreproyvilla-pre\/IMG_3127.jpg\"\n           title=\"\"\n           data-src=\"https:\/\/www.villaeducativa.edu.mx\/newspaper\/wp-content\/gallery\/23-cierreproyvilla-pre\/IMG_3127.jpg\"\n           data-thumbnail=\"https:\/\/www.villaeducativa.edu.mx\/newspaper\/wp-content\/gallery\/23-cierreproyvilla-pre\/thumbs\/thumbs_IMG_3127.jpg\"\n           data-image-id=\"81274\"\n           data-title=\"IMG_3127\"\n           data-description=\"\"\n           class=\"ngg-fancybox\" rel=\"22749fcac5a81a014079bdd616209d22\">\n\n            <img data-image-id='81274'\n                 title=\"\"\n                 alt=\"IMG_3127\"\n                 src=\"https:\/\/www.villaeducativa.edu.mx\/newspaper\/wp-content\/gallery\/23-cierreproyvilla-pre\/IMG_3127.jpg\"\n                 style=\"max-height: 380px;\"\/>\n        <\/a>\n\n        <\/div> \n<div id=\"ngg-image-7\" class=\"ngg-gallery-slideshow-image\" style=\"height:400px\">\n\n        <a href=\"https:\/\/www.villaeducativa.edu.mx\/newspaper\/wp-content\/gallery\/23-cierreproyvilla-pre\/IMG_3201.jpg\"\n           title=\"\"\n           data-src=\"https:\/\/www.villaeducativa.edu.mx\/newspaper\/wp-content\/gallery\/23-cierreproyvilla-pre\/IMG_3201.jpg\"\n           data-thumbnail=\"https:\/\/www.villaeducativa.edu.mx\/newspaper\/wp-content\/gallery\/23-cierreproyvilla-pre\/thumbs\/thumbs_IMG_3201.jpg\"\n           data-image-id=\"81275\"\n           data-title=\"IMG_3201\"\n           data-description=\"\"\n           class=\"ngg-fancybox\" rel=\"22749fcac5a81a014079bdd616209d22\">\n\n            <img data-image-id='81275'\n                 title=\"\"\n                 alt=\"IMG_3201\"\n                 src=\"https:\/\/www.villaeducativa.edu.mx\/newspaper\/wp-content\/gallery\/23-cierreproyvilla-pre\/IMG_3201.jpg\"\n                 style=\"max-height: 380px;\"\/>\n        <\/a>\n\n        <\/div> \n<div id=\"ngg-image-8\" class=\"ngg-gallery-slideshow-image\" style=\"height:400px\">\n\n        <a href=\"https:\/\/www.villaeducativa.edu.mx\/newspaper\/wp-content\/gallery\/23-cierreproyvilla-pre\/IMG_3180.jpg\"\n           title=\"\"\n           data-src=\"https:\/\/www.villaeducativa.edu.mx\/newspaper\/wp-content\/gallery\/23-cierreproyvilla-pre\/IMG_3180.jpg\"\n           data-thumbnail=\"https:\/\/www.villaeducativa.edu.mx\/newspaper\/wp-content\/gallery\/23-cierreproyvilla-pre\/thumbs\/thumbs_IMG_3180.jpg\"\n           data-image-id=\"81276\"\n           data-title=\"IMG_3180\"\n           data-description=\"\"\n           class=\"ngg-fancybox\" rel=\"22749fcac5a81a014079bdd616209d22\">\n\n            <img data-image-id='81276'\n                 title=\"\"\n                 alt=\"IMG_3180\"\n                 src=\"https:\/\/www.villaeducativa.edu.mx\/newspaper\/wp-content\/gallery\/23-cierreproyvilla-pre\/IMG_3180.jpg\"\n                 style=\"max-height: 380px;\"\/>\n        <\/a>\n\n        <\/div> \n<div id=\"ngg-image-9\" class=\"ngg-gallery-slideshow-image\" style=\"height:400px\">\n\n        <a href=\"https:\/\/www.villaeducativa.edu.mx\/newspaper\/wp-content\/gallery\/23-cierreproyvilla-pre\/IMG_2304.jpg\"\n           title=\"\"\n           data-src=\"https:\/\/www.villaeducativa.edu.mx\/newspaper\/wp-content\/gallery\/23-cierreproyvilla-pre\/IMG_2304.jpg\"\n           data-thumbnail=\"https:\/\/www.villaeducativa.edu.mx\/newspaper\/wp-content\/gallery\/23-cierreproyvilla-pre\/thumbs\/thumbs_IMG_2304.jpg\"\n           data-image-id=\"81268\"\n           data-title=\"IMG_2304\"\n           data-description=\"\"\n           class=\"ngg-fancybox\" rel=\"22749fcac5a81a014079bdd616209d22\">\n\n            <img data-image-id='81268'\n                 title=\"\"\n                 alt=\"IMG_2304\"\n                 src=\"https:\/\/www.villaeducativa.edu.mx\/newspaper\/wp-content\/gallery\/23-cierreproyvilla-pre\/IMG_2304.jpg\"\n                 style=\"max-height: 380px;\"\/>\n        <\/a>\n\n        <\/div> \n<div id=\"ngg-image-10\" class=\"ngg-gallery-slideshow-image\" style=\"height:400px\">\n\n        <a href=\"https:\/\/www.villaeducativa.edu.mx\/newspaper\/wp-content\/gallery\/23-cierreproyvilla-pre\/IMG_3330.jpg\"\n           title=\"\"\n           data-src=\"https:\/\/www.villaeducativa.edu.mx\/newspaper\/wp-content\/gallery\/23-cierreproyvilla-pre\/IMG_3330.jpg\"\n           data-thumbnail=\"https:\/\/www.villaeducativa.edu.mx\/newspaper\/wp-content\/gallery\/23-cierreproyvilla-pre\/thumbs\/thumbs_IMG_3330.jpg\"\n           data-image-id=\"81278\"\n           data-title=\"IMG_3330\"\n           data-description=\"\"\n           class=\"ngg-fancybox\" rel=\"22749fcac5a81a014079bdd616209d22\">\n\n            <img data-image-id='81278'\n                 title=\"\"\n                 alt=\"IMG_3330\"\n                 src=\"https:\/\/www.villaeducativa.edu.mx\/newspaper\/wp-content\/gallery\/23-cierreproyvilla-pre\/IMG_3330.jpg\"\n                 style=\"max-height: 380px;\"\/>\n        <\/a>\n\n        <\/div> \n<div id=\"ngg-image-11\" class=\"ngg-gallery-slideshow-image\" style=\"height:400px\">\n\n        <a href=\"https:\/\/www.villaeducativa.edu.mx\/newspaper\/wp-content\/gallery\/23-cierreproyvilla-pre\/IMG_3331.jpg\"\n           title=\"\"\n           data-src=\"https:\/\/www.villaeducativa.edu.mx\/newspaper\/wp-content\/gallery\/23-cierreproyvilla-pre\/IMG_3331.jpg\"\n           data-thumbnail=\"https:\/\/www.villaeducativa.edu.mx\/newspaper\/wp-content\/gallery\/23-cierreproyvilla-pre\/thumbs\/thumbs_IMG_3331.jpg\"\n           data-image-id=\"81279\"\n           data-title=\"IMG_3331\"\n           data-description=\"\"\n           class=\"ngg-fancybox\" rel=\"22749fcac5a81a014079bdd616209d22\">\n\n            <img data-image-id='81279'\n                 title=\"\"\n                 alt=\"IMG_3331\"\n                 src=\"https:\/\/www.villaeducativa.edu.mx\/newspaper\/wp-content\/gallery\/23-cierreproyvilla-pre\/IMG_3331.jpg\"\n                 style=\"max-height: 380px;\"\/>\n        <\/a>\n\n        <\/div> \n<div id=\"ngg-image-12\" class=\"ngg-gallery-slideshow-image\" style=\"height:400px\">\n\n        <a href=\"https:\/\/www.villaeducativa.edu.mx\/newspaper\/wp-content\/gallery\/23-cierreproyvilla-pre\/IMG_3480.jpg\"\n           title=\"\"\n           data-src=\"https:\/\/www.villaeducativa.edu.mx\/newspaper\/wp-content\/gallery\/23-cierreproyvilla-pre\/IMG_3480.jpg\"\n           data-thumbnail=\"https:\/\/www.villaeducativa.edu.mx\/newspaper\/wp-content\/gallery\/23-cierreproyvilla-pre\/thumbs\/thumbs_IMG_3480.jpg\"\n           data-image-id=\"81280\"\n           data-title=\"IMG_3480\"\n           data-description=\"\"\n           class=\"ngg-fancybox\" rel=\"22749fcac5a81a014079bdd616209d22\">\n\n            <img data-image-id='81280'\n                 title=\"\"\n                 alt=\"IMG_3480\"\n                 src=\"https:\/\/www.villaeducativa.edu.mx\/newspaper\/wp-content\/gallery\/23-cierreproyvilla-pre\/IMG_3480.jpg\"\n                 style=\"max-height: 380px;\"\/>\n        <\/a>\n\n        <\/div> \n<div id=\"ngg-image-13\" class=\"ngg-gallery-slideshow-image\" style=\"height:400px\">\n\n        <a href=\"https:\/\/www.villaeducativa.edu.mx\/newspaper\/wp-content\/gallery\/23-cierreproyvilla-pre\/IMG_3484.jpg\"\n           title=\"\"\n           data-src=\"https:\/\/www.villaeducativa.edu.mx\/newspaper\/wp-content\/gallery\/23-cierreproyvilla-pre\/IMG_3484.jpg\"\n           data-thumbnail=\"https:\/\/www.villaeducativa.edu.mx\/newspaper\/wp-content\/gallery\/23-cierreproyvilla-pre\/thumbs\/thumbs_IMG_3484.jpg\"\n           data-image-id=\"81281\"\n           data-title=\"IMG_3484\"\n           data-description=\"\"\n           class=\"ngg-fancybox\" rel=\"22749fcac5a81a014079bdd616209d22\">\n\n            <img data-image-id='81281'\n                 title=\"\"\n                 alt=\"IMG_3484\"\n                 src=\"https:\/\/www.villaeducativa.edu.mx\/newspaper\/wp-content\/gallery\/23-cierreproyvilla-pre\/IMG_3484.jpg\"\n                 style=\"max-height: 380px;\"\/>\n        <\/a>\n\n        <\/div> \n<div id=\"ngg-image-14\" class=\"ngg-gallery-slideshow-image\" style=\"height:400px\">\n\n        <a href=\"https:\/\/www.villaeducativa.edu.mx\/newspaper\/wp-content\/gallery\/23-cierreproyvilla-pre\/IMG_3485.jpg\"\n           title=\"\"\n           data-src=\"https:\/\/www.villaeducativa.edu.mx\/newspaper\/wp-content\/gallery\/23-cierreproyvilla-pre\/IMG_3485.jpg\"\n           data-thumbnail=\"https:\/\/www.villaeducativa.edu.mx\/newspaper\/wp-content\/gallery\/23-cierreproyvilla-pre\/thumbs\/thumbs_IMG_3485.jpg\"\n           data-image-id=\"81282\"\n           data-title=\"IMG_3485\"\n           data-description=\"\"\n           class=\"ngg-fancybox\" rel=\"22749fcac5a81a014079bdd616209d22\">\n\n            <img data-image-id='81282'\n                 title=\"\"\n                 alt=\"IMG_3485\"\n                 src=\"https:\/\/www.villaeducativa.edu.mx\/newspaper\/wp-content\/gallery\/23-cierreproyvilla-pre\/IMG_3485.jpg\"\n                 style=\"max-height: 380px;\"\/>\n        <\/a>\n\n        <\/div> \n<div id=\"ngg-image-15\" class=\"ngg-gallery-slideshow-image\" style=\"height:400px\">\n\n        <a href=\"https:\/\/www.villaeducativa.edu.mx\/newspaper\/wp-content\/gallery\/23-cierreproyvilla-pre\/IMG_3483.jpg\"\n           title=\"\"\n           data-src=\"https:\/\/www.villaeducativa.edu.mx\/newspaper\/wp-content\/gallery\/23-cierreproyvilla-pre\/IMG_3483.jpg\"\n           data-thumbnail=\"https:\/\/www.villaeducativa.edu.mx\/newspaper\/wp-content\/gallery\/23-cierreproyvilla-pre\/thumbs\/thumbs_IMG_3483.jpg\"\n           data-image-id=\"81283\"\n           data-title=\"IMG_3483\"\n           data-description=\"\"\n           class=\"ngg-fancybox\" rel=\"22749fcac5a81a014079bdd616209d22\">\n\n            <img data-image-id='81283'\n                 title=\"\"\n                 alt=\"IMG_3483\"\n                 src=\"https:\/\/www.villaeducativa.edu.mx\/newspaper\/wp-content\/gallery\/23-cierreproyvilla-pre\/IMG_3483.jpg\"\n                 style=\"max-height: 380px;\"\/>\n        <\/a>\n\n        <\/div> \n<div id=\"ngg-image-16\" class=\"ngg-gallery-slideshow-image\" style=\"height:400px\">\n\n        <a href=\"https:\/\/www.villaeducativa.edu.mx\/newspaper\/wp-content\/gallery\/23-cierreproyvilla-pre\/IMG_3487.jpg\"\n           title=\"\"\n           data-src=\"https:\/\/www.villaeducativa.edu.mx\/newspaper\/wp-content\/gallery\/23-cierreproyvilla-pre\/IMG_3487.jpg\"\n           data-thumbnail=\"https:\/\/www.villaeducativa.edu.mx\/newspaper\/wp-content\/gallery\/23-cierreproyvilla-pre\/thumbs\/thumbs_IMG_3487.jpg\"\n           data-image-id=\"81284\"\n           data-title=\"IMG_3487\"\n           data-description=\"\"\n           class=\"ngg-fancybox\" rel=\"22749fcac5a81a014079bdd616209d22\">\n\n            <img data-image-id='81284'\n                 title=\"\"\n                 alt=\"IMG_3487\"\n                 src=\"https:\/\/www.villaeducativa.edu.mx\/newspaper\/wp-content\/gallery\/23-cierreproyvilla-pre\/IMG_3487.jpg\"\n                 style=\"max-height: 380px;\"\/>\n        <\/a>\n\n        <\/div> \n<div id=\"ngg-image-17\" class=\"ngg-gallery-slideshow-image\" style=\"height:400px\">\n\n        <a href=\"https:\/\/www.villaeducativa.edu.mx\/newspaper\/wp-content\/gallery\/23-cierreproyvilla-pre\/IMG_2029.jpg\"\n           title=\"\"\n           data-src=\"https:\/\/www.villaeducativa.edu.mx\/newspaper\/wp-content\/gallery\/23-cierreproyvilla-pre\/IMG_2029.jpg\"\n           data-thumbnail=\"https:\/\/www.villaeducativa.edu.mx\/newspaper\/wp-content\/gallery\/23-cierreproyvilla-pre\/thumbs\/thumbs_IMG_2029.jpg\"\n           data-image-id=\"81260\"\n           data-title=\"IMG_2029\"\n           data-description=\"\"\n           class=\"ngg-fancybox\" rel=\"22749fcac5a81a014079bdd616209d22\">\n\n            <img data-image-id='81260'\n                 title=\"\"\n                 alt=\"IMG_2029\"\n                 src=\"https:\/\/www.villaeducativa.edu.mx\/newspaper\/wp-content\/gallery\/23-cierreproyvilla-pre\/IMG_2029.jpg\"\n                 style=\"max-height: 380px;\"\/>\n        <\/a>\n\n        <\/div> \n<div id=\"ngg-image-18\" class=\"ngg-gallery-slideshow-image\" style=\"height:400px\">\n\n        <a href=\"https:\/\/www.villaeducativa.edu.mx\/newspaper\/wp-content\/gallery\/23-cierreproyvilla-pre\/IMG_1664.jpg\"\n           title=\"\"\n           data-src=\"https:\/\/www.villaeducativa.edu.mx\/newspaper\/wp-content\/gallery\/23-cierreproyvilla-pre\/IMG_1664.jpg\"\n           data-thumbnail=\"https:\/\/www.villaeducativa.edu.mx\/newspaper\/wp-content\/gallery\/23-cierreproyvilla-pre\/thumbs\/thumbs_IMG_1664.jpg\"\n           data-image-id=\"81252\"\n           data-title=\"IMG_1664\"\n           data-description=\"\"\n           class=\"ngg-fancybox\" rel=\"22749fcac5a81a014079bdd616209d22\">\n\n            <img data-image-id='81252'\n                 title=\"\"\n                 alt=\"IMG_1664\"\n                 src=\"https:\/\/www.villaeducativa.edu.mx\/newspaper\/wp-content\/gallery\/23-cierreproyvilla-pre\/IMG_1664.jpg\"\n                 style=\"max-height: 380px;\"\/>\n        <\/a>\n\n        <\/div> \n<div id=\"ngg-image-19\" class=\"ngg-gallery-slideshow-image\" style=\"height:400px\">\n\n        <a href=\"https:\/\/www.villaeducativa.edu.mx\/newspaper\/wp-content\/gallery\/23-cierreproyvilla-pre\/IMG_1694.jpg\"\n           title=\"\"\n           data-src=\"https:\/\/www.villaeducativa.edu.mx\/newspaper\/wp-content\/gallery\/23-cierreproyvilla-pre\/IMG_1694.jpg\"\n           data-thumbnail=\"https:\/\/www.villaeducativa.edu.mx\/newspaper\/wp-content\/gallery\/23-cierreproyvilla-pre\/thumbs\/thumbs_IMG_1694.jpg\"\n           data-image-id=\"81253\"\n           data-title=\"IMG_1694\"\n           data-description=\"\"\n           class=\"ngg-fancybox\" rel=\"22749fcac5a81a014079bdd616209d22\">\n\n            <img data-image-id='81253'\n                 title=\"\"\n                 alt=\"IMG_1694\"\n                 src=\"https:\/\/www.villaeducativa.edu.mx\/newspaper\/wp-content\/gallery\/23-cierreproyvilla-pre\/IMG_1694.jpg\"\n                 style=\"max-height: 380px;\"\/>\n        <\/a>\n\n        <\/div> \n<div id=\"ngg-image-20\" class=\"ngg-gallery-slideshow-image\" style=\"height:400px\">\n\n        <a href=\"https:\/\/www.villaeducativa.edu.mx\/newspaper\/wp-content\/gallery\/23-cierreproyvilla-pre\/IMG_1711.jpg\"\n           title=\"\"\n           data-src=\"https:\/\/www.villaeducativa.edu.mx\/newspaper\/wp-content\/gallery\/23-cierreproyvilla-pre\/IMG_1711.jpg\"\n           data-thumbnail=\"https:\/\/www.villaeducativa.edu.mx\/newspaper\/wp-content\/gallery\/23-cierreproyvilla-pre\/thumbs\/thumbs_IMG_1711.jpg\"\n           data-image-id=\"81254\"\n           data-title=\"IMG_1711\"\n           data-description=\"\"\n           class=\"ngg-fancybox\" rel=\"22749fcac5a81a014079bdd616209d22\">\n\n            <img data-image-id='81254'\n                 title=\"\"\n                 alt=\"IMG_1711\"\n                 src=\"https:\/\/www.villaeducativa.edu.mx\/newspaper\/wp-content\/gallery\/23-cierreproyvilla-pre\/IMG_1711.jpg\"\n                 style=\"max-height: 380px;\"\/>\n        <\/a>\n\n        <\/div> \n<div id=\"ngg-image-21\" class=\"ngg-gallery-slideshow-image\" style=\"height:400px\">\n\n        <a href=\"https:\/\/www.villaeducativa.edu.mx\/newspaper\/wp-content\/gallery\/23-cierreproyvilla-pre\/IMG_1811.jpg\"\n           title=\"\"\n           data-src=\"https:\/\/www.villaeducativa.edu.mx\/newspaper\/wp-content\/gallery\/23-cierreproyvilla-pre\/IMG_1811.jpg\"\n           data-thumbnail=\"https:\/\/www.villaeducativa.edu.mx\/newspaper\/wp-content\/gallery\/23-cierreproyvilla-pre\/thumbs\/thumbs_IMG_1811.jpg\"\n           data-image-id=\"81255\"\n           data-title=\"IMG_1811\"\n           data-description=\"\"\n           class=\"ngg-fancybox\" rel=\"22749fcac5a81a014079bdd616209d22\">\n\n            <img data-image-id='81255'\n                 title=\"\"\n                 alt=\"IMG_1811\"\n                 src=\"https:\/\/www.villaeducativa.edu.mx\/newspaper\/wp-content\/gallery\/23-cierreproyvilla-pre\/IMG_1811.jpg\"\n                 style=\"max-height: 380px;\"\/>\n        <\/a>\n\n        <\/div> \n<div id=\"ngg-image-22\" class=\"ngg-gallery-slideshow-image\" style=\"height:400px\">\n\n        <a href=\"https:\/\/www.villaeducativa.edu.mx\/newspaper\/wp-content\/gallery\/23-cierreproyvilla-pre\/IMG_1919.jpg\"\n           title=\"\"\n           data-src=\"https:\/\/www.villaeducativa.edu.mx\/newspaper\/wp-content\/gallery\/23-cierreproyvilla-pre\/IMG_1919.jpg\"\n           data-thumbnail=\"https:\/\/www.villaeducativa.edu.mx\/newspaper\/wp-content\/gallery\/23-cierreproyvilla-pre\/thumbs\/thumbs_IMG_1919.jpg\"\n           data-image-id=\"81256\"\n           data-title=\"IMG_1919\"\n           data-description=\"\"\n           class=\"ngg-fancybox\" rel=\"22749fcac5a81a014079bdd616209d22\">\n\n            <img data-image-id='81256'\n                 title=\"\"\n                 alt=\"IMG_1919\"\n                 src=\"https:\/\/www.villaeducativa.edu.mx\/newspaper\/wp-content\/gallery\/23-cierreproyvilla-pre\/IMG_1919.jpg\"\n                 style=\"max-height: 380px;\"\/>\n        <\/a>\n\n        <\/div> \n<div id=\"ngg-image-23\" class=\"ngg-gallery-slideshow-image\" style=\"height:400px\">\n\n        <a href=\"https:\/\/www.villaeducativa.edu.mx\/newspaper\/wp-content\/gallery\/23-cierreproyvilla-pre\/IMG_2180.jpg\"\n           title=\"\"\n           data-src=\"https:\/\/www.villaeducativa.edu.mx\/newspaper\/wp-content\/gallery\/23-cierreproyvilla-pre\/IMG_2180.jpg\"\n           data-thumbnail=\"https:\/\/www.villaeducativa.edu.mx\/newspaper\/wp-content\/gallery\/23-cierreproyvilla-pre\/thumbs\/thumbs_IMG_2180.jpg\"\n           data-image-id=\"81257\"\n           data-title=\"IMG_2180\"\n           data-description=\"\"\n           class=\"ngg-fancybox\" rel=\"22749fcac5a81a014079bdd616209d22\">\n\n            <img data-image-id='81257'\n                 title=\"\"\n                 alt=\"IMG_2180\"\n                 src=\"https:\/\/www.villaeducativa.edu.mx\/newspaper\/wp-content\/gallery\/23-cierreproyvilla-pre\/IMG_2180.jpg\"\n                 style=\"max-height: 380px;\"\/>\n        <\/a>\n\n        <\/div> \n<div id=\"ngg-image-24\" class=\"ngg-gallery-slideshow-image\" style=\"height:400px\">\n\n        <a href=\"https:\/\/www.villaeducativa.edu.mx\/newspaper\/wp-content\/gallery\/23-cierreproyvilla-pre\/IMG_2030.jpg\"\n           title=\"\"\n           data-src=\"https:\/\/www.villaeducativa.edu.mx\/newspaper\/wp-content\/gallery\/23-cierreproyvilla-pre\/IMG_2030.jpg\"\n           data-thumbnail=\"https:\/\/www.villaeducativa.edu.mx\/newspaper\/wp-content\/gallery\/23-cierreproyvilla-pre\/thumbs\/thumbs_IMG_2030.jpg\"\n           data-image-id=\"81258\"\n           data-title=\"IMG_2030\"\n           data-description=\"\"\n           class=\"ngg-fancybox\" rel=\"22749fcac5a81a014079bdd616209d22\">\n\n            <img data-image-id='81258'\n                 title=\"\"\n                 alt=\"IMG_2030\"\n                 src=\"https:\/\/www.villaeducativa.edu.mx\/newspaper\/wp-content\/gallery\/23-cierreproyvilla-pre\/IMG_2030.jpg\"\n                 style=\"max-height: 380px;\"\/>\n        <\/a>\n\n        <\/div> \n<div id=\"ngg-image-25\" class=\"ngg-gallery-slideshow-image\" style=\"height:400px\">\n\n        <a href=\"https:\/\/www.villaeducativa.edu.mx\/newspaper\/wp-content\/gallery\/23-cierreproyvilla-pre\/IMG_1952.jpg\"\n           title=\"\"\n           data-src=\"https:\/\/www.villaeducativa.edu.mx\/newspaper\/wp-content\/gallery\/23-cierreproyvilla-pre\/IMG_1952.jpg\"\n           data-thumbnail=\"https:\/\/www.villaeducativa.edu.mx\/newspaper\/wp-content\/gallery\/23-cierreproyvilla-pre\/thumbs\/thumbs_IMG_1952.jpg\"\n           data-image-id=\"81259\"\n           data-title=\"IMG_1952\"\n           data-description=\"\"\n           class=\"ngg-fancybox\" rel=\"22749fcac5a81a014079bdd616209d22\">\n\n            <img data-image-id='81259'\n                 title=\"\"\n                 alt=\"IMG_1952\"\n                 src=\"https:\/\/www.villaeducativa.edu.mx\/newspaper\/wp-content\/gallery\/23-cierreproyvilla-pre\/IMG_1952.jpg\"\n                 style=\"max-height: 380px;\"\/>\n        <\/a>\n\n        <\/div> \n<div id=\"ngg-image-26\" class=\"ngg-gallery-slideshow-image\" style=\"height:400px\">\n\n        <a href=\"https:\/\/www.villaeducativa.edu.mx\/newspaper\/wp-content\/gallery\/23-cierreproyvilla-pre\/IMG_3488.jpg\"\n           title=\"\"\n           data-src=\"https:\/\/www.villaeducativa.edu.mx\/newspaper\/wp-content\/gallery\/23-cierreproyvilla-pre\/IMG_3488.jpg\"\n           data-thumbnail=\"https:\/\/www.villaeducativa.edu.mx\/newspaper\/wp-content\/gallery\/23-cierreproyvilla-pre\/thumbs\/thumbs_IMG_3488.jpg\"\n           data-image-id=\"81251\"\n           data-title=\"IMG_3488\"\n           data-description=\"\"\n           class=\"ngg-fancybox\" rel=\"22749fcac5a81a014079bdd616209d22\">\n\n            <img data-image-id='81251'\n                 title=\"\"\n                 alt=\"IMG_3488\"\n                 src=\"https:\/\/www.villaeducativa.edu.mx\/newspaper\/wp-content\/gallery\/23-cierreproyvilla-pre\/IMG_3488.jpg\"\n                 style=\"max-height: 380px;\"\/>\n        <\/a>\n\n        <\/div> \n<div id=\"ngg-image-27\" class=\"ngg-gallery-slideshow-image\" style=\"height:400px\">\n\n        <a href=\"https:\/\/www.villaeducativa.edu.mx\/newspaper\/wp-content\/gallery\/23-cierreproyvilla-pre\/IMG_2072.jpg\"\n           title=\"\"\n           data-src=\"https:\/\/www.villaeducativa.edu.mx\/newspaper\/wp-content\/gallery\/23-cierreproyvilla-pre\/IMG_2072.jpg\"\n           data-thumbnail=\"https:\/\/www.villaeducativa.edu.mx\/newspaper\/wp-content\/gallery\/23-cierreproyvilla-pre\/thumbs\/thumbs_IMG_2072.jpg\"\n           data-image-id=\"81261\"\n           data-title=\"IMG_2072\"\n           data-description=\"\"\n           class=\"ngg-fancybox\" rel=\"22749fcac5a81a014079bdd616209d22\">\n\n            <img data-image-id='81261'\n                 title=\"\"\n                 alt=\"IMG_2072\"\n                 src=\"https:\/\/www.villaeducativa.edu.mx\/newspaper\/wp-content\/gallery\/23-cierreproyvilla-pre\/IMG_2072.jpg\"\n                 style=\"max-height: 380px;\"\/>\n        <\/a>\n\n        <\/div> \n<div id=\"ngg-image-28\" class=\"ngg-gallery-slideshow-image\" style=\"height:400px\">\n\n        <a href=\"https:\/\/www.villaeducativa.edu.mx\/newspaper\/wp-content\/gallery\/23-cierreproyvilla-pre\/IMG_2210.jpg\"\n           title=\"\"\n           data-src=\"https:\/\/www.villaeducativa.edu.mx\/newspaper\/wp-content\/gallery\/23-cierreproyvilla-pre\/IMG_2210.jpg\"\n           data-thumbnail=\"https:\/\/www.villaeducativa.edu.mx\/newspaper\/wp-content\/gallery\/23-cierreproyvilla-pre\/thumbs\/thumbs_IMG_2210.jpg\"\n           data-image-id=\"81262\"\n           data-title=\"IMG_2210\"\n           data-description=\"\"\n           class=\"ngg-fancybox\" rel=\"22749fcac5a81a014079bdd616209d22\">\n\n            <img data-image-id='81262'\n                 title=\"\"\n                 alt=\"IMG_2210\"\n                 src=\"https:\/\/www.villaeducativa.edu.mx\/newspaper\/wp-content\/gallery\/23-cierreproyvilla-pre\/IMG_2210.jpg\"\n                 style=\"max-height: 380px;\"\/>\n        <\/a>\n\n        <\/div> \n<div id=\"ngg-image-29\" class=\"ngg-gallery-slideshow-image\" style=\"height:400px\">\n\n        <a href=\"https:\/\/www.villaeducativa.edu.mx\/newspaper\/wp-content\/gallery\/23-cierreproyvilla-pre\/IMG_2214.jpg\"\n           title=\"\"\n           data-src=\"https:\/\/www.villaeducativa.edu.mx\/newspaper\/wp-content\/gallery\/23-cierreproyvilla-pre\/IMG_2214.jpg\"\n           data-thumbnail=\"https:\/\/www.villaeducativa.edu.mx\/newspaper\/wp-content\/gallery\/23-cierreproyvilla-pre\/thumbs\/thumbs_IMG_2214.jpg\"\n           data-image-id=\"81263\"\n           data-title=\"IMG_2214\"\n           data-description=\"\"\n           class=\"ngg-fancybox\" rel=\"22749fcac5a81a014079bdd616209d22\">\n\n            <img data-image-id='81263'\n                 title=\"\"\n                 alt=\"IMG_2214\"\n                 src=\"https:\/\/www.villaeducativa.edu.mx\/newspaper\/wp-content\/gallery\/23-cierreproyvilla-pre\/IMG_2214.jpg\"\n                 style=\"max-height: 380px;\"\/>\n        <\/a>\n\n        <\/div> \n<div id=\"ngg-image-30\" class=\"ngg-gallery-slideshow-image\" style=\"height:400px\">\n\n        <a href=\"https:\/\/www.villaeducativa.edu.mx\/newspaper\/wp-content\/gallery\/23-cierreproyvilla-pre\/IMG_2218.jpg\"\n           title=\"\"\n           data-src=\"https:\/\/www.villaeducativa.edu.mx\/newspaper\/wp-content\/gallery\/23-cierreproyvilla-pre\/IMG_2218.jpg\"\n           data-thumbnail=\"https:\/\/www.villaeducativa.edu.mx\/newspaper\/wp-content\/gallery\/23-cierreproyvilla-pre\/thumbs\/thumbs_IMG_2218.jpg\"\n           data-image-id=\"81264\"\n           data-title=\"IMG_2218\"\n           data-description=\"\"\n           class=\"ngg-fancybox\" rel=\"22749fcac5a81a014079bdd616209d22\">\n\n            <img data-image-id='81264'\n                 title=\"\"\n                 alt=\"IMG_2218\"\n                 src=\"https:\/\/www.villaeducativa.edu.mx\/newspaper\/wp-content\/gallery\/23-cierreproyvilla-pre\/IMG_2218.jpg\"\n                 style=\"max-height: 380px;\"\/>\n        <\/a>\n\n        <\/div> \n<div id=\"ngg-image-31\" class=\"ngg-gallery-slideshow-image\" style=\"height:400px\">\n\n        <a href=\"https:\/\/www.villaeducativa.edu.mx\/newspaper\/wp-content\/gallery\/23-cierreproyvilla-pre\/IMG_2269.jpg\"\n           title=\"\"\n           data-src=\"https:\/\/www.villaeducativa.edu.mx\/newspaper\/wp-content\/gallery\/23-cierreproyvilla-pre\/IMG_2269.jpg\"\n           data-thumbnail=\"https:\/\/www.villaeducativa.edu.mx\/newspaper\/wp-content\/gallery\/23-cierreproyvilla-pre\/thumbs\/thumbs_IMG_2269.jpg\"\n           data-image-id=\"81265\"\n           data-title=\"IMG_2269\"\n           data-description=\"\"\n           class=\"ngg-fancybox\" rel=\"22749fcac5a81a014079bdd616209d22\">\n\n            <img data-image-id='81265'\n                 title=\"\"\n                 alt=\"IMG_2269\"\n                 src=\"https:\/\/www.villaeducativa.edu.mx\/newspaper\/wp-content\/gallery\/23-cierreproyvilla-pre\/IMG_2269.jpg\"\n                 style=\"max-height: 380px;\"\/>\n        <\/a>\n\n        <\/div> \n<div id=\"ngg-image-32\" class=\"ngg-gallery-slideshow-image\" style=\"height:400px\">\n\n        <a href=\"https:\/\/www.villaeducativa.edu.mx\/newspaper\/wp-content\/gallery\/23-cierreproyvilla-pre\/IMG_2296.jpg\"\n           title=\"\"\n           data-src=\"https:\/\/www.villaeducativa.edu.mx\/newspaper\/wp-content\/gallery\/23-cierreproyvilla-pre\/IMG_2296.jpg\"\n           data-thumbnail=\"https:\/\/www.villaeducativa.edu.mx\/newspaper\/wp-content\/gallery\/23-cierreproyvilla-pre\/thumbs\/thumbs_IMG_2296.jpg\"\n           data-image-id=\"81266\"\n           data-title=\"IMG_2296\"\n           data-description=\"\"\n           class=\"ngg-fancybox\" rel=\"22749fcac5a81a014079bdd616209d22\">\n\n            <img data-image-id='81266'\n                 title=\"\"\n                 alt=\"IMG_2296\"\n                 src=\"https:\/\/www.villaeducativa.edu.mx\/newspaper\/wp-content\/gallery\/23-cierreproyvilla-pre\/IMG_2296.jpg\"\n                 style=\"max-height: 380px;\"\/>\n        <\/a>\n\n        <\/div> \n<div id=\"ngg-image-33\" class=\"ngg-gallery-slideshow-image\" style=\"height:400px\">\n\n        <a href=\"https:\/\/www.villaeducativa.edu.mx\/newspaper\/wp-content\/gallery\/23-cierreproyvilla-pre\/IMG_2266.jpg\"\n           title=\"\"\n           data-src=\"https:\/\/www.villaeducativa.edu.mx\/newspaper\/wp-content\/gallery\/23-cierreproyvilla-pre\/IMG_2266.jpg\"\n           data-thumbnail=\"https:\/\/www.villaeducativa.edu.mx\/newspaper\/wp-content\/gallery\/23-cierreproyvilla-pre\/thumbs\/thumbs_IMG_2266.jpg\"\n           data-image-id=\"81267\"\n           data-title=\"IMG_2266\"\n           data-description=\"\"\n           class=\"ngg-fancybox\" rel=\"22749fcac5a81a014079bdd616209d22\">\n\n            <img data-image-id='81267'\n                 title=\"\"\n                 alt=\"IMG_2266\"\n                 src=\"https:\/\/www.villaeducativa.edu.mx\/newspaper\/wp-content\/gallery\/23-cierreproyvilla-pre\/IMG_2266.jpg\"\n                 style=\"max-height: 380px;\"\/>\n        <\/a>\n\n        <\/div> \n<\/div>\n\n\n\n\n\n\n\n<p><em>\u00abNo soy pincel de museo, pero pinto con el coraz\u00f3n; mis manos a\u00fan son peque\u00f1as, pero mi imaginaci\u00f3n no tiene rinc\u00f3n. \u00bfQui\u00e9n soy?\u00bb<\/em>&nbsp;<\/p>\n\n\n\n<p><em>\u00a1Exacto! Son los trazos de sus peque\u00f1os grandes artistas!<\/em><\/p>\n\n\n\n<p><em>Les compartimos las fechas y los horarios de cada<strong> Cierre de Proyecto<\/strong>.<\/em><\/p>\n\n\n\n<ul><li><strong><em>1\u00ba Grado: Little Seeds, Big Plants<br><\/em><\/strong><em>Lunes 23 de febrero: 1A (8:00) | 1B (9:30) | 1C (11:30) | 1D (1:00)<\/em><br><\/li><li><strong><em>6\u00ba Grado: \u00abMy Own Universe\u00bb<br><\/em><\/strong><em>Martes 24 de febrero: 6A (8:00) | 6B (9:30) | 6C (11:30) | 6D (1:00)<\/em><br><\/li><li><strong><em>2\u00ba Grado: \u00abCuando comunicar es sentir, mirar y tocar\u00bb<br><\/em><\/strong><em>Mi\u00e9rcoles 25 de febrero: 2A (8:00) | 2B (9:30) | 2C (11:30) | 2D (1:00)<\/em><br><\/li><li><strong><em>5\u00ba Grado: GRWM&#8230; to Follow My Dreams<br><\/em><\/strong><em>Jueves 26 de febrero: 5A (8:30) | 5B (10:30) | 5C (12:30)<\/em><br><\/li><li><strong><em>3\u00ba Grado: Fossils: The Eternal Proof of Life<br><\/em><\/strong><em>Lunes 2 de marzo: 3A (8:00) | 3B (9:30) | 3C (11:30) | 3D (1:00)<\/em><br><\/li><li><strong><em>4\u00ba Grado: \u00abUn viaje por M\u00e9xico\u00bb<br><\/em><\/strong><em>Mi\u00e9rcoles 4 de marzo: 4A (8:30) | 4B (10:30) | 4C (12:30)<\/em><\/li><\/ul>\n\n\n\n<p>Preparen sus sentidos: lo invisible est\u00e1 por hacerse visible.<\/p>\n\n\n\n<p><\/p>\n\n\n\n<p><span class=\"has-inline-color has-vivid-cyan-blue-color\"><strong>Emma Ochoa y Mariana Caballero<\/strong><br><strong>Atelier Villa Educativa<\/strong><\/span><\/p>\n\n\n\n\n\n<div class=\"ngg-galleryoverview ngg-slideshow\"\n\t id=\"ngg-slideshow-5f75a12f7bcf1a58f84903b177abbca9-3828442260\"\n     data-gallery-id=\"5f75a12f7bcf1a58f84903b177abbca9\"\n     style=\"max-width: 400px; max-height: 720px;\">\n\n \t<div id=\"ngg-image-0\" class=\"ngg-gallery-slideshow-image\" style=\"height:720px\">\n\n        <a href=\"https:\/\/www.villaeducativa.edu.mx\/newspaper\/wp-content\/gallery\/23-cierreinvitaciones\/1.jpg\"\n           title=\"\"\n           data-src=\"https:\/\/www.villaeducativa.edu.mx\/newspaper\/wp-content\/gallery\/23-cierreinvitaciones\/1.jpg\"\n           data-thumbnail=\"https:\/\/www.villaeducativa.edu.mx\/newspaper\/wp-content\/gallery\/23-cierreinvitaciones\/thumbs\/thumbs_1.jpg\"\n           data-image-id=\"81286\"\n           data-title=\"1\"\n           data-description=\"\"\n           class=\"ngg-fancybox\" rel=\"5f75a12f7bcf1a58f84903b177abbca9\">\n\n            <img data-image-id='81286'\n                 title=\"\"\n                 alt=\"1\"\n                 src=\"https:\/\/www.villaeducativa.edu.mx\/newspaper\/wp-content\/gallery\/23-cierreinvitaciones\/1.jpg\"\n                 style=\"max-height: 700px;\"\/>\n        <\/a>\n\n        <\/div> \n<div id=\"ngg-image-1\" class=\"ngg-gallery-slideshow-image\" style=\"height:720px\">\n\n        <a href=\"https:\/\/www.villaeducativa.edu.mx\/newspaper\/wp-content\/gallery\/23-cierreinvitaciones\/2.jpg\"\n           title=\"\"\n           data-src=\"https:\/\/www.villaeducativa.edu.mx\/newspaper\/wp-content\/gallery\/23-cierreinvitaciones\/2.jpg\"\n           data-thumbnail=\"https:\/\/www.villaeducativa.edu.mx\/newspaper\/wp-content\/gallery\/23-cierreinvitaciones\/thumbs\/thumbs_2.jpg\"\n           data-image-id=\"81287\"\n           data-title=\"2\"\n           data-description=\"\"\n           class=\"ngg-fancybox\" rel=\"5f75a12f7bcf1a58f84903b177abbca9\">\n\n            <img data-image-id='81287'\n                 title=\"\"\n                 alt=\"2\"\n                 src=\"https:\/\/www.villaeducativa.edu.mx\/newspaper\/wp-content\/gallery\/23-cierreinvitaciones\/2.jpg\"\n                 style=\"max-height: 700px;\"\/>\n        <\/a>\n\n        <\/div> \n<div id=\"ngg-image-2\" class=\"ngg-gallery-slideshow-image\" style=\"height:720px\">\n\n        <a href=\"https:\/\/www.villaeducativa.edu.mx\/newspaper\/wp-content\/gallery\/23-cierreinvitaciones\/3.jpg\"\n           title=\"\"\n           data-src=\"https:\/\/www.villaeducativa.edu.mx\/newspaper\/wp-content\/gallery\/23-cierreinvitaciones\/3.jpg\"\n           data-thumbnail=\"https:\/\/www.villaeducativa.edu.mx\/newspaper\/wp-content\/gallery\/23-cierreinvitaciones\/thumbs\/thumbs_3.jpg\"\n           data-image-id=\"81288\"\n           data-title=\"3\"\n           data-description=\"\"\n           class=\"ngg-fancybox\" rel=\"5f75a12f7bcf1a58f84903b177abbca9\">\n\n            <img data-image-id='81288'\n                 title=\"\"\n                 alt=\"3\"\n                 src=\"https:\/\/www.villaeducativa.edu.mx\/newspaper\/wp-content\/gallery\/23-cierreinvitaciones\/3.jpg\"\n                 style=\"max-height: 700px;\"\/>\n        <\/a>\n\n        <\/div> \n<div id=\"ngg-image-3\" class=\"ngg-gallery-slideshow-image\" style=\"height:720px\">\n\n        <a href=\"https:\/\/www.villaeducativa.edu.mx\/newspaper\/wp-content\/gallery\/23-cierreinvitaciones\/4-1.jpg\"\n           title=\"\"\n           data-src=\"https:\/\/www.villaeducativa.edu.mx\/newspaper\/wp-content\/gallery\/23-cierreinvitaciones\/4-1.jpg\"\n           data-thumbnail=\"https:\/\/www.villaeducativa.edu.mx\/newspaper\/wp-content\/gallery\/23-cierreinvitaciones\/thumbs\/thumbs_4-1.jpg\"\n           data-image-id=\"81342\"\n           data-title=\"4-1\"\n           data-description=\"\"\n           class=\"ngg-fancybox\" rel=\"5f75a12f7bcf1a58f84903b177abbca9\">\n\n            <img data-image-id='81342'\n                 title=\"\"\n                 alt=\"4-1\"\n                 src=\"https:\/\/www.villaeducativa.edu.mx\/newspaper\/wp-content\/gallery\/23-cierreinvitaciones\/4-1.jpg\"\n                 style=\"max-height: 700px;\"\/>\n        <\/a>\n\n        <\/div> \n<div id=\"ngg-image-4\" class=\"ngg-gallery-slideshow-image\" style=\"height:720px\">\n\n        <a href=\"https:\/\/www.villaeducativa.edu.mx\/newspaper\/wp-content\/gallery\/23-cierreinvitaciones\/5.jpg\"\n           title=\"\"\n           data-src=\"https:\/\/www.villaeducativa.edu.mx\/newspaper\/wp-content\/gallery\/23-cierreinvitaciones\/5.jpg\"\n           data-thumbnail=\"https:\/\/www.villaeducativa.edu.mx\/newspaper\/wp-content\/gallery\/23-cierreinvitaciones\/thumbs\/thumbs_5.jpg\"\n           data-image-id=\"81290\"\n           data-title=\"5\"\n           data-description=\"\"\n           class=\"ngg-fancybox\" rel=\"5f75a12f7bcf1a58f84903b177abbca9\">\n\n            <img data-image-id='81290'\n                 title=\"\"\n                 alt=\"5\"\n                 src=\"https:\/\/www.villaeducativa.edu.mx\/newspaper\/wp-content\/gallery\/23-cierreinvitaciones\/5.jpg\"\n                 style=\"max-height: 700px;\"\/>\n        <\/a>\n\n        <\/div> \n<div id=\"ngg-image-5\" class=\"ngg-gallery-slideshow-image\" style=\"height:720px\">\n\n        <a href=\"https:\/\/www.villaeducativa.edu.mx\/newspaper\/wp-content\/gallery\/23-cierreinvitaciones\/6.jpg\"\n           title=\"\"\n           data-src=\"https:\/\/www.villaeducativa.edu.mx\/newspaper\/wp-content\/gallery\/23-cierreinvitaciones\/6.jpg\"\n           data-thumbnail=\"https:\/\/www.villaeducativa.edu.mx\/newspaper\/wp-content\/gallery\/23-cierreinvitaciones\/thumbs\/thumbs_6.jpg\"\n           data-image-id=\"81285\"\n           data-title=\"6\"\n           data-description=\"\"\n           class=\"ngg-fancybox\" rel=\"5f75a12f7bcf1a58f84903b177abbca9\">\n\n            <img data-image-id='81285'\n                 title=\"\"\n                 alt=\"6\"\n                 src=\"https:\/\/www.villaeducativa.edu.mx\/newspaper\/wp-content\/gallery\/23-cierreinvitaciones\/6.jpg\"\n                 style=\"max-height: 700px;\"\/>\n        <\/a>\n\n        <\/div> \n<\/div>\n\n\n\n\n","protected":false},"excerpt":{"rendered":"<p>Una atm\u00f3sfera de asombro envuelve Villa Educativa. Algo extraordinario se est\u00e1 gestando en cada rinc\u00f3n de nuestra comunidad. Desde los trazos m\u00e1s peque\u00f1os hasta las visiones m\u00e1s universales, los artistas han comenzado a tejer una red de aprendizajes que pronto saldr\u00e1 a la luz. En esta gran investigaci\u00f3n colectiva, hemos&hellip; <\/p>\n","protected":false},"author":2,"featured_media":154642,"comment_status":"closed","ping_status":"closed","sticky":false,"template":"","format":"standard","meta":{"ngg_post_thumbnail":0},"categories":[3],"tags":[],"_links":{"self":[{"href":"https:\/\/www.villaeducativa.edu.mx\/newspaper\/index.php?rest_route=\/wp\/v2\/posts\/154597"}],"collection":[{"href":"https:\/\/www.villaeducativa.edu.mx\/newspaper\/index.php?rest_route=\/wp\/v2\/posts"}],"about":[{"href":"https:\/\/www.villaeducativa.edu.mx\/newspaper\/index.php?rest_route=\/wp\/v2\/types\/post"}],"author":[{"embeddable":true,"href":"https:\/\/www.villaeducativa.edu.mx\/newspaper\/index.php?rest_route=\/wp\/v2\/users\/2"}],"replies":[{"embeddable":true,"href":"https:\/\/www.villaeducativa.edu.mx\/newspaper\/index.php?rest_route=%2Fwp%2Fv2%2Fcomments&post=154597"}],"version-history":[{"count":3,"href":"https:\/\/www.villaeducativa.edu.mx\/newspaper\/index.php?rest_route=\/wp\/v2\/posts\/154597\/revisions"}],"predecessor-version":[{"id":154735,"href":"https:\/\/www.villaeducativa.edu.mx\/newspaper\/index.php?rest_route=\/wp\/v2\/posts\/154597\/revisions\/154735"}],"wp:featuredmedia":[{"embeddable":true,"href":"https:\/\/www.villaeducativa.edu.mx\/newspaper\/index.php?rest_route=\/wp\/v2\/media\/154642"}],"wp:attachment":[{"href":"https:\/\/www.villaeducativa.edu.mx\/newspaper\/index.php?rest_route=%2Fwp%2Fv2%2Fmedia&parent=154597"}],"wp:term":[{"taxonomy":"category","embeddable":true,"href":"https:\/\/www.villaeducativa.edu.mx\/newspaper\/index.php?rest_route=%2Fwp%2Fv2%2Fcategories&post=154597"},{"taxonomy":"post_tag","embeddable":true,"href":"https:\/\/www.villaeducativa.edu.mx\/newspaper\/index.php?rest_route=%2Fwp%2Fv2%2Ftags&post=154597"}],"curies":[{"name":"wp","href":"https:\/\/api.w.org\/{rel}","templated":true}]}}