{"id":154227,"date":"2026-02-10T08:51:00","date_gmt":"2026-02-10T14:51:00","guid":{"rendered":"https:\/\/www.villaeducativa.edu.mx\/newspaper\/?p=154227"},"modified":"2026-02-09T14:50:16","modified_gmt":"2026-02-09T20:50:16","slug":"k1-project-presentation-2","status":"publish","type":"post","link":"https:\/\/www.villaeducativa.edu.mx\/newspaper\/?p=154227","title":{"rendered":"Regio Emilia Project Presentation"},"content":{"rendered":"\n<p>Remember that next week we will be holding our Reggio Emilia Project Presentations, a special moment for our students to proudly showcase all they have learned and worked on during this project.<\/p>\n\n\n\n<p>This presentation is not only a celebration of their learning, but also a chance for our students to feel proud of their effort and growth. Your encouragement and support play a very important role in making this experience positive and memorable for them.<\/p>\n\n\n\n<p>On the day of the Project Presentation,&nbsp; kids come accompanied by their parents and\/or family members and leave with them at the end of the presentation.<\/p>\n\n\n\n<p>K2 and K3 students come dressed in their daily uniform; K1 students come dressed in their Physical Education uniform.<\/p>\n\n\n\n<p>We look forward to sharing this special moment with you,\u00a0 and thank you for being part of your child\u2019s learning journey.<\/p>\n\n\n\n<div class=\"wp-block-columns\">\n<div class=\"wp-block-column\">\n<figure class=\"wp-block-image size-large\"><a href=\"https:\/\/www.villaeducativa.edu.mx\/newspaper\/?p=153649\"><img loading=\"lazy\" width=\"1000\" height=\"1000\" src=\"http:\/\/www.villaeducativa.edu.mx\/newspaper\/wp-content\/uploads\/2026\/01\/cierre-k1.jpg\" alt=\"\" class=\"wp-image-153650\" srcset=\"https:\/\/www.villaeducativa.edu.mx\/newspaper\/wp-content\/uploads\/2026\/01\/cierre-k1.jpg 1000w, https:\/\/www.villaeducativa.edu.mx\/newspaper\/wp-content\/uploads\/2026\/01\/cierre-k1-300x300.jpg 300w, https:\/\/www.villaeducativa.edu.mx\/newspaper\/wp-content\/uploads\/2026\/01\/cierre-k1-150x150.jpg 150w, https:\/\/www.villaeducativa.edu.mx\/newspaper\/wp-content\/uploads\/2026\/01\/cierre-k1-768x768.jpg 768w, https:\/\/www.villaeducativa.edu.mx\/newspaper\/wp-content\/uploads\/2026\/01\/cierre-k1-600x600.jpg 600w, https:\/\/www.villaeducativa.edu.mx\/newspaper\/wp-content\/uploads\/2026\/01\/cierre-k1-100x100.jpg 100w\" sizes=\"(max-width: 1000px) 100vw, 1000px\" \/><\/a><\/figure>\n<\/div>\n\n\n\n<div class=\"wp-block-column\">\n<figure class=\"wp-block-image size-large\"><a href=\"https:\/\/www.villaeducativa.edu.mx\/newspaper\/?p=153666\"><img loading=\"lazy\" width=\"1000\" height=\"1000\" src=\"http:\/\/www.villaeducativa.edu.mx\/newspaper\/wp-content\/uploads\/2026\/02\/cierre-k2.jpg\" alt=\"\" class=\"wp-image-153667\" srcset=\"https:\/\/www.villaeducativa.edu.mx\/newspaper\/wp-content\/uploads\/2026\/02\/cierre-k2.jpg 1000w, https:\/\/www.villaeducativa.edu.mx\/newspaper\/wp-content\/uploads\/2026\/02\/cierre-k2-300x300.jpg 300w, https:\/\/www.villaeducativa.edu.mx\/newspaper\/wp-content\/uploads\/2026\/02\/cierre-k2-150x150.jpg 150w, https:\/\/www.villaeducativa.edu.mx\/newspaper\/wp-content\/uploads\/2026\/02\/cierre-k2-768x768.jpg 768w, https:\/\/www.villaeducativa.edu.mx\/newspaper\/wp-content\/uploads\/2026\/02\/cierre-k2-600x600.jpg 600w, https:\/\/www.villaeducativa.edu.mx\/newspaper\/wp-content\/uploads\/2026\/02\/cierre-k2-100x100.jpg 100w\" sizes=\"(max-width: 1000px) 100vw, 1000px\" \/><\/a><\/figure>\n<\/div>\n\n\n\n<div class=\"wp-block-column\">\n<figure class=\"wp-block-image size-large\"><a href=\"https:\/\/www.villaeducativa.edu.mx\/newspaper\/?p=153669\"><img loading=\"lazy\" width=\"1000\" height=\"1000\" src=\"http:\/\/www.villaeducativa.edu.mx\/newspaper\/wp-content\/uploads\/2026\/02\/cierre-k3.jpg\" alt=\"\" class=\"wp-image-153670\" srcset=\"https:\/\/www.villaeducativa.edu.mx\/newspaper\/wp-content\/uploads\/2026\/02\/cierre-k3.jpg 1000w, https:\/\/www.villaeducativa.edu.mx\/newspaper\/wp-content\/uploads\/2026\/02\/cierre-k3-300x300.jpg 300w, https:\/\/www.villaeducativa.edu.mx\/newspaper\/wp-content\/uploads\/2026\/02\/cierre-k3-150x150.jpg 150w, https:\/\/www.villaeducativa.edu.mx\/newspaper\/wp-content\/uploads\/2026\/02\/cierre-k3-768x768.jpg 768w, https:\/\/www.villaeducativa.edu.mx\/newspaper\/wp-content\/uploads\/2026\/02\/cierre-k3-600x600.jpg 600w, https:\/\/www.villaeducativa.edu.mx\/newspaper\/wp-content\/uploads\/2026\/02\/cierre-k3-100x100.jpg 100w\" sizes=\"(max-width: 1000px) 100vw, 1000px\" \/><\/a><\/figure>\n<\/div>\n<\/div>\n\n\n\n<hr class=\"wp-block-separator\"\/>\n\n\n\n<p><em>Les recordamos que la pr\u00f3xima semana se llevar\u00e1n a cabo nuestros Cierres de Proyecto Reggio Emilia, un momento especial en el que nuestros estudiantes podr\u00e1n mostrar con orgullo todo lo que han aprendido y trabajado durante este proyecto.<\/em><\/p>\n\n\n\n<p><em>Esta presentaci\u00f3n no solo es una celebraci\u00f3n de su aprendizaje, sino tambi\u00e9n una oportunidad para que nuestros alumnos se sientan orgullosos de su esfuerzo y crecimiento. Su acompa\u00f1amiento y apoyo juegan un papel muy importante para que esta experiencia sea positiva y significativa para ellos.<\/em><\/p>\n\n\n\n<p><em>El d\u00eda de la Presentaci\u00f3n del Proyecto, los ni\u00f1os deber\u00e1n asistir acompa\u00f1ados por sus padres y\/o familiares, y se retirar\u00e1n con ellos al finalizar la presentaci\u00f3n.<\/em><\/p>\n\n\n\n<p><em>Los alumnos de K2 y K3 deber\u00e1n asistir con su uniforme diario, mientras que los alumnos de K1 deber\u00e1n asistir con su uniforme de Educaci\u00f3n F\u00edsica.<\/em><\/p>\n\n\n\n<p><em>Esperamos compartir este momento tan especial con ustedes y les agradecemos por ser parte del proceso de aprendizaje de sus hijos.<\/em><\/p>\n\n\n\n<p><strong><span class=\"has-inline-color has-vivid-cyan-blue-color\">Paola S\u00e1nchez<br><\/span><\/strong><span class=\"has-inline-color has-vivid-cyan-blue-color\"><em>Atelierista<\/em><\/span><strong><span class=\"has-inline-color has-vivid-cyan-blue-color\"><br><br>Carlie Garc\u00eda<br><\/span><\/strong><span class=\"has-inline-color has-vivid-cyan-blue-color\"><em>Preschool Principal<\/em><\/span><\/p>\n","protected":false},"excerpt":{"rendered":"<p>Remember that next week we will be holding our Reggio Emilia Project Presentations, a special moment for our students to proudly showcase all they have learned and worked on during this project. This presentation is not only a celebration of their learning, but also a chance for our students to&hellip; <\/p>\n","protected":false},"author":2,"featured_media":154234,"comment_status":"closed","ping_status":"closed","sticky":false,"template":"","format":"standard","meta":{"ngg_post_thumbnail":0},"categories":[2],"tags":[],"_links":{"self":[{"href":"https:\/\/www.villaeducativa.edu.mx\/newspaper\/index.php?rest_route=\/wp\/v2\/posts\/154227"}],"collection":[{"href":"https:\/\/www.villaeducativa.edu.mx\/newspaper\/index.php?rest_route=\/wp\/v2\/posts"}],"about":[{"href":"https:\/\/www.villaeducativa.edu.mx\/newspaper\/index.php?rest_route=\/wp\/v2\/types\/post"}],"author":[{"embeddable":true,"href":"https:\/\/www.villaeducativa.edu.mx\/newspaper\/index.php?rest_route=\/wp\/v2\/users\/2"}],"replies":[{"embeddable":true,"href":"https:\/\/www.villaeducativa.edu.mx\/newspaper\/index.php?rest_route=%2Fwp%2Fv2%2Fcomments&post=154227"}],"version-history":[{"count":2,"href":"https:\/\/www.villaeducativa.edu.mx\/newspaper\/index.php?rest_route=\/wp\/v2\/posts\/154227\/revisions"}],"predecessor-version":[{"id":154235,"href":"https:\/\/www.villaeducativa.edu.mx\/newspaper\/index.php?rest_route=\/wp\/v2\/posts\/154227\/revisions\/154235"}],"wp:featuredmedia":[{"embeddable":true,"href":"https:\/\/www.villaeducativa.edu.mx\/newspaper\/index.php?rest_route=\/wp\/v2\/media\/154234"}],"wp:attachment":[{"href":"https:\/\/www.villaeducativa.edu.mx\/newspaper\/index.php?rest_route=%2Fwp%2Fv2%2Fmedia&parent=154227"}],"wp:term":[{"taxonomy":"category","embeddable":true,"href":"https:\/\/www.villaeducativa.edu.mx\/newspaper\/index.php?rest_route=%2Fwp%2Fv2%2Fcategories&post=154227"},{"taxonomy":"post_tag","embeddable":true,"href":"https:\/\/www.villaeducativa.edu.mx\/newspaper\/index.php?rest_route=%2Fwp%2Fv2%2Ftags&post=154227"}],"curies":[{"name":"wp","href":"https:\/\/api.w.org\/{rel}","templated":true}]}}