{"id":154224,"date":"2026-02-10T09:00:00","date_gmt":"2026-02-10T15:00:00","guid":{"rendered":"https:\/\/www.villaeducativa.edu.mx\/newspaper\/?p=154224"},"modified":"2026-02-09T14:24:56","modified_gmt":"2026-02-09T20:24:56","slug":"valentines-day-sharing-hearts-2","status":"publish","type":"post","link":"https:\/\/www.villaeducativa.edu.mx\/newspaper\/?p=154224","title":{"rendered":"Valentine\u00b4s Day: Sharing Hearts"},"content":{"rendered":"\n<p>Remember that we will celebrate Valentine\u2019s Day on Friday, February 13th, and kids will celebrate by learning about kindness and friendship through our theme \u201cSharing Hearts.\u201d Kids will enjoy simple activities focused on sharing, helping, and caring for one another, helping them understand that love means being kind and thoughtful with our friends.<\/p>\n\n\n\n<p>Kids can wear something red, pink, purple, or something related to this celebration.&nbsp;&nbsp;<\/p>\n\n\n\n<p>Regular schedule for Club After School.<\/p>\n\n\n\n<hr class=\"wp-block-separator\"\/>\n\n\n\n<p><em><strong>D\u00eda de San Valent\u00edn: Compartiendo Corazones<\/strong><\/em><br><em>Recuerden que celebraremos el d\u00eda de San Valent\u00edn el viernes 13 de febrero, nuestros peque\u00f1os de preescolar celebrar\u00e1n aprendiendo sobre la generosidad y la amistad a trav\u00e9s de nuestro tema \u201cCompartiendo corazones.<strong>\u201d<\/strong> Los ni\u00f1os disfrutar\u00e1n de actividades sencillas enfocadas en compartir, ayudar y cuidar unos de otros, lo que les permitir\u00e1 comprender que el amor significa ser amables y considerados con nuestros amigos.<\/em><\/p>\n\n\n\n<p><em>Los ni\u00f1os pueden venir vestidos con algo rojo, rosa, morado o con alg\u00fan detalle relacionado con esta celebraci\u00f3n.<\/em><\/p>\n\n\n\n<p><em>Club After School tendr\u00e1 horario regular.<\/em><\/p>\n\n\n\n<p><strong><span class=\"has-inline-color has-vivid-cyan-blue-color\">Carlie Garc\u00eda\u00a0<br><\/span><\/strong><span class=\"has-inline-color has-vivid-cyan-blue-color\"><em>Preschool Principal<\/em><\/span><\/p>\n\n\n\n<div class=\"wp-block-image\"><figure class=\"aligncenter size-large is-resized\"><a href=\"https:\/\/www.villaeducativa.edu.mx\/newspaper\/wp-content\/uploads\/2026\/01\/valentines-HK.png\"><img loading=\"lazy\" src=\"https:\/\/www.villaeducativa.edu.mx\/newspaper\/wp-content\/uploads\/2026\/01\/valentines-HK-576x1024.png\" alt=\"\" class=\"wp-image-153196\" width=\"288\" height=\"512\" srcset=\"https:\/\/www.villaeducativa.edu.mx\/newspaper\/wp-content\/uploads\/2026\/01\/valentines-HK-576x1024.png 576w, https:\/\/www.villaeducativa.edu.mx\/newspaper\/wp-content\/uploads\/2026\/01\/valentines-HK-169x300.png 169w, https:\/\/www.villaeducativa.edu.mx\/newspaper\/wp-content\/uploads\/2026\/01\/valentines-HK-600x1067.png 600w, https:\/\/www.villaeducativa.edu.mx\/newspaper\/wp-content\/uploads\/2026\/01\/valentines-HK.png 675w\" sizes=\"(max-width: 288px) 100vw, 288px\" \/><\/a><\/figure><\/div>\n","protected":false},"excerpt":{"rendered":"<p>Remember that we will celebrate Valentine\u2019s Day on Friday, February 13th, and kids will celebrate by learning about kindness and friendship through our theme \u201cSharing Hearts.\u201d Kids will enjoy simple activities focused on sharing, helping, and caring for one another, helping them understand that love means being kind and thoughtful&hellip; <\/p>\n","protected":false},"author":2,"featured_media":154225,"comment_status":"closed","ping_status":"closed","sticky":false,"template":"","format":"standard","meta":{"ngg_post_thumbnail":0},"categories":[2],"tags":[],"_links":{"self":[{"href":"https:\/\/www.villaeducativa.edu.mx\/newspaper\/index.php?rest_route=\/wp\/v2\/posts\/154224"}],"collection":[{"href":"https:\/\/www.villaeducativa.edu.mx\/newspaper\/index.php?rest_route=\/wp\/v2\/posts"}],"about":[{"href":"https:\/\/www.villaeducativa.edu.mx\/newspaper\/index.php?rest_route=\/wp\/v2\/types\/post"}],"author":[{"embeddable":true,"href":"https:\/\/www.villaeducativa.edu.mx\/newspaper\/index.php?rest_route=\/wp\/v2\/users\/2"}],"replies":[{"embeddable":true,"href":"https:\/\/www.villaeducativa.edu.mx\/newspaper\/index.php?rest_route=%2Fwp%2Fv2%2Fcomments&post=154224"}],"version-history":[{"count":1,"href":"https:\/\/www.villaeducativa.edu.mx\/newspaper\/index.php?rest_route=\/wp\/v2\/posts\/154224\/revisions"}],"predecessor-version":[{"id":154226,"href":"https:\/\/www.villaeducativa.edu.mx\/newspaper\/index.php?rest_route=\/wp\/v2\/posts\/154224\/revisions\/154226"}],"wp:featuredmedia":[{"embeddable":true,"href":"https:\/\/www.villaeducativa.edu.mx\/newspaper\/index.php?rest_route=\/wp\/v2\/media\/154225"}],"wp:attachment":[{"href":"https:\/\/www.villaeducativa.edu.mx\/newspaper\/index.php?rest_route=%2Fwp%2Fv2%2Fmedia&parent=154224"}],"wp:term":[{"taxonomy":"category","embeddable":true,"href":"https:\/\/www.villaeducativa.edu.mx\/newspaper\/index.php?rest_route=%2Fwp%2Fv2%2Fcategories&post=154224"},{"taxonomy":"post_tag","embeddable":true,"href":"https:\/\/www.villaeducativa.edu.mx\/newspaper\/index.php?rest_route=%2Fwp%2Fv2%2Ftags&post=154224"}],"curies":[{"name":"wp","href":"https:\/\/api.w.org\/{rel}","templated":true}]}}