{"id":154021,"date":"2026-02-10T09:10:00","date_gmt":"2026-02-10T15:10:00","guid":{"rendered":"https:\/\/www.villaeducativa.edu.mx\/newspaper\/?p=154021"},"modified":"2026-02-09T15:51:45","modified_gmt":"2026-02-09T21:51:45","slug":"the-opening-of-the-little-door-at-happy-nursery","status":"publish","type":"post","link":"https:\/\/www.villaeducativa.edu.mx\/newspaper\/?p=154021","title":{"rendered":"The Opening of the Little Door at Happy Nursery"},"content":{"rendered":"\n<p>This week, we experienced a very special moment at Happy Nursery: the opening of our little door!<\/p>\n\n\n\n<p>After days of waiting, our students arrived full of excitement, curiosity, and big smiles, happily discovering an entrance designed just for them. The little door represents a space at their size, helping them feel safe, confident, and proud as they begin their school day. From now on, parents enter through the big door, while our little ones proudly walk in through their own little door, encouraging independence, autonomy, and self-confidence in a natural and gentle way. It was a joyful moment that marked the beginning of new routines and meaningful experiences for our children, always supported with love and care by our Nursery team.&nbsp;<\/p>\n\n\n\n<p>Thank you for trusting us and for being part of these special milestones in your child\u2019s growth!&nbsp;<\/p>\n\n\n\n\n\n<div class=\"ngg-galleryoverview ngg-slideshow\"\n\t id=\"ngg-slideshow-c5fda21a899abd1003ece6b95e69ae69-5457316530\"\n     data-gallery-id=\"c5fda21a899abd1003ece6b95e69ae69\"\n     style=\"max-width: 600px; max-height: 600px;\">\n\n \t<div id=\"ngg-image-0\" class=\"ngg-gallery-slideshow-image\" style=\"height:600px\">\n\n        <a href=\"https:\/\/www.villaeducativa.edu.mx\/newspaper\/wp-content\/gallery\/23-openindoor-ns\/IMG_9584.jpg\"\n           title=\"\"\n           data-src=\"https:\/\/www.villaeducativa.edu.mx\/newspaper\/wp-content\/gallery\/23-openindoor-ns\/IMG_9584.jpg\"\n           data-thumbnail=\"https:\/\/www.villaeducativa.edu.mx\/newspaper\/wp-content\/gallery\/23-openindoor-ns\/thumbs\/thumbs_IMG_9584.jpg\"\n           data-image-id=\"80777\"\n           data-title=\"IMG_9584\"\n           data-description=\"\"\n           class=\"ngg-fancybox\" rel=\"c5fda21a899abd1003ece6b95e69ae69\">\n\n            <img data-image-id='80777'\n                 title=\"\"\n                 alt=\"IMG_9584\"\n                 src=\"https:\/\/www.villaeducativa.edu.mx\/newspaper\/wp-content\/gallery\/23-openindoor-ns\/IMG_9584.jpg\"\n                 style=\"max-height: 580px;\"\/>\n        <\/a>\n\n        <\/div> \n<div id=\"ngg-image-1\" class=\"ngg-gallery-slideshow-image\" style=\"height:600px\">\n\n        <a href=\"https:\/\/www.villaeducativa.edu.mx\/newspaper\/wp-content\/gallery\/23-openindoor-ns\/IMG_9587.jpg\"\n           title=\"\"\n           data-src=\"https:\/\/www.villaeducativa.edu.mx\/newspaper\/wp-content\/gallery\/23-openindoor-ns\/IMG_9587.jpg\"\n           data-thumbnail=\"https:\/\/www.villaeducativa.edu.mx\/newspaper\/wp-content\/gallery\/23-openindoor-ns\/thumbs\/thumbs_IMG_9587.jpg\"\n           data-image-id=\"80774\"\n           data-title=\"IMG_9587\"\n           data-description=\"\"\n           class=\"ngg-fancybox\" rel=\"c5fda21a899abd1003ece6b95e69ae69\">\n\n            <img data-image-id='80774'\n                 title=\"\"\n                 alt=\"IMG_9587\"\n                 src=\"https:\/\/www.villaeducativa.edu.mx\/newspaper\/wp-content\/gallery\/23-openindoor-ns\/IMG_9587.jpg\"\n                 style=\"max-height: 580px;\"\/>\n        <\/a>\n\n        <\/div> \n<div id=\"ngg-image-2\" class=\"ngg-gallery-slideshow-image\" style=\"height:600px\">\n\n        <a href=\"https:\/\/www.villaeducativa.edu.mx\/newspaper\/wp-content\/gallery\/23-openindoor-ns\/IMG_9589_00.jpg\"\n           title=\"\"\n           data-src=\"https:\/\/www.villaeducativa.edu.mx\/newspaper\/wp-content\/gallery\/23-openindoor-ns\/IMG_9589_00.jpg\"\n           data-thumbnail=\"https:\/\/www.villaeducativa.edu.mx\/newspaper\/wp-content\/gallery\/23-openindoor-ns\/thumbs\/thumbs_IMG_9589_00.jpg\"\n           data-image-id=\"80775\"\n           data-title=\"IMG_9589_00\"\n           data-description=\"\"\n           class=\"ngg-fancybox\" rel=\"c5fda21a899abd1003ece6b95e69ae69\">\n\n            <img data-image-id='80775'\n                 title=\"\"\n                 alt=\"IMG_9589_00\"\n                 src=\"https:\/\/www.villaeducativa.edu.mx\/newspaper\/wp-content\/gallery\/23-openindoor-ns\/IMG_9589_00.jpg\"\n                 style=\"max-height: 580px;\"\/>\n        <\/a>\n\n        <\/div> \n<div id=\"ngg-image-3\" class=\"ngg-gallery-slideshow-image\" style=\"height:600px\">\n\n        <a href=\"https:\/\/www.villaeducativa.edu.mx\/newspaper\/wp-content\/gallery\/23-openindoor-ns\/IMG_9590_00.jpg\"\n           title=\"\"\n           data-src=\"https:\/\/www.villaeducativa.edu.mx\/newspaper\/wp-content\/gallery\/23-openindoor-ns\/IMG_9590_00.jpg\"\n           data-thumbnail=\"https:\/\/www.villaeducativa.edu.mx\/newspaper\/wp-content\/gallery\/23-openindoor-ns\/thumbs\/thumbs_IMG_9590_00.jpg\"\n           data-image-id=\"80776\"\n           data-title=\"IMG_9590_00\"\n           data-description=\"\"\n           class=\"ngg-fancybox\" rel=\"c5fda21a899abd1003ece6b95e69ae69\">\n\n            <img data-image-id='80776'\n                 title=\"\"\n                 alt=\"IMG_9590_00\"\n                 src=\"https:\/\/www.villaeducativa.edu.mx\/newspaper\/wp-content\/gallery\/23-openindoor-ns\/IMG_9590_00.jpg\"\n                 style=\"max-height: 580px;\"\/>\n        <\/a>\n\n        <\/div> \n<div id=\"ngg-image-4\" class=\"ngg-gallery-slideshow-image\" style=\"height:600px\">\n\n        <a href=\"https:\/\/www.villaeducativa.edu.mx\/newspaper\/wp-content\/gallery\/23-openindoor-ns\/IMG_9592_00.jpg\"\n           title=\"\"\n           data-src=\"https:\/\/www.villaeducativa.edu.mx\/newspaper\/wp-content\/gallery\/23-openindoor-ns\/IMG_9592_00.jpg\"\n           data-thumbnail=\"https:\/\/www.villaeducativa.edu.mx\/newspaper\/wp-content\/gallery\/23-openindoor-ns\/thumbs\/thumbs_IMG_9592_00.jpg\"\n           data-image-id=\"80779\"\n           data-title=\"IMG_9592_00\"\n           data-description=\"\"\n           class=\"ngg-fancybox\" rel=\"c5fda21a899abd1003ece6b95e69ae69\">\n\n            <img data-image-id='80779'\n                 title=\"\"\n                 alt=\"IMG_9592_00\"\n                 src=\"https:\/\/www.villaeducativa.edu.mx\/newspaper\/wp-content\/gallery\/23-openindoor-ns\/IMG_9592_00.jpg\"\n                 style=\"max-height: 580px;\"\/>\n        <\/a>\n\n        <\/div> \n<div id=\"ngg-image-5\" class=\"ngg-gallery-slideshow-image\" style=\"height:600px\">\n\n        <a href=\"https:\/\/www.villaeducativa.edu.mx\/newspaper\/wp-content\/gallery\/23-openindoor-ns\/IMG_9594_00.jpg\"\n           title=\"\"\n           data-src=\"https:\/\/www.villaeducativa.edu.mx\/newspaper\/wp-content\/gallery\/23-openindoor-ns\/IMG_9594_00.jpg\"\n           data-thumbnail=\"https:\/\/www.villaeducativa.edu.mx\/newspaper\/wp-content\/gallery\/23-openindoor-ns\/thumbs\/thumbs_IMG_9594_00.jpg\"\n           data-image-id=\"80778\"\n           data-title=\"IMG_9594_00\"\n           data-description=\"\"\n           class=\"ngg-fancybox\" rel=\"c5fda21a899abd1003ece6b95e69ae69\">\n\n            <img data-image-id='80778'\n                 title=\"\"\n                 alt=\"IMG_9594_00\"\n                 src=\"https:\/\/www.villaeducativa.edu.mx\/newspaper\/wp-content\/gallery\/23-openindoor-ns\/IMG_9594_00.jpg\"\n                 style=\"max-height: 580px;\"\/>\n        <\/a>\n\n        <\/div> \n<div id=\"ngg-image-6\" class=\"ngg-gallery-slideshow-image\" style=\"height:600px\">\n\n        <a href=\"https:\/\/www.villaeducativa.edu.mx\/newspaper\/wp-content\/gallery\/23-openindoor-ns\/IMG_9597_00.jpg\"\n           title=\"\"\n           data-src=\"https:\/\/www.villaeducativa.edu.mx\/newspaper\/wp-content\/gallery\/23-openindoor-ns\/IMG_9597_00.jpg\"\n           data-thumbnail=\"https:\/\/www.villaeducativa.edu.mx\/newspaper\/wp-content\/gallery\/23-openindoor-ns\/thumbs\/thumbs_IMG_9597_00.jpg\"\n           data-image-id=\"80780\"\n           data-title=\"IMG_9597_00\"\n           data-description=\"\"\n           class=\"ngg-fancybox\" rel=\"c5fda21a899abd1003ece6b95e69ae69\">\n\n            <img data-image-id='80780'\n                 title=\"\"\n                 alt=\"IMG_9597_00\"\n                 src=\"https:\/\/www.villaeducativa.edu.mx\/newspaper\/wp-content\/gallery\/23-openindoor-ns\/IMG_9597_00.jpg\"\n                 style=\"max-height: 580px;\"\/>\n        <\/a>\n\n        <\/div> \n<\/div>\n\n\n\n\n\n\n\n<hr class=\"wp-block-separator\"\/>\n\n\n\n<p><em><strong>La inauguraci\u00f3n de la puertita chiquita de Happy Nursery<\/strong><\/em><br><em>Esta semana vivimos un momento muy especial en Happy Nursery: \u00a1la inauguraci\u00f3n de nuestra puerta chiquita!<\/em><\/p>\n\n\n\n<p><em>Despu\u00e9s de varios d\u00edas de espera, los alumnos entraron con mucha emoci\u00f3n, curiosidad y sonrisas, descubriendo que ahora cuentan con un acceso pensado especialmente para ellos. La puertita representa un espacio a su medida, donde se sienten importantes, seguros y protagonistas de su propio camino en la escuela.<\/em><\/p>\n\n\n\n<p><em>A partir de ahora, los pap\u00e1s ingresan por la puerta grande, mientras que nuestros peque\u00f1os entran orgullosos por su puertita, fomentando desde temprana edad la autonom\u00eda, la confianza y la independencia de una forma natural y respetuosa.<\/em><\/p>\n\n\n\n<p><em>Fue un momento lleno de ilusi\u00f3n que marc\u00f3 el inicio de nuevas rutinas y experiencias para nuestros ni\u00f1os, siempre acompa\u00f1ados con amor y cuidado por nuestro equipo de Nursery.<\/em><\/p>\n\n\n\n<p><em>\u00a1Gracias por confiar en nosotros y por compartir estos momentos tan significativos en el crecimiento de sus peque\u00f1os!<\/em><\/p>\n\n\n\n<p><strong><span class=\"has-inline-color has-vivid-cyan-blue-color\">Yustine Sandoval<br><\/span><\/strong><span class=\"has-inline-color has-vivid-cyan-blue-color\"><em>Happy Nursery Coordinator<\/em><\/span><\/p>\n","protected":false},"excerpt":{"rendered":"<p>This week, we experienced a very special moment at Happy Nursery: the opening of our little door! After days of waiting, our students arrived full of excitement, curiosity, and big smiles, happily discovering an entrance designed just for them. The little door represents a space at their size, helping them&hellip; <\/p>\n","protected":false},"author":2,"featured_media":154030,"comment_status":"closed","ping_status":"closed","sticky":false,"template":"","format":"standard","meta":{"ngg_post_thumbnail":0},"categories":[71],"tags":[],"_links":{"self":[{"href":"https:\/\/www.villaeducativa.edu.mx\/newspaper\/index.php?rest_route=\/wp\/v2\/posts\/154021"}],"collection":[{"href":"https:\/\/www.villaeducativa.edu.mx\/newspaper\/index.php?rest_route=\/wp\/v2\/posts"}],"about":[{"href":"https:\/\/www.villaeducativa.edu.mx\/newspaper\/index.php?rest_route=\/wp\/v2\/types\/post"}],"author":[{"embeddable":true,"href":"https:\/\/www.villaeducativa.edu.mx\/newspaper\/index.php?rest_route=\/wp\/v2\/users\/2"}],"replies":[{"embeddable":true,"href":"https:\/\/www.villaeducativa.edu.mx\/newspaper\/index.php?rest_route=%2Fwp%2Fv2%2Fcomments&post=154021"}],"version-history":[{"count":2,"href":"https:\/\/www.villaeducativa.edu.mx\/newspaper\/index.php?rest_route=\/wp\/v2\/posts\/154021\/revisions"}],"predecessor-version":[{"id":154303,"href":"https:\/\/www.villaeducativa.edu.mx\/newspaper\/index.php?rest_route=\/wp\/v2\/posts\/154021\/revisions\/154303"}],"wp:featuredmedia":[{"embeddable":true,"href":"https:\/\/www.villaeducativa.edu.mx\/newspaper\/index.php?rest_route=\/wp\/v2\/media\/154030"}],"wp:attachment":[{"href":"https:\/\/www.villaeducativa.edu.mx\/newspaper\/index.php?rest_route=%2Fwp%2Fv2%2Fmedia&parent=154021"}],"wp:term":[{"taxonomy":"category","embeddable":true,"href":"https:\/\/www.villaeducativa.edu.mx\/newspaper\/index.php?rest_route=%2Fwp%2Fv2%2Fcategories&post=154021"},{"taxonomy":"post_tag","embeddable":true,"href":"https:\/\/www.villaeducativa.edu.mx\/newspaper\/index.php?rest_route=%2Fwp%2Fv2%2Ftags&post=154021"}],"curies":[{"name":"wp","href":"https:\/\/api.w.org\/{rel}","templated":true}]}}