{"id":153909,"date":"2026-02-03T07:58:54","date_gmt":"2026-02-03T13:58:54","guid":{"rendered":"https:\/\/www.villaeducativa.edu.mx\/newspaper\/?p=153909"},"modified":"2026-02-03T10:20:34","modified_gmt":"2026-02-03T16:20:34","slug":"6o-six-flags-2026","status":"publish","type":"post","link":"https:\/\/www.villaeducativa.edu.mx\/newspaper\/?p=153909","title":{"rendered":"6o: Six Flags 2026"},"content":{"rendered":"\n<p>Invitamos a los alumnos de Villa High y<strong> 6o grado de Villa Educativa<\/strong> a celebrar el D\u00eda del ni\u00f1o en <strong>Six Flag<\/strong>s el martes 28 de abril.<\/p>\n\n\n\n<p>Les pido que llenen el formulario si desean que su hijo asista al parque este d\u00eda.<\/p>\n\n\n\n<p><img loading=\"lazy\" width=\"300\" height=\"300\" class=\"wp-image-47677\" style=\"width: 30px;\" src=\"http:\/\/www.villaeducativa.edu.mx\/newspaper\/wp-content\/uploads\/2020\/09\/form-google-surveys-google-docs-opinion-poll-google.png\" alt=\"\" srcset=\"https:\/\/www.villaeducativa.edu.mx\/newspaper\/wp-content\/uploads\/2020\/09\/form-google-surveys-google-docs-opinion-poll-google.png 300w, https:\/\/www.villaeducativa.edu.mx\/newspaper\/wp-content\/uploads\/2020\/09\/form-google-surveys-google-docs-opinion-poll-google-150x150.png 150w, https:\/\/www.villaeducativa.edu.mx\/newspaper\/wp-content\/uploads\/2020\/09\/form-google-surveys-google-docs-opinion-poll-google-100x100.png 100w\" sizes=\"(max-width: 300px) 100vw, 300px\" \/> <a rel=\"noreferrer noopener\" href=\"https:\/\/forms.gle\/hhm6zZQE53bQvfEY6\" target=\"_blank\"><strong><em><span class=\"has-inline-color has-vivid-cyan-blue-color\">https:\/\/forms.gle\/hhm6zZQE53bQvfEY6<\/span><\/em><\/strong><\/a><\/p>\n\n\n\n<p>Pronto vamos a compartir m\u00e1s informaci\u00f3n sobre la din\u00e1mica&nbsp;del d\u00eda.&nbsp;<\/p>\n\n\n\n<p><strong><span class=\"has-inline-color has-vivid-cyan-blue-color\">James Abad<br><\/span><\/strong><span class=\"has-inline-color has-vivid-cyan-blue-color\"><em>Villa High Principal<\/em><\/span><\/p>\n","protected":false},"excerpt":{"rendered":"<p>Invitamos a los alumnos de Villa High y 6o grado de Villa Educativa a celebrar el D\u00eda del ni\u00f1o en Six Flags el martes 28 de abril&#8230;<\/p>\n","protected":false},"author":2,"featured_media":153910,"comment_status":"closed","ping_status":"closed","sticky":false,"template":"","format":"standard","meta":{"ngg_post_thumbnail":0},"categories":[3],"tags":[],"_links":{"self":[{"href":"https:\/\/www.villaeducativa.edu.mx\/newspaper\/index.php?rest_route=\/wp\/v2\/posts\/153909"}],"collection":[{"href":"https:\/\/www.villaeducativa.edu.mx\/newspaper\/index.php?rest_route=\/wp\/v2\/posts"}],"about":[{"href":"https:\/\/www.villaeducativa.edu.mx\/newspaper\/index.php?rest_route=\/wp\/v2\/types\/post"}],"author":[{"embeddable":true,"href":"https:\/\/www.villaeducativa.edu.mx\/newspaper\/index.php?rest_route=\/wp\/v2\/users\/2"}],"replies":[{"embeddable":true,"href":"https:\/\/www.villaeducativa.edu.mx\/newspaper\/index.php?rest_route=%2Fwp%2Fv2%2Fcomments&post=153909"}],"version-history":[{"count":1,"href":"https:\/\/www.villaeducativa.edu.mx\/newspaper\/index.php?rest_route=\/wp\/v2\/posts\/153909\/revisions"}],"predecessor-version":[{"id":153911,"href":"https:\/\/www.villaeducativa.edu.mx\/newspaper\/index.php?rest_route=\/wp\/v2\/posts\/153909\/revisions\/153911"}],"wp:featuredmedia":[{"embeddable":true,"href":"https:\/\/www.villaeducativa.edu.mx\/newspaper\/index.php?rest_route=\/wp\/v2\/media\/153910"}],"wp:attachment":[{"href":"https:\/\/www.villaeducativa.edu.mx\/newspaper\/index.php?rest_route=%2Fwp%2Fv2%2Fmedia&parent=153909"}],"wp:term":[{"taxonomy":"category","embeddable":true,"href":"https:\/\/www.villaeducativa.edu.mx\/newspaper\/index.php?rest_route=%2Fwp%2Fv2%2Fcategories&post=153909"},{"taxonomy":"post_tag","embeddable":true,"href":"https:\/\/www.villaeducativa.edu.mx\/newspaper\/index.php?rest_route=%2Fwp%2Fv2%2Ftags&post=153909"}],"curies":[{"name":"wp","href":"https:\/\/api.w.org\/{rel}","templated":true}]}}