{"id":153887,"date":"2026-02-10T08:15:00","date_gmt":"2026-02-10T14:15:00","guid":{"rendered":"https:\/\/www.villaeducativa.edu.mx\/newspaper\/?p=153887"},"modified":"2026-02-10T11:32:31","modified_gmt":"2026-02-10T17:32:31","slug":"5o-entre-rimas-cuentos-y-mucha-imaginacion","status":"publish","type":"post","link":"https:\/\/www.villaeducativa.edu.mx\/newspaper\/?p=153887","title":{"rendered":"5o: Entre rimas, cuentos y mucha imaginaci\u00f3n"},"content":{"rendered":"\n<p>Nuestros alumnos de quinto grado est\u00e1n participando en un proyecto muy especial llamado <strong>\u201cSobre cuentos y poemas\u201d<\/strong>, el cual ha sido una experiencia llena de creatividad, aprendizaje y entusiasmo.<\/p>\n\n\n\n<p>Durante este proyecto, las ni\u00f1as y los ni\u00f1os han conocido y analizado <strong>la estructura del poema<\/strong>, aprendiendo qu\u00e9 es la m\u00e9trica y c\u00f3mo funcionan las rimas. Tambi\u00e9n se han adentrado en el maravilloso mundo de los <strong>cuentos<\/strong>, identificando sus partes principales como el inicio, desarrollo y desenlace. Todo este conocimiento no se qued\u00f3 solo en la teor\u00eda, ya que los alumnos pusieron en pr\u00e1ctica lo aprendido al <strong>crear su propio cuento<\/strong>, dejando volar su imaginaci\u00f3n y expresando ideas, emociones y valores a trav\u00e9s de la escritura.<\/p>\n\n\n\n<p>Adem\u00e1s, tuvimos la oportunidad de acercarnos a la literatura nacional, ya que los alumnos <strong>recitaron poemas de autores mexicanos<\/strong>, fortaleciendo no s\u00f3lo su expresi\u00f3n oral, sino tambi\u00e9n su seguridad, memoria y apreciaci\u00f3n por nuestra cultura y lengua.<\/p>\n\n\n\n<p>Trabajar cuentos y poemas es muy importante para el desarrollo de los alumnos, ya que les permite <strong>mejorar su comprensi\u00f3n lectora, ampliar su vocabulario, expresar sentimientos y pensamientos de manera creativa<\/strong>, as\u00ed como desarrollar su gusto por la lectura y la escritura. A lo largo de este proyecto, los alumnos han demostrado un gran inter\u00e9s, han aprendido mucho y, sobre todo, han disfrutado cada actividad.<\/p>\n\n\n\n<p>Agradecemos el apoyo que brindan desde casa, ya que fomentar la lectura y escuchar a sus hijos leer o recitar fortalece enormemente su aprendizaje.<\/p>\n\n\n\n\n\n<div class=\"ngg-galleryoverview ngg-slideshow\"\n\t id=\"ngg-slideshow-536944760d5daf72722dfe16ee0c34a1-13206154340\"\n     data-gallery-id=\"536944760d5daf72722dfe16ee0c34a1\"\n     style=\"max-width: 600px; max-height: 400px;\">\n\n \t<div id=\"ngg-image-0\" class=\"ngg-gallery-slideshow-image\" style=\"height:400px\">\n\n        <a href=\"https:\/\/www.villaeducativa.edu.mx\/newspaper\/wp-content\/gallery\/23-rimaspoemas5\/WhatsApp-Image-2026-01-29-at-2.08.20-PM.jpg\"\n           title=\"\"\n           data-src=\"https:\/\/www.villaeducativa.edu.mx\/newspaper\/wp-content\/gallery\/23-rimaspoemas5\/WhatsApp-Image-2026-01-29-at-2.08.20-PM.jpg\"\n           data-thumbnail=\"https:\/\/www.villaeducativa.edu.mx\/newspaper\/wp-content\/gallery\/23-rimaspoemas5\/thumbs\/thumbs_WhatsApp-Image-2026-01-29-at-2.08.20-PM.jpg\"\n           data-image-id=\"80676\"\n           data-title=\"WhatsApp-Image-2026-01-29-at-2.08.20-PM\"\n           data-description=\"\"\n           class=\"ngg-fancybox\" rel=\"536944760d5daf72722dfe16ee0c34a1\">\n\n            <img data-image-id='80676'\n                 title=\"\"\n                 alt=\"WhatsApp-Image-2026-01-29-at-2.08.20-PM\"\n                 src=\"https:\/\/www.villaeducativa.edu.mx\/newspaper\/wp-content\/gallery\/23-rimaspoemas5\/WhatsApp-Image-2026-01-29-at-2.08.20-PM.jpg\"\n                 style=\"max-height: 380px;\"\/>\n        <\/a>\n\n        <\/div> \n<div id=\"ngg-image-1\" class=\"ngg-gallery-slideshow-image\" style=\"height:400px\">\n\n        <a href=\"https:\/\/www.villaeducativa.edu.mx\/newspaper\/wp-content\/gallery\/23-rimaspoemas5\/WhatsApp-Image-2026-01-29-at-2.08.21-PM-1.jpg\"\n           title=\"\"\n           data-src=\"https:\/\/www.villaeducativa.edu.mx\/newspaper\/wp-content\/gallery\/23-rimaspoemas5\/WhatsApp-Image-2026-01-29-at-2.08.21-PM-1.jpg\"\n           data-thumbnail=\"https:\/\/www.villaeducativa.edu.mx\/newspaper\/wp-content\/gallery\/23-rimaspoemas5\/thumbs\/thumbs_WhatsApp-Image-2026-01-29-at-2.08.21-PM-1.jpg\"\n           data-image-id=\"80678\"\n           data-title=\"WhatsApp-Image-2026-01-29-at-2.08.21-PM-1\"\n           data-description=\"\"\n           class=\"ngg-fancybox\" rel=\"536944760d5daf72722dfe16ee0c34a1\">\n\n            <img data-image-id='80678'\n                 title=\"\"\n                 alt=\"WhatsApp-Image-2026-01-29-at-2.08.21-PM-1\"\n                 src=\"https:\/\/www.villaeducativa.edu.mx\/newspaper\/wp-content\/gallery\/23-rimaspoemas5\/WhatsApp-Image-2026-01-29-at-2.08.21-PM-1.jpg\"\n                 style=\"max-height: 380px;\"\/>\n        <\/a>\n\n        <\/div> \n<div id=\"ngg-image-2\" class=\"ngg-gallery-slideshow-image\" style=\"height:400px\">\n\n        <a href=\"https:\/\/www.villaeducativa.edu.mx\/newspaper\/wp-content\/gallery\/23-rimaspoemas5\/WhatsApp-Image-2026-01-29-at-2.08.21-PM-2.jpg\"\n           title=\"\"\n           data-src=\"https:\/\/www.villaeducativa.edu.mx\/newspaper\/wp-content\/gallery\/23-rimaspoemas5\/WhatsApp-Image-2026-01-29-at-2.08.21-PM-2.jpg\"\n           data-thumbnail=\"https:\/\/www.villaeducativa.edu.mx\/newspaper\/wp-content\/gallery\/23-rimaspoemas5\/thumbs\/thumbs_WhatsApp-Image-2026-01-29-at-2.08.21-PM-2.jpg\"\n           data-image-id=\"80679\"\n           data-title=\"WhatsApp-Image-2026-01-29-at-2.08.21-PM-2\"\n           data-description=\"\"\n           class=\"ngg-fancybox\" rel=\"536944760d5daf72722dfe16ee0c34a1\">\n\n            <img data-image-id='80679'\n                 title=\"\"\n                 alt=\"WhatsApp-Image-2026-01-29-at-2.08.21-PM-2\"\n                 src=\"https:\/\/www.villaeducativa.edu.mx\/newspaper\/wp-content\/gallery\/23-rimaspoemas5\/WhatsApp-Image-2026-01-29-at-2.08.21-PM-2.jpg\"\n                 style=\"max-height: 380px;\"\/>\n        <\/a>\n\n        <\/div> \n<div id=\"ngg-image-3\" class=\"ngg-gallery-slideshow-image\" style=\"height:400px\">\n\n        <a href=\"https:\/\/www.villaeducativa.edu.mx\/newspaper\/wp-content\/gallery\/23-rimaspoemas5\/WhatsApp-Image-2026-01-29-at-2.08.21-PM-3.jpg\"\n           title=\"\"\n           data-src=\"https:\/\/www.villaeducativa.edu.mx\/newspaper\/wp-content\/gallery\/23-rimaspoemas5\/WhatsApp-Image-2026-01-29-at-2.08.21-PM-3.jpg\"\n           data-thumbnail=\"https:\/\/www.villaeducativa.edu.mx\/newspaper\/wp-content\/gallery\/23-rimaspoemas5\/thumbs\/thumbs_WhatsApp-Image-2026-01-29-at-2.08.21-PM-3.jpg\"\n           data-image-id=\"80680\"\n           data-title=\"WhatsApp-Image-2026-01-29-at-2.08.21-PM-3\"\n           data-description=\"\"\n           class=\"ngg-fancybox\" rel=\"536944760d5daf72722dfe16ee0c34a1\">\n\n            <img data-image-id='80680'\n                 title=\"\"\n                 alt=\"WhatsApp-Image-2026-01-29-at-2.08.21-PM-3\"\n                 src=\"https:\/\/www.villaeducativa.edu.mx\/newspaper\/wp-content\/gallery\/23-rimaspoemas5\/WhatsApp-Image-2026-01-29-at-2.08.21-PM-3.jpg\"\n                 style=\"max-height: 380px;\"\/>\n        <\/a>\n\n        <\/div> \n<div id=\"ngg-image-4\" class=\"ngg-gallery-slideshow-image\" style=\"height:400px\">\n\n        <a href=\"https:\/\/www.villaeducativa.edu.mx\/newspaper\/wp-content\/gallery\/23-rimaspoemas5\/WhatsApp-Image-2026-01-29-at-2.08.21-PM-4.jpg\"\n           title=\"\"\n           data-src=\"https:\/\/www.villaeducativa.edu.mx\/newspaper\/wp-content\/gallery\/23-rimaspoemas5\/WhatsApp-Image-2026-01-29-at-2.08.21-PM-4.jpg\"\n           data-thumbnail=\"https:\/\/www.villaeducativa.edu.mx\/newspaper\/wp-content\/gallery\/23-rimaspoemas5\/thumbs\/thumbs_WhatsApp-Image-2026-01-29-at-2.08.21-PM-4.jpg\"\n           data-image-id=\"80681\"\n           data-title=\"WhatsApp-Image-2026-01-29-at-2.08.21-PM-4\"\n           data-description=\"\"\n           class=\"ngg-fancybox\" rel=\"536944760d5daf72722dfe16ee0c34a1\">\n\n            <img data-image-id='80681'\n                 title=\"\"\n                 alt=\"WhatsApp-Image-2026-01-29-at-2.08.21-PM-4\"\n                 src=\"https:\/\/www.villaeducativa.edu.mx\/newspaper\/wp-content\/gallery\/23-rimaspoemas5\/WhatsApp-Image-2026-01-29-at-2.08.21-PM-4.jpg\"\n                 style=\"max-height: 380px;\"\/>\n        <\/a>\n\n        <\/div> \n<div id=\"ngg-image-5\" class=\"ngg-gallery-slideshow-image\" style=\"height:400px\">\n\n        <a href=\"https:\/\/www.villaeducativa.edu.mx\/newspaper\/wp-content\/gallery\/23-rimaspoemas5\/WhatsApp-Image-2026-01-29-at-2.08.22-PM-1.jpg\"\n           title=\"\"\n           data-src=\"https:\/\/www.villaeducativa.edu.mx\/newspaper\/wp-content\/gallery\/23-rimaspoemas5\/WhatsApp-Image-2026-01-29-at-2.08.22-PM-1.jpg\"\n           data-thumbnail=\"https:\/\/www.villaeducativa.edu.mx\/newspaper\/wp-content\/gallery\/23-rimaspoemas5\/thumbs\/thumbs_WhatsApp-Image-2026-01-29-at-2.08.22-PM-1.jpg\"\n           data-image-id=\"80682\"\n           data-title=\"WhatsApp-Image-2026-01-29-at-2.08.22-PM-1\"\n           data-description=\"\"\n           class=\"ngg-fancybox\" rel=\"536944760d5daf72722dfe16ee0c34a1\">\n\n            <img data-image-id='80682'\n                 title=\"\"\n                 alt=\"WhatsApp-Image-2026-01-29-at-2.08.22-PM-1\"\n                 src=\"https:\/\/www.villaeducativa.edu.mx\/newspaper\/wp-content\/gallery\/23-rimaspoemas5\/WhatsApp-Image-2026-01-29-at-2.08.22-PM-1.jpg\"\n                 style=\"max-height: 380px;\"\/>\n        <\/a>\n\n        <\/div> \n<div id=\"ngg-image-6\" class=\"ngg-gallery-slideshow-image\" style=\"height:400px\">\n\n        <a href=\"https:\/\/www.villaeducativa.edu.mx\/newspaper\/wp-content\/gallery\/23-rimaspoemas5\/WhatsApp-Image-2026-01-29-at-2.08.21-PM-5.jpg\"\n           title=\"\"\n           data-src=\"https:\/\/www.villaeducativa.edu.mx\/newspaper\/wp-content\/gallery\/23-rimaspoemas5\/WhatsApp-Image-2026-01-29-at-2.08.21-PM-5.jpg\"\n           data-thumbnail=\"https:\/\/www.villaeducativa.edu.mx\/newspaper\/wp-content\/gallery\/23-rimaspoemas5\/thumbs\/thumbs_WhatsApp-Image-2026-01-29-at-2.08.21-PM-5.jpg\"\n           data-image-id=\"80683\"\n           data-title=\"WhatsApp-Image-2026-01-29-at-2.08.21-PM-5\"\n           data-description=\"\"\n           class=\"ngg-fancybox\" rel=\"536944760d5daf72722dfe16ee0c34a1\">\n\n            <img data-image-id='80683'\n                 title=\"\"\n                 alt=\"WhatsApp-Image-2026-01-29-at-2.08.21-PM-5\"\n                 src=\"https:\/\/www.villaeducativa.edu.mx\/newspaper\/wp-content\/gallery\/23-rimaspoemas5\/WhatsApp-Image-2026-01-29-at-2.08.21-PM-5.jpg\"\n                 style=\"max-height: 380px;\"\/>\n        <\/a>\n\n        <\/div> \n<div id=\"ngg-image-7\" class=\"ngg-gallery-slideshow-image\" style=\"height:400px\">\n\n        <a href=\"https:\/\/www.villaeducativa.edu.mx\/newspaper\/wp-content\/gallery\/23-rimaspoemas5\/WhatsApp-Image-2026-01-29-at-2.08.22-PM-2.jpg\"\n           title=\"\"\n           data-src=\"https:\/\/www.villaeducativa.edu.mx\/newspaper\/wp-content\/gallery\/23-rimaspoemas5\/WhatsApp-Image-2026-01-29-at-2.08.22-PM-2.jpg\"\n           data-thumbnail=\"https:\/\/www.villaeducativa.edu.mx\/newspaper\/wp-content\/gallery\/23-rimaspoemas5\/thumbs\/thumbs_WhatsApp-Image-2026-01-29-at-2.08.22-PM-2.jpg\"\n           data-image-id=\"80684\"\n           data-title=\"WhatsApp-Image-2026-01-29-at-2.08.22-PM-2\"\n           data-description=\"\"\n           class=\"ngg-fancybox\" rel=\"536944760d5daf72722dfe16ee0c34a1\">\n\n            <img data-image-id='80684'\n                 title=\"\"\n                 alt=\"WhatsApp-Image-2026-01-29-at-2.08.22-PM-2\"\n                 src=\"https:\/\/www.villaeducativa.edu.mx\/newspaper\/wp-content\/gallery\/23-rimaspoemas5\/WhatsApp-Image-2026-01-29-at-2.08.22-PM-2.jpg\"\n                 style=\"max-height: 380px;\"\/>\n        <\/a>\n\n        <\/div> \n<div id=\"ngg-image-8\" class=\"ngg-gallery-slideshow-image\" style=\"height:400px\">\n\n        <a href=\"https:\/\/www.villaeducativa.edu.mx\/newspaper\/wp-content\/gallery\/23-rimaspoemas5\/WhatsApp-Image-2026-01-29-at-2.08.22-PM-4.jpg\"\n           title=\"\"\n           data-src=\"https:\/\/www.villaeducativa.edu.mx\/newspaper\/wp-content\/gallery\/23-rimaspoemas5\/WhatsApp-Image-2026-01-29-at-2.08.22-PM-4.jpg\"\n           data-thumbnail=\"https:\/\/www.villaeducativa.edu.mx\/newspaper\/wp-content\/gallery\/23-rimaspoemas5\/thumbs\/thumbs_WhatsApp-Image-2026-01-29-at-2.08.22-PM-4.jpg\"\n           data-image-id=\"80685\"\n           data-title=\"WhatsApp-Image-2026-01-29-at-2.08.22-PM-4\"\n           data-description=\"\"\n           class=\"ngg-fancybox\" rel=\"536944760d5daf72722dfe16ee0c34a1\">\n\n            <img data-image-id='80685'\n                 title=\"\"\n                 alt=\"WhatsApp-Image-2026-01-29-at-2.08.22-PM-4\"\n                 src=\"https:\/\/www.villaeducativa.edu.mx\/newspaper\/wp-content\/gallery\/23-rimaspoemas5\/WhatsApp-Image-2026-01-29-at-2.08.22-PM-4.jpg\"\n                 style=\"max-height: 380px;\"\/>\n        <\/a>\n\n        <\/div> \n<div id=\"ngg-image-9\" class=\"ngg-gallery-slideshow-image\" style=\"height:400px\">\n\n        <a href=\"https:\/\/www.villaeducativa.edu.mx\/newspaper\/wp-content\/gallery\/23-rimaspoemas5\/WhatsApp-Image-2026-01-29-at-2.15.26-PM-11.jpg\"\n           title=\"\"\n           data-src=\"https:\/\/www.villaeducativa.edu.mx\/newspaper\/wp-content\/gallery\/23-rimaspoemas5\/WhatsApp-Image-2026-01-29-at-2.15.26-PM-11.jpg\"\n           data-thumbnail=\"https:\/\/www.villaeducativa.edu.mx\/newspaper\/wp-content\/gallery\/23-rimaspoemas5\/thumbs\/thumbs_WhatsApp-Image-2026-01-29-at-2.15.26-PM-11.jpg\"\n           data-image-id=\"80686\"\n           data-title=\"WhatsApp-Image-2026-01-29-at-2.15.26-PM-11\"\n           data-description=\"\"\n           class=\"ngg-fancybox\" rel=\"536944760d5daf72722dfe16ee0c34a1\">\n\n            <img data-image-id='80686'\n                 title=\"\"\n                 alt=\"WhatsApp-Image-2026-01-29-at-2.15.26-PM-11\"\n                 src=\"https:\/\/www.villaeducativa.edu.mx\/newspaper\/wp-content\/gallery\/23-rimaspoemas5\/WhatsApp-Image-2026-01-29-at-2.15.26-PM-11.jpg\"\n                 style=\"max-height: 380px;\"\/>\n        <\/a>\n\n        <\/div> \n<div id=\"ngg-image-10\" class=\"ngg-gallery-slideshow-image\" style=\"height:400px\">\n\n        <a href=\"https:\/\/www.villaeducativa.edu.mx\/newspaper\/wp-content\/gallery\/23-rimaspoemas5\/WhatsApp-Image-2026-01-29-at-2.15.26-PM-2.jpg\"\n           title=\"\"\n           data-src=\"https:\/\/www.villaeducativa.edu.mx\/newspaper\/wp-content\/gallery\/23-rimaspoemas5\/WhatsApp-Image-2026-01-29-at-2.15.26-PM-2.jpg\"\n           data-thumbnail=\"https:\/\/www.villaeducativa.edu.mx\/newspaper\/wp-content\/gallery\/23-rimaspoemas5\/thumbs\/thumbs_WhatsApp-Image-2026-01-29-at-2.15.26-PM-2.jpg\"\n           data-image-id=\"80687\"\n           data-title=\"WhatsApp-Image-2026-01-29-at-2.15.26-PM-2\"\n           data-description=\"\"\n           class=\"ngg-fancybox\" rel=\"536944760d5daf72722dfe16ee0c34a1\">\n\n            <img data-image-id='80687'\n                 title=\"\"\n                 alt=\"WhatsApp-Image-2026-01-29-at-2.15.26-PM-2\"\n                 src=\"https:\/\/www.villaeducativa.edu.mx\/newspaper\/wp-content\/gallery\/23-rimaspoemas5\/WhatsApp-Image-2026-01-29-at-2.15.26-PM-2.jpg\"\n                 style=\"max-height: 380px;\"\/>\n        <\/a>\n\n        <\/div> \n<div id=\"ngg-image-11\" class=\"ngg-gallery-slideshow-image\" style=\"height:400px\">\n\n        <a href=\"https:\/\/www.villaeducativa.edu.mx\/newspaper\/wp-content\/gallery\/23-rimaspoemas5\/WhatsApp-Image-2026-01-29-at-2.15.26-PM-1.jpg\"\n           title=\"\"\n           data-src=\"https:\/\/www.villaeducativa.edu.mx\/newspaper\/wp-content\/gallery\/23-rimaspoemas5\/WhatsApp-Image-2026-01-29-at-2.15.26-PM-1.jpg\"\n           data-thumbnail=\"https:\/\/www.villaeducativa.edu.mx\/newspaper\/wp-content\/gallery\/23-rimaspoemas5\/thumbs\/thumbs_WhatsApp-Image-2026-01-29-at-2.15.26-PM-1.jpg\"\n           data-image-id=\"80688\"\n           data-title=\"WhatsApp-Image-2026-01-29-at-2.15.26-PM-1\"\n           data-description=\"\"\n           class=\"ngg-fancybox\" rel=\"536944760d5daf72722dfe16ee0c34a1\">\n\n            <img data-image-id='80688'\n                 title=\"\"\n                 alt=\"WhatsApp-Image-2026-01-29-at-2.15.26-PM-1\"\n                 src=\"https:\/\/www.villaeducativa.edu.mx\/newspaper\/wp-content\/gallery\/23-rimaspoemas5\/WhatsApp-Image-2026-01-29-at-2.15.26-PM-1.jpg\"\n                 style=\"max-height: 380px;\"\/>\n        <\/a>\n\n        <\/div> \n<div id=\"ngg-image-12\" class=\"ngg-gallery-slideshow-image\" style=\"height:400px\">\n\n        <a href=\"https:\/\/www.villaeducativa.edu.mx\/newspaper\/wp-content\/gallery\/23-rimaspoemas5\/WhatsApp-Image-2026-01-29-at-2.15.26-PM-4.jpg\"\n           title=\"\"\n           data-src=\"https:\/\/www.villaeducativa.edu.mx\/newspaper\/wp-content\/gallery\/23-rimaspoemas5\/WhatsApp-Image-2026-01-29-at-2.15.26-PM-4.jpg\"\n           data-thumbnail=\"https:\/\/www.villaeducativa.edu.mx\/newspaper\/wp-content\/gallery\/23-rimaspoemas5\/thumbs\/thumbs_WhatsApp-Image-2026-01-29-at-2.15.26-PM-4.jpg\"\n           data-image-id=\"80690\"\n           data-title=\"WhatsApp-Image-2026-01-29-at-2.15.26-PM-4\"\n           data-description=\"\"\n           class=\"ngg-fancybox\" rel=\"536944760d5daf72722dfe16ee0c34a1\">\n\n            <img data-image-id='80690'\n                 title=\"\"\n                 alt=\"WhatsApp-Image-2026-01-29-at-2.15.26-PM-4\"\n                 src=\"https:\/\/www.villaeducativa.edu.mx\/newspaper\/wp-content\/gallery\/23-rimaspoemas5\/WhatsApp-Image-2026-01-29-at-2.15.26-PM-4.jpg\"\n                 style=\"max-height: 380px;\"\/>\n        <\/a>\n\n        <\/div> \n<div id=\"ngg-image-13\" class=\"ngg-gallery-slideshow-image\" style=\"height:400px\">\n\n        <a href=\"https:\/\/www.villaeducativa.edu.mx\/newspaper\/wp-content\/gallery\/23-rimaspoemas5\/WhatsApp-Image-2026-01-29-at-2.15.27-PM-1.jpg\"\n           title=\"\"\n           data-src=\"https:\/\/www.villaeducativa.edu.mx\/newspaper\/wp-content\/gallery\/23-rimaspoemas5\/WhatsApp-Image-2026-01-29-at-2.15.27-PM-1.jpg\"\n           data-thumbnail=\"https:\/\/www.villaeducativa.edu.mx\/newspaper\/wp-content\/gallery\/23-rimaspoemas5\/thumbs\/thumbs_WhatsApp-Image-2026-01-29-at-2.15.27-PM-1.jpg\"\n           data-image-id=\"80691\"\n           data-title=\"WhatsApp-Image-2026-01-29-at-2.15.27-PM-1\"\n           data-description=\"\"\n           class=\"ngg-fancybox\" rel=\"536944760d5daf72722dfe16ee0c34a1\">\n\n            <img data-image-id='80691'\n                 title=\"\"\n                 alt=\"WhatsApp-Image-2026-01-29-at-2.15.27-PM-1\"\n                 src=\"https:\/\/www.villaeducativa.edu.mx\/newspaper\/wp-content\/gallery\/23-rimaspoemas5\/WhatsApp-Image-2026-01-29-at-2.15.27-PM-1.jpg\"\n                 style=\"max-height: 380px;\"\/>\n        <\/a>\n\n        <\/div> \n<div id=\"ngg-image-14\" class=\"ngg-gallery-slideshow-image\" style=\"height:400px\">\n\n        <a href=\"https:\/\/www.villaeducativa.edu.mx\/newspaper\/wp-content\/gallery\/23-rimaspoemas5\/WhatsApp-Image-2026-01-29-at-2.15.27-PM.jpg\"\n           title=\"\"\n           data-src=\"https:\/\/www.villaeducativa.edu.mx\/newspaper\/wp-content\/gallery\/23-rimaspoemas5\/WhatsApp-Image-2026-01-29-at-2.15.27-PM.jpg\"\n           data-thumbnail=\"https:\/\/www.villaeducativa.edu.mx\/newspaper\/wp-content\/gallery\/23-rimaspoemas5\/thumbs\/thumbs_WhatsApp-Image-2026-01-29-at-2.15.27-PM.jpg\"\n           data-image-id=\"80677\"\n           data-title=\"WhatsApp-Image-2026-01-29-at-2.15.27-PM\"\n           data-description=\"\"\n           class=\"ngg-fancybox\" rel=\"536944760d5daf72722dfe16ee0c34a1\">\n\n            <img data-image-id='80677'\n                 title=\"\"\n                 alt=\"WhatsApp-Image-2026-01-29-at-2.15.27-PM\"\n                 src=\"https:\/\/www.villaeducativa.edu.mx\/newspaper\/wp-content\/gallery\/23-rimaspoemas5\/WhatsApp-Image-2026-01-29-at-2.15.27-PM.jpg\"\n                 style=\"max-height: 380px;\"\/>\n        <\/a>\n\n        <\/div> \n<div id=\"ngg-image-15\" class=\"ngg-gallery-slideshow-image\" style=\"height:400px\">\n\n        <a href=\"https:\/\/www.villaeducativa.edu.mx\/newspaper\/wp-content\/gallery\/23-rimaspoemas5\/WhatsApp-Image-2026-01-29-at-2.15.26-PM-3.jpg\"\n           title=\"\"\n           data-src=\"https:\/\/www.villaeducativa.edu.mx\/newspaper\/wp-content\/gallery\/23-rimaspoemas5\/WhatsApp-Image-2026-01-29-at-2.15.26-PM-3.jpg\"\n           data-thumbnail=\"https:\/\/www.villaeducativa.edu.mx\/newspaper\/wp-content\/gallery\/23-rimaspoemas5\/thumbs\/thumbs_WhatsApp-Image-2026-01-29-at-2.15.26-PM-3.jpg\"\n           data-image-id=\"80689\"\n           data-title=\"WhatsApp-Image-2026-01-29-at-2.15.26-PM-3\"\n           data-description=\"\"\n           class=\"ngg-fancybox\" rel=\"536944760d5daf72722dfe16ee0c34a1\">\n\n            <img data-image-id='80689'\n                 title=\"\"\n                 alt=\"WhatsApp-Image-2026-01-29-at-2.15.26-PM-3\"\n                 src=\"https:\/\/www.villaeducativa.edu.mx\/newspaper\/wp-content\/gallery\/23-rimaspoemas5\/WhatsApp-Image-2026-01-29-at-2.15.26-PM-3.jpg\"\n                 style=\"max-height: 380px;\"\/>\n        <\/a>\n\n        <\/div> \n<\/div>\n\n\n\n\n\n\n\n<p><strong><span class=\"has-inline-color has-vivid-cyan-blue-color\">Karen Gonz\u00e1lez<br><\/span><\/strong><span class=\"has-inline-color has-vivid-cyan-blue-color\"><em>Docente Espa\u00f1ol 5o grado<\/em><\/span><\/p>\n","protected":false},"excerpt":{"rendered":"<p>Nuestros alumnos de quinto grado est\u00e1n participando en un proyecto muy especial llamado \u201cSobre cuentos y poemas\u201d, el cual ha sido una experiencia llena de creatividad, aprendizaje y entusiasmo. Durante este proyecto, las ni\u00f1as y los ni\u00f1os han conocido y analizado la estructura del poema, aprendiendo qu\u00e9 es la m\u00e9trica&hellip; <\/p>\n","protected":false},"author":2,"featured_media":154682,"comment_status":"closed","ping_status":"closed","sticky":false,"template":"","format":"standard","meta":{"ngg_post_thumbnail":0},"categories":[3],"tags":[],"_links":{"self":[{"href":"https:\/\/www.villaeducativa.edu.mx\/newspaper\/index.php?rest_route=\/wp\/v2\/posts\/153887"}],"collection":[{"href":"https:\/\/www.villaeducativa.edu.mx\/newspaper\/index.php?rest_route=\/wp\/v2\/posts"}],"about":[{"href":"https:\/\/www.villaeducativa.edu.mx\/newspaper\/index.php?rest_route=\/wp\/v2\/types\/post"}],"author":[{"embeddable":true,"href":"https:\/\/www.villaeducativa.edu.mx\/newspaper\/index.php?rest_route=\/wp\/v2\/users\/2"}],"replies":[{"embeddable":true,"href":"https:\/\/www.villaeducativa.edu.mx\/newspaper\/index.php?rest_route=%2Fwp%2Fv2%2Fcomments&post=153887"}],"version-history":[{"count":1,"href":"https:\/\/www.villaeducativa.edu.mx\/newspaper\/index.php?rest_route=\/wp\/v2\/posts\/153887\/revisions"}],"predecessor-version":[{"id":153906,"href":"https:\/\/www.villaeducativa.edu.mx\/newspaper\/index.php?rest_route=\/wp\/v2\/posts\/153887\/revisions\/153906"}],"wp:featuredmedia":[{"embeddable":true,"href":"https:\/\/www.villaeducativa.edu.mx\/newspaper\/index.php?rest_route=\/wp\/v2\/media\/154682"}],"wp:attachment":[{"href":"https:\/\/www.villaeducativa.edu.mx\/newspaper\/index.php?rest_route=%2Fwp%2Fv2%2Fmedia&parent=153887"}],"wp:term":[{"taxonomy":"category","embeddable":true,"href":"https:\/\/www.villaeducativa.edu.mx\/newspaper\/index.php?rest_route=%2Fwp%2Fv2%2Fcategories&post=153887"},{"taxonomy":"post_tag","embeddable":true,"href":"https:\/\/www.villaeducativa.edu.mx\/newspaper\/index.php?rest_route=%2Fwp%2Fv2%2Ftags&post=153887"}],"curies":[{"name":"wp","href":"https:\/\/api.w.org\/{rel}","templated":true}]}}