{"id":153857,"date":"2026-02-03T07:15:24","date_gmt":"2026-02-03T13:15:24","guid":{"rendered":"https:\/\/www.villaeducativa.edu.mx\/newspaper\/?p=153857"},"modified":"2026-02-03T10:54:33","modified_gmt":"2026-02-03T16:54:33","slug":"clase-abierta-de-karate","status":"publish","type":"post","link":"https:\/\/www.villaeducativa.edu.mx\/newspaper\/?p=153857","title":{"rendered":"Clase abierta de Karate"},"content":{"rendered":"\n<p>Durante el primer semestre se llev\u00f3 a cabo con gran \u00e9xito la actividad de karate dirigida a los alumnos de Kinder 2 y 3. Agradecemos profundamente al <strong>profesor Alonso Le\u00f3n Vega<\/strong> por el excelente trabajo realizado con los estudiantes, demostrando compromiso, dedicaci\u00f3n y profesionalismo en cada clase.<\/p>\n\n\n\n<p>A lo largo de este periodo, los alumnos lograron desarrollar una armon\u00eda integral entre cuerpo y mente, fortaleciendo valores fundamentales como la <strong>disciplina, el autocontrol y la confianza personal<\/strong>. Asimismo, se observ\u00f3 una notable mejora en habilidades f\u00edsicas como la <strong>fuerza, flexibilidad, equilibrio y coordinaci\u00f3n motora<\/strong>.<\/p>\n\n\n\n<p>En el \u00e1mbito mental y emocional, la pr\u00e1ctica del karate contribuy\u00f3 a mejorar la <strong>concentraci\u00f3n<\/strong>, reducir el <strong>estr\u00e9s<\/strong> y fomentar la <strong>perseverancia<\/strong>, aspectos clave para el desarrollo integral de los ni\u00f1os.<\/p>\n\n\n\n<p>Felicitamos al profesor y a nuestros alumnos por los avances logrados y por el entusiasmo demostrado durante esta enriquecedora actividad.<\/p>\n\n\n\n\n\n<div class=\"ngg-galleryoverview ngg-slideshow\"\n\t id=\"ngg-slideshow-1096f13d5bb424591d88b21a1a754eb3-16441066730\"\n     data-gallery-id=\"1096f13d5bb424591d88b21a1a754eb3\"\n     style=\"max-width: 600px; max-height: 400px;\">\n\n \t<div id=\"ngg-image-0\" class=\"ngg-gallery-slideshow-image\" style=\"height:400px\">\n\n        <a href=\"https:\/\/www.villaeducativa.edu.mx\/newspaper\/wp-content\/gallery\/22-clasekarate\/2026-01-30-VE-Karate-131.jpg\"\n           title=\"\"\n           data-src=\"https:\/\/www.villaeducativa.edu.mx\/newspaper\/wp-content\/gallery\/22-clasekarate\/2026-01-30-VE-Karate-131.jpg\"\n           data-thumbnail=\"https:\/\/www.villaeducativa.edu.mx\/newspaper\/wp-content\/gallery\/22-clasekarate\/thumbs\/thumbs_2026-01-30-VE-Karate-131.jpg\"\n           data-image-id=\"80743\"\n           data-title=\"2026-01-30-VE-Karate-131\"\n           data-description=\"\"\n           class=\"ngg-fancybox\" rel=\"1096f13d5bb424591d88b21a1a754eb3\">\n\n            <img data-image-id='80743'\n                 title=\"\"\n                 alt=\"2026-01-30-VE-Karate-131\"\n                 src=\"https:\/\/www.villaeducativa.edu.mx\/newspaper\/wp-content\/gallery\/22-clasekarate\/2026-01-30-VE-Karate-131.jpg\"\n                 style=\"max-height: 380px;\"\/>\n        <\/a>\n\n        <\/div> \n<div id=\"ngg-image-1\" class=\"ngg-gallery-slideshow-image\" style=\"height:400px\">\n\n        <a href=\"https:\/\/www.villaeducativa.edu.mx\/newspaper\/wp-content\/gallery\/22-clasekarate\/2026-01-30-VE-Karate-155.jpg\"\n           title=\"\"\n           data-src=\"https:\/\/www.villaeducativa.edu.mx\/newspaper\/wp-content\/gallery\/22-clasekarate\/2026-01-30-VE-Karate-155.jpg\"\n           data-thumbnail=\"https:\/\/www.villaeducativa.edu.mx\/newspaper\/wp-content\/gallery\/22-clasekarate\/thumbs\/thumbs_2026-01-30-VE-Karate-155.jpg\"\n           data-image-id=\"80753\"\n           data-title=\"2026-01-30-VE-Karate-155\"\n           data-description=\"\"\n           class=\"ngg-fancybox\" rel=\"1096f13d5bb424591d88b21a1a754eb3\">\n\n            <img data-image-id='80753'\n                 title=\"\"\n                 alt=\"2026-01-30-VE-Karate-155\"\n                 src=\"https:\/\/www.villaeducativa.edu.mx\/newspaper\/wp-content\/gallery\/22-clasekarate\/2026-01-30-VE-Karate-155.jpg\"\n                 style=\"max-height: 380px;\"\/>\n        <\/a>\n\n        <\/div> \n<div id=\"ngg-image-2\" class=\"ngg-gallery-slideshow-image\" style=\"height:400px\">\n\n        <a href=\"https:\/\/www.villaeducativa.edu.mx\/newspaper\/wp-content\/gallery\/22-clasekarate\/2026-01-30-VE-Karate-148.jpg\"\n           title=\"\"\n           data-src=\"https:\/\/www.villaeducativa.edu.mx\/newspaper\/wp-content\/gallery\/22-clasekarate\/2026-01-30-VE-Karate-148.jpg\"\n           data-thumbnail=\"https:\/\/www.villaeducativa.edu.mx\/newspaper\/wp-content\/gallery\/22-clasekarate\/thumbs\/thumbs_2026-01-30-VE-Karate-148.jpg\"\n           data-image-id=\"80752\"\n           data-title=\"2026-01-30-VE-Karate-148\"\n           data-description=\"\"\n           class=\"ngg-fancybox\" rel=\"1096f13d5bb424591d88b21a1a754eb3\">\n\n            <img data-image-id='80752'\n                 title=\"\"\n                 alt=\"2026-01-30-VE-Karate-148\"\n                 src=\"https:\/\/www.villaeducativa.edu.mx\/newspaper\/wp-content\/gallery\/22-clasekarate\/2026-01-30-VE-Karate-148.jpg\"\n                 style=\"max-height: 380px;\"\/>\n        <\/a>\n\n        <\/div> \n<div id=\"ngg-image-3\" class=\"ngg-gallery-slideshow-image\" style=\"height:400px\">\n\n        <a href=\"https:\/\/www.villaeducativa.edu.mx\/newspaper\/wp-content\/gallery\/22-clasekarate\/2026-01-30-VE-Karate-144.jpg\"\n           title=\"\"\n           data-src=\"https:\/\/www.villaeducativa.edu.mx\/newspaper\/wp-content\/gallery\/22-clasekarate\/2026-01-30-VE-Karate-144.jpg\"\n           data-thumbnail=\"https:\/\/www.villaeducativa.edu.mx\/newspaper\/wp-content\/gallery\/22-clasekarate\/thumbs\/thumbs_2026-01-30-VE-Karate-144.jpg\"\n           data-image-id=\"80751\"\n           data-title=\"2026-01-30-VE-Karate-144\"\n           data-description=\"\"\n           class=\"ngg-fancybox\" rel=\"1096f13d5bb424591d88b21a1a754eb3\">\n\n            <img data-image-id='80751'\n                 title=\"\"\n                 alt=\"2026-01-30-VE-Karate-144\"\n                 src=\"https:\/\/www.villaeducativa.edu.mx\/newspaper\/wp-content\/gallery\/22-clasekarate\/2026-01-30-VE-Karate-144.jpg\"\n                 style=\"max-height: 380px;\"\/>\n        <\/a>\n\n        <\/div> \n<div id=\"ngg-image-4\" class=\"ngg-gallery-slideshow-image\" style=\"height:400px\">\n\n        <a href=\"https:\/\/www.villaeducativa.edu.mx\/newspaper\/wp-content\/gallery\/22-clasekarate\/2026-01-30-VE-Karate-146.jpg\"\n           title=\"\"\n           data-src=\"https:\/\/www.villaeducativa.edu.mx\/newspaper\/wp-content\/gallery\/22-clasekarate\/2026-01-30-VE-Karate-146.jpg\"\n           data-thumbnail=\"https:\/\/www.villaeducativa.edu.mx\/newspaper\/wp-content\/gallery\/22-clasekarate\/thumbs\/thumbs_2026-01-30-VE-Karate-146.jpg\"\n           data-image-id=\"80750\"\n           data-title=\"2026-01-30-VE-Karate-146\"\n           data-description=\"\"\n           class=\"ngg-fancybox\" rel=\"1096f13d5bb424591d88b21a1a754eb3\">\n\n            <img data-image-id='80750'\n                 title=\"\"\n                 alt=\"2026-01-30-VE-Karate-146\"\n                 src=\"https:\/\/www.villaeducativa.edu.mx\/newspaper\/wp-content\/gallery\/22-clasekarate\/2026-01-30-VE-Karate-146.jpg\"\n                 style=\"max-height: 380px;\"\/>\n        <\/a>\n\n        <\/div> \n<div id=\"ngg-image-5\" class=\"ngg-gallery-slideshow-image\" style=\"height:400px\">\n\n        <a href=\"https:\/\/www.villaeducativa.edu.mx\/newspaper\/wp-content\/gallery\/22-clasekarate\/2026-01-30-VE-Karate-142.jpg\"\n           title=\"\"\n           data-src=\"https:\/\/www.villaeducativa.edu.mx\/newspaper\/wp-content\/gallery\/22-clasekarate\/2026-01-30-VE-Karate-142.jpg\"\n           data-thumbnail=\"https:\/\/www.villaeducativa.edu.mx\/newspaper\/wp-content\/gallery\/22-clasekarate\/thumbs\/thumbs_2026-01-30-VE-Karate-142.jpg\"\n           data-image-id=\"80749\"\n           data-title=\"2026-01-30-VE-Karate-142\"\n           data-description=\"\"\n           class=\"ngg-fancybox\" rel=\"1096f13d5bb424591d88b21a1a754eb3\">\n\n            <img data-image-id='80749'\n                 title=\"\"\n                 alt=\"2026-01-30-VE-Karate-142\"\n                 src=\"https:\/\/www.villaeducativa.edu.mx\/newspaper\/wp-content\/gallery\/22-clasekarate\/2026-01-30-VE-Karate-142.jpg\"\n                 style=\"max-height: 380px;\"\/>\n        <\/a>\n\n        <\/div> \n<div id=\"ngg-image-6\" class=\"ngg-gallery-slideshow-image\" style=\"height:400px\">\n\n        <a href=\"https:\/\/www.villaeducativa.edu.mx\/newspaper\/wp-content\/gallery\/22-clasekarate\/2026-01-30-VE-Karate-143.jpg\"\n           title=\"\"\n           data-src=\"https:\/\/www.villaeducativa.edu.mx\/newspaper\/wp-content\/gallery\/22-clasekarate\/2026-01-30-VE-Karate-143.jpg\"\n           data-thumbnail=\"https:\/\/www.villaeducativa.edu.mx\/newspaper\/wp-content\/gallery\/22-clasekarate\/thumbs\/thumbs_2026-01-30-VE-Karate-143.jpg\"\n           data-image-id=\"80748\"\n           data-title=\"2026-01-30-VE-Karate-143\"\n           data-description=\"\"\n           class=\"ngg-fancybox\" rel=\"1096f13d5bb424591d88b21a1a754eb3\">\n\n            <img data-image-id='80748'\n                 title=\"\"\n                 alt=\"2026-01-30-VE-Karate-143\"\n                 src=\"https:\/\/www.villaeducativa.edu.mx\/newspaper\/wp-content\/gallery\/22-clasekarate\/2026-01-30-VE-Karate-143.jpg\"\n                 style=\"max-height: 380px;\"\/>\n        <\/a>\n\n        <\/div> \n<div id=\"ngg-image-7\" class=\"ngg-gallery-slideshow-image\" style=\"height:400px\">\n\n        <a href=\"https:\/\/www.villaeducativa.edu.mx\/newspaper\/wp-content\/gallery\/22-clasekarate\/2026-01-30-VE-Karate-140.jpg\"\n           title=\"\"\n           data-src=\"https:\/\/www.villaeducativa.edu.mx\/newspaper\/wp-content\/gallery\/22-clasekarate\/2026-01-30-VE-Karate-140.jpg\"\n           data-thumbnail=\"https:\/\/www.villaeducativa.edu.mx\/newspaper\/wp-content\/gallery\/22-clasekarate\/thumbs\/thumbs_2026-01-30-VE-Karate-140.jpg\"\n           data-image-id=\"80747\"\n           data-title=\"2026-01-30-VE-Karate-140\"\n           data-description=\"\"\n           class=\"ngg-fancybox\" rel=\"1096f13d5bb424591d88b21a1a754eb3\">\n\n            <img data-image-id='80747'\n                 title=\"\"\n                 alt=\"2026-01-30-VE-Karate-140\"\n                 src=\"https:\/\/www.villaeducativa.edu.mx\/newspaper\/wp-content\/gallery\/22-clasekarate\/2026-01-30-VE-Karate-140.jpg\"\n                 style=\"max-height: 380px;\"\/>\n        <\/a>\n\n        <\/div> \n<div id=\"ngg-image-8\" class=\"ngg-gallery-slideshow-image\" style=\"height:400px\">\n\n        <a href=\"https:\/\/www.villaeducativa.edu.mx\/newspaper\/wp-content\/gallery\/22-clasekarate\/2026-01-30-VE-Karate-136.jpg\"\n           title=\"\"\n           data-src=\"https:\/\/www.villaeducativa.edu.mx\/newspaper\/wp-content\/gallery\/22-clasekarate\/2026-01-30-VE-Karate-136.jpg\"\n           data-thumbnail=\"https:\/\/www.villaeducativa.edu.mx\/newspaper\/wp-content\/gallery\/22-clasekarate\/thumbs\/thumbs_2026-01-30-VE-Karate-136.jpg\"\n           data-image-id=\"80746\"\n           data-title=\"2026-01-30-VE-Karate-136\"\n           data-description=\"\"\n           class=\"ngg-fancybox\" rel=\"1096f13d5bb424591d88b21a1a754eb3\">\n\n            <img data-image-id='80746'\n                 title=\"\"\n                 alt=\"2026-01-30-VE-Karate-136\"\n                 src=\"https:\/\/www.villaeducativa.edu.mx\/newspaper\/wp-content\/gallery\/22-clasekarate\/2026-01-30-VE-Karate-136.jpg\"\n                 style=\"max-height: 380px;\"\/>\n        <\/a>\n\n        <\/div> \n<div id=\"ngg-image-9\" class=\"ngg-gallery-slideshow-image\" style=\"height:400px\">\n\n        <a href=\"https:\/\/www.villaeducativa.edu.mx\/newspaper\/wp-content\/gallery\/22-clasekarate\/2026-01-30-VE-Karate-135.jpg\"\n           title=\"\"\n           data-src=\"https:\/\/www.villaeducativa.edu.mx\/newspaper\/wp-content\/gallery\/22-clasekarate\/2026-01-30-VE-Karate-135.jpg\"\n           data-thumbnail=\"https:\/\/www.villaeducativa.edu.mx\/newspaper\/wp-content\/gallery\/22-clasekarate\/thumbs\/thumbs_2026-01-30-VE-Karate-135.jpg\"\n           data-image-id=\"80745\"\n           data-title=\"2026-01-30-VE-Karate-135\"\n           data-description=\"\"\n           class=\"ngg-fancybox\" rel=\"1096f13d5bb424591d88b21a1a754eb3\">\n\n            <img data-image-id='80745'\n                 title=\"\"\n                 alt=\"2026-01-30-VE-Karate-135\"\n                 src=\"https:\/\/www.villaeducativa.edu.mx\/newspaper\/wp-content\/gallery\/22-clasekarate\/2026-01-30-VE-Karate-135.jpg\"\n                 style=\"max-height: 380px;\"\/>\n        <\/a>\n\n        <\/div> \n<div id=\"ngg-image-10\" class=\"ngg-gallery-slideshow-image\" style=\"height:400px\">\n\n        <a href=\"https:\/\/www.villaeducativa.edu.mx\/newspaper\/wp-content\/gallery\/22-clasekarate\/2026-01-30-VE-Karate-111.jpg\"\n           title=\"\"\n           data-src=\"https:\/\/www.villaeducativa.edu.mx\/newspaper\/wp-content\/gallery\/22-clasekarate\/2026-01-30-VE-Karate-111.jpg\"\n           data-thumbnail=\"https:\/\/www.villaeducativa.edu.mx\/newspaper\/wp-content\/gallery\/22-clasekarate\/thumbs\/thumbs_2026-01-30-VE-Karate-111.jpg\"\n           data-image-id=\"80744\"\n           data-title=\"2026-01-30-VE-Karate-111\"\n           data-description=\"\"\n           class=\"ngg-fancybox\" rel=\"1096f13d5bb424591d88b21a1a754eb3\">\n\n            <img data-image-id='80744'\n                 title=\"\"\n                 alt=\"2026-01-30-VE-Karate-111\"\n                 src=\"https:\/\/www.villaeducativa.edu.mx\/newspaper\/wp-content\/gallery\/22-clasekarate\/2026-01-30-VE-Karate-111.jpg\"\n                 style=\"max-height: 380px;\"\/>\n        <\/a>\n\n        <\/div> \n<div id=\"ngg-image-11\" class=\"ngg-gallery-slideshow-image\" style=\"height:400px\">\n\n        <a href=\"https:\/\/www.villaeducativa.edu.mx\/newspaper\/wp-content\/gallery\/22-clasekarate\/2026-01-30-VE-Karate-161.jpg\"\n           title=\"\"\n           data-src=\"https:\/\/www.villaeducativa.edu.mx\/newspaper\/wp-content\/gallery\/22-clasekarate\/2026-01-30-VE-Karate-161.jpg\"\n           data-thumbnail=\"https:\/\/www.villaeducativa.edu.mx\/newspaper\/wp-content\/gallery\/22-clasekarate\/thumbs\/thumbs_2026-01-30-VE-Karate-161.jpg\"\n           data-image-id=\"80754\"\n           data-title=\"2026-01-30-VE-Karate-161\"\n           data-description=\"\"\n           class=\"ngg-fancybox\" rel=\"1096f13d5bb424591d88b21a1a754eb3\">\n\n            <img data-image-id='80754'\n                 title=\"\"\n                 alt=\"2026-01-30-VE-Karate-161\"\n                 src=\"https:\/\/www.villaeducativa.edu.mx\/newspaper\/wp-content\/gallery\/22-clasekarate\/2026-01-30-VE-Karate-161.jpg\"\n                 style=\"max-height: 380px;\"\/>\n        <\/a>\n\n        <\/div> \n<div id=\"ngg-image-12\" class=\"ngg-gallery-slideshow-image\" style=\"height:400px\">\n\n        <a href=\"https:\/\/www.villaeducativa.edu.mx\/newspaper\/wp-content\/gallery\/22-clasekarate\/2026-01-30-VE-Karate-133.jpg\"\n           title=\"\"\n           data-src=\"https:\/\/www.villaeducativa.edu.mx\/newspaper\/wp-content\/gallery\/22-clasekarate\/2026-01-30-VE-Karate-133.jpg\"\n           data-thumbnail=\"https:\/\/www.villaeducativa.edu.mx\/newspaper\/wp-content\/gallery\/22-clasekarate\/thumbs\/thumbs_2026-01-30-VE-Karate-133.jpg\"\n           data-image-id=\"80742\"\n           data-title=\"2026-01-30-VE-Karate-133\"\n           data-description=\"\"\n           class=\"ngg-fancybox\" rel=\"1096f13d5bb424591d88b21a1a754eb3\">\n\n            <img data-image-id='80742'\n                 title=\"\"\n                 alt=\"2026-01-30-VE-Karate-133\"\n                 src=\"https:\/\/www.villaeducativa.edu.mx\/newspaper\/wp-content\/gallery\/22-clasekarate\/2026-01-30-VE-Karate-133.jpg\"\n                 style=\"max-height: 380px;\"\/>\n        <\/a>\n\n        <\/div> \n<div id=\"ngg-image-13\" class=\"ngg-gallery-slideshow-image\" style=\"height:400px\">\n\n        <a href=\"https:\/\/www.villaeducativa.edu.mx\/newspaper\/wp-content\/gallery\/22-clasekarate\/2026-01-30-VE-Karate-113.jpg\"\n           title=\"\"\n           data-src=\"https:\/\/www.villaeducativa.edu.mx\/newspaper\/wp-content\/gallery\/22-clasekarate\/2026-01-30-VE-Karate-113.jpg\"\n           data-thumbnail=\"https:\/\/www.villaeducativa.edu.mx\/newspaper\/wp-content\/gallery\/22-clasekarate\/thumbs\/thumbs_2026-01-30-VE-Karate-113.jpg\"\n           data-image-id=\"80741\"\n           data-title=\"2026-01-30-VE-Karate-113\"\n           data-description=\"\"\n           class=\"ngg-fancybox\" rel=\"1096f13d5bb424591d88b21a1a754eb3\">\n\n            <img data-image-id='80741'\n                 title=\"\"\n                 alt=\"2026-01-30-VE-Karate-113\"\n                 src=\"https:\/\/www.villaeducativa.edu.mx\/newspaper\/wp-content\/gallery\/22-clasekarate\/2026-01-30-VE-Karate-113.jpg\"\n                 style=\"max-height: 380px;\"\/>\n        <\/a>\n\n        <\/div> \n<div id=\"ngg-image-14\" class=\"ngg-gallery-slideshow-image\" style=\"height:400px\">\n\n        <a href=\"https:\/\/www.villaeducativa.edu.mx\/newspaper\/wp-content\/gallery\/22-clasekarate\/2026-01-30-VE-Karate-114.jpg\"\n           title=\"\"\n           data-src=\"https:\/\/www.villaeducativa.edu.mx\/newspaper\/wp-content\/gallery\/22-clasekarate\/2026-01-30-VE-Karate-114.jpg\"\n           data-thumbnail=\"https:\/\/www.villaeducativa.edu.mx\/newspaper\/wp-content\/gallery\/22-clasekarate\/thumbs\/thumbs_2026-01-30-VE-Karate-114.jpg\"\n           data-image-id=\"80740\"\n           data-title=\"2026-01-30-VE-Karate-114\"\n           data-description=\"\"\n           class=\"ngg-fancybox\" rel=\"1096f13d5bb424591d88b21a1a754eb3\">\n\n            <img data-image-id='80740'\n                 title=\"\"\n                 alt=\"2026-01-30-VE-Karate-114\"\n                 src=\"https:\/\/www.villaeducativa.edu.mx\/newspaper\/wp-content\/gallery\/22-clasekarate\/2026-01-30-VE-Karate-114.jpg\"\n                 style=\"max-height: 380px;\"\/>\n        <\/a>\n\n        <\/div> \n<div id=\"ngg-image-15\" class=\"ngg-gallery-slideshow-image\" style=\"height:400px\">\n\n        <a href=\"https:\/\/www.villaeducativa.edu.mx\/newspaper\/wp-content\/gallery\/22-clasekarate\/2026-01-30-VE-Karate-97.jpg\"\n           title=\"\"\n           data-src=\"https:\/\/www.villaeducativa.edu.mx\/newspaper\/wp-content\/gallery\/22-clasekarate\/2026-01-30-VE-Karate-97.jpg\"\n           data-thumbnail=\"https:\/\/www.villaeducativa.edu.mx\/newspaper\/wp-content\/gallery\/22-clasekarate\/thumbs\/thumbs_2026-01-30-VE-Karate-97.jpg\"\n           data-image-id=\"80739\"\n           data-title=\"2026-01-30-VE-Karate-97\"\n           data-description=\"\"\n           class=\"ngg-fancybox\" rel=\"1096f13d5bb424591d88b21a1a754eb3\">\n\n            <img data-image-id='80739'\n                 title=\"\"\n                 alt=\"2026-01-30-VE-Karate-97\"\n                 src=\"https:\/\/www.villaeducativa.edu.mx\/newspaper\/wp-content\/gallery\/22-clasekarate\/2026-01-30-VE-Karate-97.jpg\"\n                 style=\"max-height: 380px;\"\/>\n        <\/a>\n\n        <\/div> \n<div id=\"ngg-image-16\" class=\"ngg-gallery-slideshow-image\" style=\"height:400px\">\n\n        <a href=\"https:\/\/www.villaeducativa.edu.mx\/newspaper\/wp-content\/gallery\/22-clasekarate\/2026-01-30-VE-Karate-109.jpg\"\n           title=\"\"\n           data-src=\"https:\/\/www.villaeducativa.edu.mx\/newspaper\/wp-content\/gallery\/22-clasekarate\/2026-01-30-VE-Karate-109.jpg\"\n           data-thumbnail=\"https:\/\/www.villaeducativa.edu.mx\/newspaper\/wp-content\/gallery\/22-clasekarate\/thumbs\/thumbs_2026-01-30-VE-Karate-109.jpg\"\n           data-image-id=\"80738\"\n           data-title=\"2026-01-30-VE-Karate-109\"\n           data-description=\"\"\n           class=\"ngg-fancybox\" rel=\"1096f13d5bb424591d88b21a1a754eb3\">\n\n            <img data-image-id='80738'\n                 title=\"\"\n                 alt=\"2026-01-30-VE-Karate-109\"\n                 src=\"https:\/\/www.villaeducativa.edu.mx\/newspaper\/wp-content\/gallery\/22-clasekarate\/2026-01-30-VE-Karate-109.jpg\"\n                 style=\"max-height: 380px;\"\/>\n        <\/a>\n\n        <\/div> \n<div id=\"ngg-image-17\" class=\"ngg-gallery-slideshow-image\" style=\"height:400px\">\n\n        <a href=\"https:\/\/www.villaeducativa.edu.mx\/newspaper\/wp-content\/gallery\/22-clasekarate\/2026-01-30-VE-Karate-94.jpg\"\n           title=\"\"\n           data-src=\"https:\/\/www.villaeducativa.edu.mx\/newspaper\/wp-content\/gallery\/22-clasekarate\/2026-01-30-VE-Karate-94.jpg\"\n           data-thumbnail=\"https:\/\/www.villaeducativa.edu.mx\/newspaper\/wp-content\/gallery\/22-clasekarate\/thumbs\/thumbs_2026-01-30-VE-Karate-94.jpg\"\n           data-image-id=\"80737\"\n           data-title=\"2026-01-30-VE-Karate-94\"\n           data-description=\"\"\n           class=\"ngg-fancybox\" rel=\"1096f13d5bb424591d88b21a1a754eb3\">\n\n            <img data-image-id='80737'\n                 title=\"\"\n                 alt=\"2026-01-30-VE-Karate-94\"\n                 src=\"https:\/\/www.villaeducativa.edu.mx\/newspaper\/wp-content\/gallery\/22-clasekarate\/2026-01-30-VE-Karate-94.jpg\"\n                 style=\"max-height: 380px;\"\/>\n        <\/a>\n\n        <\/div> \n<div id=\"ngg-image-18\" class=\"ngg-gallery-slideshow-image\" style=\"height:400px\">\n\n        <a href=\"https:\/\/www.villaeducativa.edu.mx\/newspaper\/wp-content\/gallery\/22-clasekarate\/2026-01-30-VE-Karate-92.jpg\"\n           title=\"\"\n           data-src=\"https:\/\/www.villaeducativa.edu.mx\/newspaper\/wp-content\/gallery\/22-clasekarate\/2026-01-30-VE-Karate-92.jpg\"\n           data-thumbnail=\"https:\/\/www.villaeducativa.edu.mx\/newspaper\/wp-content\/gallery\/22-clasekarate\/thumbs\/thumbs_2026-01-30-VE-Karate-92.jpg\"\n           data-image-id=\"80736\"\n           data-title=\"2026-01-30-VE-Karate-92\"\n           data-description=\"\"\n           class=\"ngg-fancybox\" rel=\"1096f13d5bb424591d88b21a1a754eb3\">\n\n            <img data-image-id='80736'\n                 title=\"\"\n                 alt=\"2026-01-30-VE-Karate-92\"\n                 src=\"https:\/\/www.villaeducativa.edu.mx\/newspaper\/wp-content\/gallery\/22-clasekarate\/2026-01-30-VE-Karate-92.jpg\"\n                 style=\"max-height: 380px;\"\/>\n        <\/a>\n\n        <\/div> \n<div id=\"ngg-image-19\" class=\"ngg-gallery-slideshow-image\" style=\"height:400px\">\n\n        <a href=\"https:\/\/www.villaeducativa.edu.mx\/newspaper\/wp-content\/gallery\/22-clasekarate\/2026-01-30-VE-Karate-87.jpg\"\n           title=\"\"\n           data-src=\"https:\/\/www.villaeducativa.edu.mx\/newspaper\/wp-content\/gallery\/22-clasekarate\/2026-01-30-VE-Karate-87.jpg\"\n           data-thumbnail=\"https:\/\/www.villaeducativa.edu.mx\/newspaper\/wp-content\/gallery\/22-clasekarate\/thumbs\/thumbs_2026-01-30-VE-Karate-87.jpg\"\n           data-image-id=\"80735\"\n           data-title=\"2026-01-30-VE-Karate-87\"\n           data-description=\"\"\n           class=\"ngg-fancybox\" rel=\"1096f13d5bb424591d88b21a1a754eb3\">\n\n            <img data-image-id='80735'\n                 title=\"\"\n                 alt=\"2026-01-30-VE-Karate-87\"\n                 src=\"https:\/\/www.villaeducativa.edu.mx\/newspaper\/wp-content\/gallery\/22-clasekarate\/2026-01-30-VE-Karate-87.jpg\"\n                 style=\"max-height: 380px;\"\/>\n        <\/a>\n\n        <\/div> \n<div id=\"ngg-image-20\" class=\"ngg-gallery-slideshow-image\" style=\"height:400px\">\n\n        <a href=\"https:\/\/www.villaeducativa.edu.mx\/newspaper\/wp-content\/gallery\/22-clasekarate\/2026-01-30-VE-Karate-84.jpg\"\n           title=\"\"\n           data-src=\"https:\/\/www.villaeducativa.edu.mx\/newspaper\/wp-content\/gallery\/22-clasekarate\/2026-01-30-VE-Karate-84.jpg\"\n           data-thumbnail=\"https:\/\/www.villaeducativa.edu.mx\/newspaper\/wp-content\/gallery\/22-clasekarate\/thumbs\/thumbs_2026-01-30-VE-Karate-84.jpg\"\n           data-image-id=\"80734\"\n           data-title=\"2026-01-30-VE-Karate-84\"\n           data-description=\"\"\n           class=\"ngg-fancybox\" rel=\"1096f13d5bb424591d88b21a1a754eb3\">\n\n            <img data-image-id='80734'\n                 title=\"\"\n                 alt=\"2026-01-30-VE-Karate-84\"\n                 src=\"https:\/\/www.villaeducativa.edu.mx\/newspaper\/wp-content\/gallery\/22-clasekarate\/2026-01-30-VE-Karate-84.jpg\"\n                 style=\"max-height: 380px;\"\/>\n        <\/a>\n\n        <\/div> \n<div id=\"ngg-image-21\" class=\"ngg-gallery-slideshow-image\" style=\"height:400px\">\n\n        <a href=\"https:\/\/www.villaeducativa.edu.mx\/newspaper\/wp-content\/gallery\/22-clasekarate\/2026-01-30-VE-Karate-197.jpg\"\n           title=\"\"\n           data-src=\"https:\/\/www.villaeducativa.edu.mx\/newspaper\/wp-content\/gallery\/22-clasekarate\/2026-01-30-VE-Karate-197.jpg\"\n           data-thumbnail=\"https:\/\/www.villaeducativa.edu.mx\/newspaper\/wp-content\/gallery\/22-clasekarate\/thumbs\/thumbs_2026-01-30-VE-Karate-197.jpg\"\n           data-image-id=\"80764\"\n           data-title=\"2026-01-30-VE-Karate-197\"\n           data-description=\"\"\n           class=\"ngg-fancybox\" rel=\"1096f13d5bb424591d88b21a1a754eb3\">\n\n            <img data-image-id='80764'\n                 title=\"\"\n                 alt=\"2026-01-30-VE-Karate-197\"\n                 src=\"https:\/\/www.villaeducativa.edu.mx\/newspaper\/wp-content\/gallery\/22-clasekarate\/2026-01-30-VE-Karate-197.jpg\"\n                 style=\"max-height: 380px;\"\/>\n        <\/a>\n\n        <\/div> \n<div id=\"ngg-image-22\" class=\"ngg-gallery-slideshow-image\" style=\"height:400px\">\n\n        <a href=\"https:\/\/www.villaeducativa.edu.mx\/newspaper\/wp-content\/gallery\/22-clasekarate\/2026-01-30-VE-Karate-214.jpg\"\n           title=\"\"\n           data-src=\"https:\/\/www.villaeducativa.edu.mx\/newspaper\/wp-content\/gallery\/22-clasekarate\/2026-01-30-VE-Karate-214.jpg\"\n           data-thumbnail=\"https:\/\/www.villaeducativa.edu.mx\/newspaper\/wp-content\/gallery\/22-clasekarate\/thumbs\/thumbs_2026-01-30-VE-Karate-214.jpg\"\n           data-image-id=\"80773\"\n           data-title=\"2026-01-30-VE-Karate-214\"\n           data-description=\"\"\n           class=\"ngg-fancybox\" rel=\"1096f13d5bb424591d88b21a1a754eb3\">\n\n            <img data-image-id='80773'\n                 title=\"\"\n                 alt=\"2026-01-30-VE-Karate-214\"\n                 src=\"https:\/\/www.villaeducativa.edu.mx\/newspaper\/wp-content\/gallery\/22-clasekarate\/2026-01-30-VE-Karate-214.jpg\"\n                 style=\"max-height: 380px;\"\/>\n        <\/a>\n\n        <\/div> \n<div id=\"ngg-image-23\" class=\"ngg-gallery-slideshow-image\" style=\"height:400px\">\n\n        <a href=\"https:\/\/www.villaeducativa.edu.mx\/newspaper\/wp-content\/gallery\/22-clasekarate\/2026-01-30-VE-Karate-222.jpg\"\n           title=\"\"\n           data-src=\"https:\/\/www.villaeducativa.edu.mx\/newspaper\/wp-content\/gallery\/22-clasekarate\/2026-01-30-VE-Karate-222.jpg\"\n           data-thumbnail=\"https:\/\/www.villaeducativa.edu.mx\/newspaper\/wp-content\/gallery\/22-clasekarate\/thumbs\/thumbs_2026-01-30-VE-Karate-222.jpg\"\n           data-image-id=\"80772\"\n           data-title=\"2026-01-30-VE-Karate-222\"\n           data-description=\"\"\n           class=\"ngg-fancybox\" rel=\"1096f13d5bb424591d88b21a1a754eb3\">\n\n            <img data-image-id='80772'\n                 title=\"\"\n                 alt=\"2026-01-30-VE-Karate-222\"\n                 src=\"https:\/\/www.villaeducativa.edu.mx\/newspaper\/wp-content\/gallery\/22-clasekarate\/2026-01-30-VE-Karate-222.jpg\"\n                 style=\"max-height: 380px;\"\/>\n        <\/a>\n\n        <\/div> \n<div id=\"ngg-image-24\" class=\"ngg-gallery-slideshow-image\" style=\"height:400px\">\n\n        <a href=\"https:\/\/www.villaeducativa.edu.mx\/newspaper\/wp-content\/gallery\/22-clasekarate\/2026-01-30-VE-Karate-219.jpg\"\n           title=\"\"\n           data-src=\"https:\/\/www.villaeducativa.edu.mx\/newspaper\/wp-content\/gallery\/22-clasekarate\/2026-01-30-VE-Karate-219.jpg\"\n           data-thumbnail=\"https:\/\/www.villaeducativa.edu.mx\/newspaper\/wp-content\/gallery\/22-clasekarate\/thumbs\/thumbs_2026-01-30-VE-Karate-219.jpg\"\n           data-image-id=\"80771\"\n           data-title=\"2026-01-30-VE-Karate-219\"\n           data-description=\"\"\n           class=\"ngg-fancybox\" rel=\"1096f13d5bb424591d88b21a1a754eb3\">\n\n            <img data-image-id='80771'\n                 title=\"\"\n                 alt=\"2026-01-30-VE-Karate-219\"\n                 src=\"https:\/\/www.villaeducativa.edu.mx\/newspaper\/wp-content\/gallery\/22-clasekarate\/2026-01-30-VE-Karate-219.jpg\"\n                 style=\"max-height: 380px;\"\/>\n        <\/a>\n\n        <\/div> \n<div id=\"ngg-image-25\" class=\"ngg-gallery-slideshow-image\" style=\"height:400px\">\n\n        <a href=\"https:\/\/www.villaeducativa.edu.mx\/newspaper\/wp-content\/gallery\/22-clasekarate\/2026-01-30-VE-Karate-209.jpg\"\n           title=\"\"\n           data-src=\"https:\/\/www.villaeducativa.edu.mx\/newspaper\/wp-content\/gallery\/22-clasekarate\/2026-01-30-VE-Karate-209.jpg\"\n           data-thumbnail=\"https:\/\/www.villaeducativa.edu.mx\/newspaper\/wp-content\/gallery\/22-clasekarate\/thumbs\/thumbs_2026-01-30-VE-Karate-209.jpg\"\n           data-image-id=\"80770\"\n           data-title=\"2026-01-30-VE-Karate-209\"\n           data-description=\"\"\n           class=\"ngg-fancybox\" rel=\"1096f13d5bb424591d88b21a1a754eb3\">\n\n            <img data-image-id='80770'\n                 title=\"\"\n                 alt=\"2026-01-30-VE-Karate-209\"\n                 src=\"https:\/\/www.villaeducativa.edu.mx\/newspaper\/wp-content\/gallery\/22-clasekarate\/2026-01-30-VE-Karate-209.jpg\"\n                 style=\"max-height: 380px;\"\/>\n        <\/a>\n\n        <\/div> \n<div id=\"ngg-image-26\" class=\"ngg-gallery-slideshow-image\" style=\"height:400px\">\n\n        <a href=\"https:\/\/www.villaeducativa.edu.mx\/newspaper\/wp-content\/gallery\/22-clasekarate\/2026-01-30-VE-Karate-199.jpg\"\n           title=\"\"\n           data-src=\"https:\/\/www.villaeducativa.edu.mx\/newspaper\/wp-content\/gallery\/22-clasekarate\/2026-01-30-VE-Karate-199.jpg\"\n           data-thumbnail=\"https:\/\/www.villaeducativa.edu.mx\/newspaper\/wp-content\/gallery\/22-clasekarate\/thumbs\/thumbs_2026-01-30-VE-Karate-199.jpg\"\n           data-image-id=\"80769\"\n           data-title=\"2026-01-30-VE-Karate-199\"\n           data-description=\"\"\n           class=\"ngg-fancybox\" rel=\"1096f13d5bb424591d88b21a1a754eb3\">\n\n            <img data-image-id='80769'\n                 title=\"\"\n                 alt=\"2026-01-30-VE-Karate-199\"\n                 src=\"https:\/\/www.villaeducativa.edu.mx\/newspaper\/wp-content\/gallery\/22-clasekarate\/2026-01-30-VE-Karate-199.jpg\"\n                 style=\"max-height: 380px;\"\/>\n        <\/a>\n\n        <\/div> \n<div id=\"ngg-image-27\" class=\"ngg-gallery-slideshow-image\" style=\"height:400px\">\n\n        <a href=\"https:\/\/www.villaeducativa.edu.mx\/newspaper\/wp-content\/gallery\/22-clasekarate\/2026-01-30-VE-Karate-208.jpg\"\n           title=\"\"\n           data-src=\"https:\/\/www.villaeducativa.edu.mx\/newspaper\/wp-content\/gallery\/22-clasekarate\/2026-01-30-VE-Karate-208.jpg\"\n           data-thumbnail=\"https:\/\/www.villaeducativa.edu.mx\/newspaper\/wp-content\/gallery\/22-clasekarate\/thumbs\/thumbs_2026-01-30-VE-Karate-208.jpg\"\n           data-image-id=\"80768\"\n           data-title=\"2026-01-30-VE-Karate-208\"\n           data-description=\"\"\n           class=\"ngg-fancybox\" rel=\"1096f13d5bb424591d88b21a1a754eb3\">\n\n            <img data-image-id='80768'\n                 title=\"\"\n                 alt=\"2026-01-30-VE-Karate-208\"\n                 src=\"https:\/\/www.villaeducativa.edu.mx\/newspaper\/wp-content\/gallery\/22-clasekarate\/2026-01-30-VE-Karate-208.jpg\"\n                 style=\"max-height: 380px;\"\/>\n        <\/a>\n\n        <\/div> \n<div id=\"ngg-image-28\" class=\"ngg-gallery-slideshow-image\" style=\"height:400px\">\n\n        <a href=\"https:\/\/www.villaeducativa.edu.mx\/newspaper\/wp-content\/gallery\/22-clasekarate\/2026-01-30-VE-Karate-205.jpg\"\n           title=\"\"\n           data-src=\"https:\/\/www.villaeducativa.edu.mx\/newspaper\/wp-content\/gallery\/22-clasekarate\/2026-01-30-VE-Karate-205.jpg\"\n           data-thumbnail=\"https:\/\/www.villaeducativa.edu.mx\/newspaper\/wp-content\/gallery\/22-clasekarate\/thumbs\/thumbs_2026-01-30-VE-Karate-205.jpg\"\n           data-image-id=\"80767\"\n           data-title=\"2026-01-30-VE-Karate-205\"\n           data-description=\"\"\n           class=\"ngg-fancybox\" rel=\"1096f13d5bb424591d88b21a1a754eb3\">\n\n            <img data-image-id='80767'\n                 title=\"\"\n                 alt=\"2026-01-30-VE-Karate-205\"\n                 src=\"https:\/\/www.villaeducativa.edu.mx\/newspaper\/wp-content\/gallery\/22-clasekarate\/2026-01-30-VE-Karate-205.jpg\"\n                 style=\"max-height: 380px;\"\/>\n        <\/a>\n\n        <\/div> \n<div id=\"ngg-image-29\" class=\"ngg-gallery-slideshow-image\" style=\"height:400px\">\n\n        <a href=\"https:\/\/www.villaeducativa.edu.mx\/newspaper\/wp-content\/gallery\/22-clasekarate\/2026-01-30-VE-Karate-195.jpg\"\n           title=\"\"\n           data-src=\"https:\/\/www.villaeducativa.edu.mx\/newspaper\/wp-content\/gallery\/22-clasekarate\/2026-01-30-VE-Karate-195.jpg\"\n           data-thumbnail=\"https:\/\/www.villaeducativa.edu.mx\/newspaper\/wp-content\/gallery\/22-clasekarate\/thumbs\/thumbs_2026-01-30-VE-Karate-195.jpg\"\n           data-image-id=\"80766\"\n           data-title=\"2026-01-30-VE-Karate-195\"\n           data-description=\"\"\n           class=\"ngg-fancybox\" rel=\"1096f13d5bb424591d88b21a1a754eb3\">\n\n            <img data-image-id='80766'\n                 title=\"\"\n                 alt=\"2026-01-30-VE-Karate-195\"\n                 src=\"https:\/\/www.villaeducativa.edu.mx\/newspaper\/wp-content\/gallery\/22-clasekarate\/2026-01-30-VE-Karate-195.jpg\"\n                 style=\"max-height: 380px;\"\/>\n        <\/a>\n\n        <\/div> \n<div id=\"ngg-image-30\" class=\"ngg-gallery-slideshow-image\" style=\"height:400px\">\n\n        <a href=\"https:\/\/www.villaeducativa.edu.mx\/newspaper\/wp-content\/gallery\/22-clasekarate\/2026-01-30-VE-Karate-201.jpg\"\n           title=\"\"\n           data-src=\"https:\/\/www.villaeducativa.edu.mx\/newspaper\/wp-content\/gallery\/22-clasekarate\/2026-01-30-VE-Karate-201.jpg\"\n           data-thumbnail=\"https:\/\/www.villaeducativa.edu.mx\/newspaper\/wp-content\/gallery\/22-clasekarate\/thumbs\/thumbs_2026-01-30-VE-Karate-201.jpg\"\n           data-image-id=\"80765\"\n           data-title=\"2026-01-30-VE-Karate-201\"\n           data-description=\"\"\n           class=\"ngg-fancybox\" rel=\"1096f13d5bb424591d88b21a1a754eb3\">\n\n            <img data-image-id='80765'\n                 title=\"\"\n                 alt=\"2026-01-30-VE-Karate-201\"\n                 src=\"https:\/\/www.villaeducativa.edu.mx\/newspaper\/wp-content\/gallery\/22-clasekarate\/2026-01-30-VE-Karate-201.jpg\"\n                 style=\"max-height: 380px;\"\/>\n        <\/a>\n\n        <\/div> \n<div id=\"ngg-image-31\" class=\"ngg-gallery-slideshow-image\" style=\"height:400px\">\n\n        <a href=\"https:\/\/www.villaeducativa.edu.mx\/newspaper\/wp-content\/gallery\/22-clasekarate\/2026-01-30-VE-Karate-81.jpg\"\n           title=\"\"\n           data-src=\"https:\/\/www.villaeducativa.edu.mx\/newspaper\/wp-content\/gallery\/22-clasekarate\/2026-01-30-VE-Karate-81.jpg\"\n           data-thumbnail=\"https:\/\/www.villaeducativa.edu.mx\/newspaper\/wp-content\/gallery\/22-clasekarate\/thumbs\/thumbs_2026-01-30-VE-Karate-81.jpg\"\n           data-image-id=\"80733\"\n           data-title=\"2026-01-30-VE-Karate-81\"\n           data-description=\"\"\n           class=\"ngg-fancybox\" rel=\"1096f13d5bb424591d88b21a1a754eb3\">\n\n            <img data-image-id='80733'\n                 title=\"\"\n                 alt=\"2026-01-30-VE-Karate-81\"\n                 src=\"https:\/\/www.villaeducativa.edu.mx\/newspaper\/wp-content\/gallery\/22-clasekarate\/2026-01-30-VE-Karate-81.jpg\"\n                 style=\"max-height: 380px;\"\/>\n        <\/a>\n\n        <\/div> \n<div id=\"ngg-image-32\" class=\"ngg-gallery-slideshow-image\" style=\"height:400px\">\n\n        <a href=\"https:\/\/www.villaeducativa.edu.mx\/newspaper\/wp-content\/gallery\/22-clasekarate\/2026-01-30-VE-Karate-189.jpg\"\n           title=\"\"\n           data-src=\"https:\/\/www.villaeducativa.edu.mx\/newspaper\/wp-content\/gallery\/22-clasekarate\/2026-01-30-VE-Karate-189.jpg\"\n           data-thumbnail=\"https:\/\/www.villaeducativa.edu.mx\/newspaper\/wp-content\/gallery\/22-clasekarate\/thumbs\/thumbs_2026-01-30-VE-Karate-189.jpg\"\n           data-image-id=\"80763\"\n           data-title=\"2026-01-30-VE-Karate-189\"\n           data-description=\"\"\n           class=\"ngg-fancybox\" rel=\"1096f13d5bb424591d88b21a1a754eb3\">\n\n            <img data-image-id='80763'\n                 title=\"\"\n                 alt=\"2026-01-30-VE-Karate-189\"\n                 src=\"https:\/\/www.villaeducativa.edu.mx\/newspaper\/wp-content\/gallery\/22-clasekarate\/2026-01-30-VE-Karate-189.jpg\"\n                 style=\"max-height: 380px;\"\/>\n        <\/a>\n\n        <\/div> \n<div id=\"ngg-image-33\" class=\"ngg-gallery-slideshow-image\" style=\"height:400px\">\n\n        <a href=\"https:\/\/www.villaeducativa.edu.mx\/newspaper\/wp-content\/gallery\/22-clasekarate\/2026-01-30-VE-Karate-193.jpg\"\n           title=\"\"\n           data-src=\"https:\/\/www.villaeducativa.edu.mx\/newspaper\/wp-content\/gallery\/22-clasekarate\/2026-01-30-VE-Karate-193.jpg\"\n           data-thumbnail=\"https:\/\/www.villaeducativa.edu.mx\/newspaper\/wp-content\/gallery\/22-clasekarate\/thumbs\/thumbs_2026-01-30-VE-Karate-193.jpg\"\n           data-image-id=\"80762\"\n           data-title=\"2026-01-30-VE-Karate-193\"\n           data-description=\"\"\n           class=\"ngg-fancybox\" rel=\"1096f13d5bb424591d88b21a1a754eb3\">\n\n            <img data-image-id='80762'\n                 title=\"\"\n                 alt=\"2026-01-30-VE-Karate-193\"\n                 src=\"https:\/\/www.villaeducativa.edu.mx\/newspaper\/wp-content\/gallery\/22-clasekarate\/2026-01-30-VE-Karate-193.jpg\"\n                 style=\"max-height: 380px;\"\/>\n        <\/a>\n\n        <\/div> \n<div id=\"ngg-image-34\" class=\"ngg-gallery-slideshow-image\" style=\"height:400px\">\n\n        <a href=\"https:\/\/www.villaeducativa.edu.mx\/newspaper\/wp-content\/gallery\/22-clasekarate\/2026-01-30-VE-Karate-186.jpg\"\n           title=\"\"\n           data-src=\"https:\/\/www.villaeducativa.edu.mx\/newspaper\/wp-content\/gallery\/22-clasekarate\/2026-01-30-VE-Karate-186.jpg\"\n           data-thumbnail=\"https:\/\/www.villaeducativa.edu.mx\/newspaper\/wp-content\/gallery\/22-clasekarate\/thumbs\/thumbs_2026-01-30-VE-Karate-186.jpg\"\n           data-image-id=\"80761\"\n           data-title=\"2026-01-30-VE-Karate-186\"\n           data-description=\"\"\n           class=\"ngg-fancybox\" rel=\"1096f13d5bb424591d88b21a1a754eb3\">\n\n            <img data-image-id='80761'\n                 title=\"\"\n                 alt=\"2026-01-30-VE-Karate-186\"\n                 src=\"https:\/\/www.villaeducativa.edu.mx\/newspaper\/wp-content\/gallery\/22-clasekarate\/2026-01-30-VE-Karate-186.jpg\"\n                 style=\"max-height: 380px;\"\/>\n        <\/a>\n\n        <\/div> \n<div id=\"ngg-image-35\" class=\"ngg-gallery-slideshow-image\" style=\"height:400px\">\n\n        <a href=\"https:\/\/www.villaeducativa.edu.mx\/newspaper\/wp-content\/gallery\/22-clasekarate\/2026-01-30-VE-Karate-179.jpg\"\n           title=\"\"\n           data-src=\"https:\/\/www.villaeducativa.edu.mx\/newspaper\/wp-content\/gallery\/22-clasekarate\/2026-01-30-VE-Karate-179.jpg\"\n           data-thumbnail=\"https:\/\/www.villaeducativa.edu.mx\/newspaper\/wp-content\/gallery\/22-clasekarate\/thumbs\/thumbs_2026-01-30-VE-Karate-179.jpg\"\n           data-image-id=\"80760\"\n           data-title=\"2026-01-30-VE-Karate-179\"\n           data-description=\"\"\n           class=\"ngg-fancybox\" rel=\"1096f13d5bb424591d88b21a1a754eb3\">\n\n            <img data-image-id='80760'\n                 title=\"\"\n                 alt=\"2026-01-30-VE-Karate-179\"\n                 src=\"https:\/\/www.villaeducativa.edu.mx\/newspaper\/wp-content\/gallery\/22-clasekarate\/2026-01-30-VE-Karate-179.jpg\"\n                 style=\"max-height: 380px;\"\/>\n        <\/a>\n\n        <\/div> \n<div id=\"ngg-image-36\" class=\"ngg-gallery-slideshow-image\" style=\"height:400px\">\n\n        <a href=\"https:\/\/www.villaeducativa.edu.mx\/newspaper\/wp-content\/gallery\/22-clasekarate\/2026-01-30-VE-Karate-178.jpg\"\n           title=\"\"\n           data-src=\"https:\/\/www.villaeducativa.edu.mx\/newspaper\/wp-content\/gallery\/22-clasekarate\/2026-01-30-VE-Karate-178.jpg\"\n           data-thumbnail=\"https:\/\/www.villaeducativa.edu.mx\/newspaper\/wp-content\/gallery\/22-clasekarate\/thumbs\/thumbs_2026-01-30-VE-Karate-178.jpg\"\n           data-image-id=\"80759\"\n           data-title=\"2026-01-30-VE-Karate-178\"\n           data-description=\"\"\n           class=\"ngg-fancybox\" rel=\"1096f13d5bb424591d88b21a1a754eb3\">\n\n            <img data-image-id='80759'\n                 title=\"\"\n                 alt=\"2026-01-30-VE-Karate-178\"\n                 src=\"https:\/\/www.villaeducativa.edu.mx\/newspaper\/wp-content\/gallery\/22-clasekarate\/2026-01-30-VE-Karate-178.jpg\"\n                 style=\"max-height: 380px;\"\/>\n        <\/a>\n\n        <\/div> \n<div id=\"ngg-image-37\" class=\"ngg-gallery-slideshow-image\" style=\"height:400px\">\n\n        <a href=\"https:\/\/www.villaeducativa.edu.mx\/newspaper\/wp-content\/gallery\/22-clasekarate\/2026-01-30-VE-Karate-172.jpg\"\n           title=\"\"\n           data-src=\"https:\/\/www.villaeducativa.edu.mx\/newspaper\/wp-content\/gallery\/22-clasekarate\/2026-01-30-VE-Karate-172.jpg\"\n           data-thumbnail=\"https:\/\/www.villaeducativa.edu.mx\/newspaper\/wp-content\/gallery\/22-clasekarate\/thumbs\/thumbs_2026-01-30-VE-Karate-172.jpg\"\n           data-image-id=\"80758\"\n           data-title=\"2026-01-30-VE-Karate-172\"\n           data-description=\"\"\n           class=\"ngg-fancybox\" rel=\"1096f13d5bb424591d88b21a1a754eb3\">\n\n            <img data-image-id='80758'\n                 title=\"\"\n                 alt=\"2026-01-30-VE-Karate-172\"\n                 src=\"https:\/\/www.villaeducativa.edu.mx\/newspaper\/wp-content\/gallery\/22-clasekarate\/2026-01-30-VE-Karate-172.jpg\"\n                 style=\"max-height: 380px;\"\/>\n        <\/a>\n\n        <\/div> \n<div id=\"ngg-image-38\" class=\"ngg-gallery-slideshow-image\" style=\"height:400px\">\n\n        <a href=\"https:\/\/www.villaeducativa.edu.mx\/newspaper\/wp-content\/gallery\/22-clasekarate\/2026-01-30-VE-Karate-160.jpg\"\n           title=\"\"\n           data-src=\"https:\/\/www.villaeducativa.edu.mx\/newspaper\/wp-content\/gallery\/22-clasekarate\/2026-01-30-VE-Karate-160.jpg\"\n           data-thumbnail=\"https:\/\/www.villaeducativa.edu.mx\/newspaper\/wp-content\/gallery\/22-clasekarate\/thumbs\/thumbs_2026-01-30-VE-Karate-160.jpg\"\n           data-image-id=\"80757\"\n           data-title=\"2026-01-30-VE-Karate-160\"\n           data-description=\"\"\n           class=\"ngg-fancybox\" rel=\"1096f13d5bb424591d88b21a1a754eb3\">\n\n            <img data-image-id='80757'\n                 title=\"\"\n                 alt=\"2026-01-30-VE-Karate-160\"\n                 src=\"https:\/\/www.villaeducativa.edu.mx\/newspaper\/wp-content\/gallery\/22-clasekarate\/2026-01-30-VE-Karate-160.jpg\"\n                 style=\"max-height: 380px;\"\/>\n        <\/a>\n\n        <\/div> \n<div id=\"ngg-image-39\" class=\"ngg-gallery-slideshow-image\" style=\"height:400px\">\n\n        <a href=\"https:\/\/www.villaeducativa.edu.mx\/newspaper\/wp-content\/gallery\/22-clasekarate\/2026-01-30-VE-Karate-169.jpg\"\n           title=\"\"\n           data-src=\"https:\/\/www.villaeducativa.edu.mx\/newspaper\/wp-content\/gallery\/22-clasekarate\/2026-01-30-VE-Karate-169.jpg\"\n           data-thumbnail=\"https:\/\/www.villaeducativa.edu.mx\/newspaper\/wp-content\/gallery\/22-clasekarate\/thumbs\/thumbs_2026-01-30-VE-Karate-169.jpg\"\n           data-image-id=\"80756\"\n           data-title=\"2026-01-30-VE-Karate-169\"\n           data-description=\"\"\n           class=\"ngg-fancybox\" rel=\"1096f13d5bb424591d88b21a1a754eb3\">\n\n            <img data-image-id='80756'\n                 title=\"\"\n                 alt=\"2026-01-30-VE-Karate-169\"\n                 src=\"https:\/\/www.villaeducativa.edu.mx\/newspaper\/wp-content\/gallery\/22-clasekarate\/2026-01-30-VE-Karate-169.jpg\"\n                 style=\"max-height: 380px;\"\/>\n        <\/a>\n\n        <\/div> \n<div id=\"ngg-image-40\" class=\"ngg-gallery-slideshow-image\" style=\"height:400px\">\n\n        <a href=\"https:\/\/www.villaeducativa.edu.mx\/newspaper\/wp-content\/gallery\/22-clasekarate\/2026-01-30-VE-Karate-158.jpg\"\n           title=\"\"\n           data-src=\"https:\/\/www.villaeducativa.edu.mx\/newspaper\/wp-content\/gallery\/22-clasekarate\/2026-01-30-VE-Karate-158.jpg\"\n           data-thumbnail=\"https:\/\/www.villaeducativa.edu.mx\/newspaper\/wp-content\/gallery\/22-clasekarate\/thumbs\/thumbs_2026-01-30-VE-Karate-158.jpg\"\n           data-image-id=\"80755\"\n           data-title=\"2026-01-30-VE-Karate-158\"\n           data-description=\"\"\n           class=\"ngg-fancybox\" rel=\"1096f13d5bb424591d88b21a1a754eb3\">\n\n            <img data-image-id='80755'\n                 title=\"\"\n                 alt=\"2026-01-30-VE-Karate-158\"\n                 src=\"https:\/\/www.villaeducativa.edu.mx\/newspaper\/wp-content\/gallery\/22-clasekarate\/2026-01-30-VE-Karate-158.jpg\"\n                 style=\"max-height: 380px;\"\/>\n        <\/a>\n\n        <\/div> \n<div id=\"ngg-image-41\" class=\"ngg-gallery-slideshow-image\" style=\"height:400px\">\n\n        <a href=\"https:\/\/www.villaeducativa.edu.mx\/newspaper\/wp-content\/gallery\/22-clasekarate\/2026-01-30-VE-Karate-249.jpg\"\n           title=\"\"\n           data-src=\"https:\/\/www.villaeducativa.edu.mx\/newspaper\/wp-content\/gallery\/22-clasekarate\/2026-01-30-VE-Karate-249.jpg\"\n           data-thumbnail=\"https:\/\/www.villaeducativa.edu.mx\/newspaper\/wp-content\/gallery\/22-clasekarate\/thumbs\/thumbs_2026-01-30-VE-Karate-249.jpg\"\n           data-image-id=\"80702\"\n           data-title=\"2026-01-30-VE-Karate-249\"\n           data-description=\"\"\n           class=\"ngg-fancybox\" rel=\"1096f13d5bb424591d88b21a1a754eb3\">\n\n            <img data-image-id='80702'\n                 title=\"\"\n                 alt=\"2026-01-30-VE-Karate-249\"\n                 src=\"https:\/\/www.villaeducativa.edu.mx\/newspaper\/wp-content\/gallery\/22-clasekarate\/2026-01-30-VE-Karate-249.jpg\"\n                 style=\"max-height: 380px;\"\/>\n        <\/a>\n\n        <\/div> \n<div id=\"ngg-image-42\" class=\"ngg-gallery-slideshow-image\" style=\"height:400px\">\n\n        <a href=\"https:\/\/www.villaeducativa.edu.mx\/newspaper\/wp-content\/gallery\/22-clasekarate\/2026-01-30-VE-Karate-4.jpg\"\n           title=\"\"\n           data-src=\"https:\/\/www.villaeducativa.edu.mx\/newspaper\/wp-content\/gallery\/22-clasekarate\/2026-01-30-VE-Karate-4.jpg\"\n           data-thumbnail=\"https:\/\/www.villaeducativa.edu.mx\/newspaper\/wp-content\/gallery\/22-clasekarate\/thumbs\/thumbs_2026-01-30-VE-Karate-4.jpg\"\n           data-image-id=\"80712\"\n           data-title=\"2026-01-30-VE-Karate-4\"\n           data-description=\"\"\n           class=\"ngg-fancybox\" rel=\"1096f13d5bb424591d88b21a1a754eb3\">\n\n            <img data-image-id='80712'\n                 title=\"\"\n                 alt=\"2026-01-30-VE-Karate-4\"\n                 src=\"https:\/\/www.villaeducativa.edu.mx\/newspaper\/wp-content\/gallery\/22-clasekarate\/2026-01-30-VE-Karate-4.jpg\"\n                 style=\"max-height: 380px;\"\/>\n        <\/a>\n\n        <\/div> \n<div id=\"ngg-image-43\" class=\"ngg-gallery-slideshow-image\" style=\"height:400px\">\n\n        <a href=\"https:\/\/www.villaeducativa.edu.mx\/newspaper\/wp-content\/gallery\/22-clasekarate\/2026-01-30-VE-Karate-15.jpg\"\n           title=\"\"\n           data-src=\"https:\/\/www.villaeducativa.edu.mx\/newspaper\/wp-content\/gallery\/22-clasekarate\/2026-01-30-VE-Karate-15.jpg\"\n           data-thumbnail=\"https:\/\/www.villaeducativa.edu.mx\/newspaper\/wp-content\/gallery\/22-clasekarate\/thumbs\/thumbs_2026-01-30-VE-Karate-15.jpg\"\n           data-image-id=\"80711\"\n           data-title=\"2026-01-30-VE-Karate-15\"\n           data-description=\"\"\n           class=\"ngg-fancybox\" rel=\"1096f13d5bb424591d88b21a1a754eb3\">\n\n            <img data-image-id='80711'\n                 title=\"\"\n                 alt=\"2026-01-30-VE-Karate-15\"\n                 src=\"https:\/\/www.villaeducativa.edu.mx\/newspaper\/wp-content\/gallery\/22-clasekarate\/2026-01-30-VE-Karate-15.jpg\"\n                 style=\"max-height: 380px;\"\/>\n        <\/a>\n\n        <\/div> \n<div id=\"ngg-image-44\" class=\"ngg-gallery-slideshow-image\" style=\"height:400px\">\n\n        <a href=\"https:\/\/www.villaeducativa.edu.mx\/newspaper\/wp-content\/gallery\/22-clasekarate\/2026-01-30-VE-Karate-17.jpg\"\n           title=\"\"\n           data-src=\"https:\/\/www.villaeducativa.edu.mx\/newspaper\/wp-content\/gallery\/22-clasekarate\/2026-01-30-VE-Karate-17.jpg\"\n           data-thumbnail=\"https:\/\/www.villaeducativa.edu.mx\/newspaper\/wp-content\/gallery\/22-clasekarate\/thumbs\/thumbs_2026-01-30-VE-Karate-17.jpg\"\n           data-image-id=\"80710\"\n           data-title=\"2026-01-30-VE-Karate-17\"\n           data-description=\"\"\n           class=\"ngg-fancybox\" rel=\"1096f13d5bb424591d88b21a1a754eb3\">\n\n            <img data-image-id='80710'\n                 title=\"\"\n                 alt=\"2026-01-30-VE-Karate-17\"\n                 src=\"https:\/\/www.villaeducativa.edu.mx\/newspaper\/wp-content\/gallery\/22-clasekarate\/2026-01-30-VE-Karate-17.jpg\"\n                 style=\"max-height: 380px;\"\/>\n        <\/a>\n\n        <\/div> \n<div id=\"ngg-image-45\" class=\"ngg-gallery-slideshow-image\" style=\"height:400px\">\n\n        <a href=\"https:\/\/www.villaeducativa.edu.mx\/newspaper\/wp-content\/gallery\/22-clasekarate\/2026-01-30-VE-Karate-300.jpg\"\n           title=\"\"\n           data-src=\"https:\/\/www.villaeducativa.edu.mx\/newspaper\/wp-content\/gallery\/22-clasekarate\/2026-01-30-VE-Karate-300.jpg\"\n           data-thumbnail=\"https:\/\/www.villaeducativa.edu.mx\/newspaper\/wp-content\/gallery\/22-clasekarate\/thumbs\/thumbs_2026-01-30-VE-Karate-300.jpg\"\n           data-image-id=\"80709\"\n           data-title=\"2026-01-30-VE-Karate-300\"\n           data-description=\"\"\n           class=\"ngg-fancybox\" rel=\"1096f13d5bb424591d88b21a1a754eb3\">\n\n            <img data-image-id='80709'\n                 title=\"\"\n                 alt=\"2026-01-30-VE-Karate-300\"\n                 src=\"https:\/\/www.villaeducativa.edu.mx\/newspaper\/wp-content\/gallery\/22-clasekarate\/2026-01-30-VE-Karate-300.jpg\"\n                 style=\"max-height: 380px;\"\/>\n        <\/a>\n\n        <\/div> \n<div id=\"ngg-image-46\" class=\"ngg-gallery-slideshow-image\" style=\"height:400px\">\n\n        <a href=\"https:\/\/www.villaeducativa.edu.mx\/newspaper\/wp-content\/gallery\/22-clasekarate\/2026-01-30-VE-Karate-264.jpg\"\n           title=\"\"\n           data-src=\"https:\/\/www.villaeducativa.edu.mx\/newspaper\/wp-content\/gallery\/22-clasekarate\/2026-01-30-VE-Karate-264.jpg\"\n           data-thumbnail=\"https:\/\/www.villaeducativa.edu.mx\/newspaper\/wp-content\/gallery\/22-clasekarate\/thumbs\/thumbs_2026-01-30-VE-Karate-264.jpg\"\n           data-image-id=\"80708\"\n           data-title=\"2026-01-30-VE-Karate-264\"\n           data-description=\"\"\n           class=\"ngg-fancybox\" rel=\"1096f13d5bb424591d88b21a1a754eb3\">\n\n            <img data-image-id='80708'\n                 title=\"\"\n                 alt=\"2026-01-30-VE-Karate-264\"\n                 src=\"https:\/\/www.villaeducativa.edu.mx\/newspaper\/wp-content\/gallery\/22-clasekarate\/2026-01-30-VE-Karate-264.jpg\"\n                 style=\"max-height: 380px;\"\/>\n        <\/a>\n\n        <\/div> \n<div id=\"ngg-image-47\" class=\"ngg-gallery-slideshow-image\" style=\"height:400px\">\n\n        <a href=\"https:\/\/www.villaeducativa.edu.mx\/newspaper\/wp-content\/gallery\/22-clasekarate\/2026-01-30-VE-Karate-272.jpg\"\n           title=\"\"\n           data-src=\"https:\/\/www.villaeducativa.edu.mx\/newspaper\/wp-content\/gallery\/22-clasekarate\/2026-01-30-VE-Karate-272.jpg\"\n           data-thumbnail=\"https:\/\/www.villaeducativa.edu.mx\/newspaper\/wp-content\/gallery\/22-clasekarate\/thumbs\/thumbs_2026-01-30-VE-Karate-272.jpg\"\n           data-image-id=\"80707\"\n           data-title=\"2026-01-30-VE-Karate-272\"\n           data-description=\"\"\n           class=\"ngg-fancybox\" rel=\"1096f13d5bb424591d88b21a1a754eb3\">\n\n            <img data-image-id='80707'\n                 title=\"\"\n                 alt=\"2026-01-30-VE-Karate-272\"\n                 src=\"https:\/\/www.villaeducativa.edu.mx\/newspaper\/wp-content\/gallery\/22-clasekarate\/2026-01-30-VE-Karate-272.jpg\"\n                 style=\"max-height: 380px;\"\/>\n        <\/a>\n\n        <\/div> \n<div id=\"ngg-image-48\" class=\"ngg-gallery-slideshow-image\" style=\"height:400px\">\n\n        <a href=\"https:\/\/www.villaeducativa.edu.mx\/newspaper\/wp-content\/gallery\/22-clasekarate\/2026-01-30-VE-Karate-282.jpg\"\n           title=\"\"\n           data-src=\"https:\/\/www.villaeducativa.edu.mx\/newspaper\/wp-content\/gallery\/22-clasekarate\/2026-01-30-VE-Karate-282.jpg\"\n           data-thumbnail=\"https:\/\/www.villaeducativa.edu.mx\/newspaper\/wp-content\/gallery\/22-clasekarate\/thumbs\/thumbs_2026-01-30-VE-Karate-282.jpg\"\n           data-image-id=\"80706\"\n           data-title=\"2026-01-30-VE-Karate-282\"\n           data-description=\"\"\n           class=\"ngg-fancybox\" rel=\"1096f13d5bb424591d88b21a1a754eb3\">\n\n            <img data-image-id='80706'\n                 title=\"\"\n                 alt=\"2026-01-30-VE-Karate-282\"\n                 src=\"https:\/\/www.villaeducativa.edu.mx\/newspaper\/wp-content\/gallery\/22-clasekarate\/2026-01-30-VE-Karate-282.jpg\"\n                 style=\"max-height: 380px;\"\/>\n        <\/a>\n\n        <\/div> \n<div id=\"ngg-image-49\" class=\"ngg-gallery-slideshow-image\" style=\"height:400px\">\n\n        <a href=\"https:\/\/www.villaeducativa.edu.mx\/newspaper\/wp-content\/gallery\/22-clasekarate\/2026-01-30-VE-Karate-270.jpg\"\n           title=\"\"\n           data-src=\"https:\/\/www.villaeducativa.edu.mx\/newspaper\/wp-content\/gallery\/22-clasekarate\/2026-01-30-VE-Karate-270.jpg\"\n           data-thumbnail=\"https:\/\/www.villaeducativa.edu.mx\/newspaper\/wp-content\/gallery\/22-clasekarate\/thumbs\/thumbs_2026-01-30-VE-Karate-270.jpg\"\n           data-image-id=\"80705\"\n           data-title=\"2026-01-30-VE-Karate-270\"\n           data-description=\"\"\n           class=\"ngg-fancybox\" rel=\"1096f13d5bb424591d88b21a1a754eb3\">\n\n            <img data-image-id='80705'\n                 title=\"\"\n                 alt=\"2026-01-30-VE-Karate-270\"\n                 src=\"https:\/\/www.villaeducativa.edu.mx\/newspaper\/wp-content\/gallery\/22-clasekarate\/2026-01-30-VE-Karate-270.jpg\"\n                 style=\"max-height: 380px;\"\/>\n        <\/a>\n\n        <\/div> \n<div id=\"ngg-image-50\" class=\"ngg-gallery-slideshow-image\" style=\"height:400px\">\n\n        <a href=\"https:\/\/www.villaeducativa.edu.mx\/newspaper\/wp-content\/gallery\/22-clasekarate\/2026-01-30-VE-Karate-263.jpg\"\n           title=\"\"\n           data-src=\"https:\/\/www.villaeducativa.edu.mx\/newspaper\/wp-content\/gallery\/22-clasekarate\/2026-01-30-VE-Karate-263.jpg\"\n           data-thumbnail=\"https:\/\/www.villaeducativa.edu.mx\/newspaper\/wp-content\/gallery\/22-clasekarate\/thumbs\/thumbs_2026-01-30-VE-Karate-263.jpg\"\n           data-image-id=\"80704\"\n           data-title=\"2026-01-30-VE-Karate-263\"\n           data-description=\"\"\n           class=\"ngg-fancybox\" rel=\"1096f13d5bb424591d88b21a1a754eb3\">\n\n            <img data-image-id='80704'\n                 title=\"\"\n                 alt=\"2026-01-30-VE-Karate-263\"\n                 src=\"https:\/\/www.villaeducativa.edu.mx\/newspaper\/wp-content\/gallery\/22-clasekarate\/2026-01-30-VE-Karate-263.jpg\"\n                 style=\"max-height: 380px;\"\/>\n        <\/a>\n\n        <\/div> \n<div id=\"ngg-image-51\" class=\"ngg-gallery-slideshow-image\" style=\"height:400px\">\n\n        <a href=\"https:\/\/www.villaeducativa.edu.mx\/newspaper\/wp-content\/gallery\/22-clasekarate\/2026-01-30-VE-Karate-257.jpg\"\n           title=\"\"\n           data-src=\"https:\/\/www.villaeducativa.edu.mx\/newspaper\/wp-content\/gallery\/22-clasekarate\/2026-01-30-VE-Karate-257.jpg\"\n           data-thumbnail=\"https:\/\/www.villaeducativa.edu.mx\/newspaper\/wp-content\/gallery\/22-clasekarate\/thumbs\/thumbs_2026-01-30-VE-Karate-257.jpg\"\n           data-image-id=\"80703\"\n           data-title=\"2026-01-30-VE-Karate-257\"\n           data-description=\"\"\n           class=\"ngg-fancybox\" rel=\"1096f13d5bb424591d88b21a1a754eb3\">\n\n            <img data-image-id='80703'\n                 title=\"\"\n                 alt=\"2026-01-30-VE-Karate-257\"\n                 src=\"https:\/\/www.villaeducativa.edu.mx\/newspaper\/wp-content\/gallery\/22-clasekarate\/2026-01-30-VE-Karate-257.jpg\"\n                 style=\"max-height: 380px;\"\/>\n        <\/a>\n\n        <\/div> \n<div id=\"ngg-image-52\" class=\"ngg-gallery-slideshow-image\" style=\"height:400px\">\n\n        <a href=\"https:\/\/www.villaeducativa.edu.mx\/newspaper\/wp-content\/gallery\/22-clasekarate\/2026-01-30-VE-Karate-5.jpg\"\n           title=\"\"\n           data-src=\"https:\/\/www.villaeducativa.edu.mx\/newspaper\/wp-content\/gallery\/22-clasekarate\/2026-01-30-VE-Karate-5.jpg\"\n           data-thumbnail=\"https:\/\/www.villaeducativa.edu.mx\/newspaper\/wp-content\/gallery\/22-clasekarate\/thumbs\/thumbs_2026-01-30-VE-Karate-5.jpg\"\n           data-image-id=\"80713\"\n           data-title=\"2026-01-30-VE-Karate-5\"\n           data-description=\"\"\n           class=\"ngg-fancybox\" rel=\"1096f13d5bb424591d88b21a1a754eb3\">\n\n            <img data-image-id='80713'\n                 title=\"\"\n                 alt=\"2026-01-30-VE-Karate-5\"\n                 src=\"https:\/\/www.villaeducativa.edu.mx\/newspaper\/wp-content\/gallery\/22-clasekarate\/2026-01-30-VE-Karate-5.jpg\"\n                 style=\"max-height: 380px;\"\/>\n        <\/a>\n\n        <\/div> \n<div id=\"ngg-image-53\" class=\"ngg-gallery-slideshow-image\" style=\"height:400px\">\n\n        <a href=\"https:\/\/www.villaeducativa.edu.mx\/newspaper\/wp-content\/gallery\/22-clasekarate\/2026-01-30-VE-Karate-250.jpg\"\n           title=\"\"\n           data-src=\"https:\/\/www.villaeducativa.edu.mx\/newspaper\/wp-content\/gallery\/22-clasekarate\/2026-01-30-VE-Karate-250.jpg\"\n           data-thumbnail=\"https:\/\/www.villaeducativa.edu.mx\/newspaper\/wp-content\/gallery\/22-clasekarate\/thumbs\/thumbs_2026-01-30-VE-Karate-250.jpg\"\n           data-image-id=\"80701\"\n           data-title=\"2026-01-30-VE-Karate-250\"\n           data-description=\"\"\n           class=\"ngg-fancybox\" rel=\"1096f13d5bb424591d88b21a1a754eb3\">\n\n            <img data-image-id='80701'\n                 title=\"\"\n                 alt=\"2026-01-30-VE-Karate-250\"\n                 src=\"https:\/\/www.villaeducativa.edu.mx\/newspaper\/wp-content\/gallery\/22-clasekarate\/2026-01-30-VE-Karate-250.jpg\"\n                 style=\"max-height: 380px;\"\/>\n        <\/a>\n\n        <\/div> \n<div id=\"ngg-image-54\" class=\"ngg-gallery-slideshow-image\" style=\"height:400px\">\n\n        <a href=\"https:\/\/www.villaeducativa.edu.mx\/newspaper\/wp-content\/gallery\/22-clasekarate\/2026-01-30-VE-Karate-259.jpg\"\n           title=\"\"\n           data-src=\"https:\/\/www.villaeducativa.edu.mx\/newspaper\/wp-content\/gallery\/22-clasekarate\/2026-01-30-VE-Karate-259.jpg\"\n           data-thumbnail=\"https:\/\/www.villaeducativa.edu.mx\/newspaper\/wp-content\/gallery\/22-clasekarate\/thumbs\/thumbs_2026-01-30-VE-Karate-259.jpg\"\n           data-image-id=\"80700\"\n           data-title=\"2026-01-30-VE-Karate-259\"\n           data-description=\"\"\n           class=\"ngg-fancybox\" rel=\"1096f13d5bb424591d88b21a1a754eb3\">\n\n            <img data-image-id='80700'\n                 title=\"\"\n                 alt=\"2026-01-30-VE-Karate-259\"\n                 src=\"https:\/\/www.villaeducativa.edu.mx\/newspaper\/wp-content\/gallery\/22-clasekarate\/2026-01-30-VE-Karate-259.jpg\"\n                 style=\"max-height: 380px;\"\/>\n        <\/a>\n\n        <\/div> \n<div id=\"ngg-image-55\" class=\"ngg-gallery-slideshow-image\" style=\"height:400px\">\n\n        <a href=\"https:\/\/www.villaeducativa.edu.mx\/newspaper\/wp-content\/gallery\/22-clasekarate\/2026-01-30-VE-Karate-256.jpg\"\n           title=\"\"\n           data-src=\"https:\/\/www.villaeducativa.edu.mx\/newspaper\/wp-content\/gallery\/22-clasekarate\/2026-01-30-VE-Karate-256.jpg\"\n           data-thumbnail=\"https:\/\/www.villaeducativa.edu.mx\/newspaper\/wp-content\/gallery\/22-clasekarate\/thumbs\/thumbs_2026-01-30-VE-Karate-256.jpg\"\n           data-image-id=\"80699\"\n           data-title=\"2026-01-30-VE-Karate-256\"\n           data-description=\"\"\n           class=\"ngg-fancybox\" rel=\"1096f13d5bb424591d88b21a1a754eb3\">\n\n            <img data-image-id='80699'\n                 title=\"\"\n                 alt=\"2026-01-30-VE-Karate-256\"\n                 src=\"https:\/\/www.villaeducativa.edu.mx\/newspaper\/wp-content\/gallery\/22-clasekarate\/2026-01-30-VE-Karate-256.jpg\"\n                 style=\"max-height: 380px;\"\/>\n        <\/a>\n\n        <\/div> \n<div id=\"ngg-image-56\" class=\"ngg-gallery-slideshow-image\" style=\"height:400px\">\n\n        <a href=\"https:\/\/www.villaeducativa.edu.mx\/newspaper\/wp-content\/gallery\/22-clasekarate\/2026-01-30-VE-Karate-245.jpg\"\n           title=\"\"\n           data-src=\"https:\/\/www.villaeducativa.edu.mx\/newspaper\/wp-content\/gallery\/22-clasekarate\/2026-01-30-VE-Karate-245.jpg\"\n           data-thumbnail=\"https:\/\/www.villaeducativa.edu.mx\/newspaper\/wp-content\/gallery\/22-clasekarate\/thumbs\/thumbs_2026-01-30-VE-Karate-245.jpg\"\n           data-image-id=\"80698\"\n           data-title=\"2026-01-30-VE-Karate-245\"\n           data-description=\"\"\n           class=\"ngg-fancybox\" rel=\"1096f13d5bb424591d88b21a1a754eb3\">\n\n            <img data-image-id='80698'\n                 title=\"\"\n                 alt=\"2026-01-30-VE-Karate-245\"\n                 src=\"https:\/\/www.villaeducativa.edu.mx\/newspaper\/wp-content\/gallery\/22-clasekarate\/2026-01-30-VE-Karate-245.jpg\"\n                 style=\"max-height: 380px;\"\/>\n        <\/a>\n\n        <\/div> \n<div id=\"ngg-image-57\" class=\"ngg-gallery-slideshow-image\" style=\"height:400px\">\n\n        <a href=\"https:\/\/www.villaeducativa.edu.mx\/newspaper\/wp-content\/gallery\/22-clasekarate\/2026-01-30-VE-Karate-234.jpg\"\n           title=\"\"\n           data-src=\"https:\/\/www.villaeducativa.edu.mx\/newspaper\/wp-content\/gallery\/22-clasekarate\/2026-01-30-VE-Karate-234.jpg\"\n           data-thumbnail=\"https:\/\/www.villaeducativa.edu.mx\/newspaper\/wp-content\/gallery\/22-clasekarate\/thumbs\/thumbs_2026-01-30-VE-Karate-234.jpg\"\n           data-image-id=\"80697\"\n           data-title=\"2026-01-30-VE-Karate-234\"\n           data-description=\"\"\n           class=\"ngg-fancybox\" rel=\"1096f13d5bb424591d88b21a1a754eb3\">\n\n            <img data-image-id='80697'\n                 title=\"\"\n                 alt=\"2026-01-30-VE-Karate-234\"\n                 src=\"https:\/\/www.villaeducativa.edu.mx\/newspaper\/wp-content\/gallery\/22-clasekarate\/2026-01-30-VE-Karate-234.jpg\"\n                 style=\"max-height: 380px;\"\/>\n        <\/a>\n\n        <\/div> \n<div id=\"ngg-image-58\" class=\"ngg-gallery-slideshow-image\" style=\"height:400px\">\n\n        <a href=\"https:\/\/www.villaeducativa.edu.mx\/newspaper\/wp-content\/gallery\/22-clasekarate\/2026-01-30-VE-Karate-240.jpg\"\n           title=\"\"\n           data-src=\"https:\/\/www.villaeducativa.edu.mx\/newspaper\/wp-content\/gallery\/22-clasekarate\/2026-01-30-VE-Karate-240.jpg\"\n           data-thumbnail=\"https:\/\/www.villaeducativa.edu.mx\/newspaper\/wp-content\/gallery\/22-clasekarate\/thumbs\/thumbs_2026-01-30-VE-Karate-240.jpg\"\n           data-image-id=\"80696\"\n           data-title=\"2026-01-30-VE-Karate-240\"\n           data-description=\"\"\n           class=\"ngg-fancybox\" rel=\"1096f13d5bb424591d88b21a1a754eb3\">\n\n            <img data-image-id='80696'\n                 title=\"\"\n                 alt=\"2026-01-30-VE-Karate-240\"\n                 src=\"https:\/\/www.villaeducativa.edu.mx\/newspaper\/wp-content\/gallery\/22-clasekarate\/2026-01-30-VE-Karate-240.jpg\"\n                 style=\"max-height: 380px;\"\/>\n        <\/a>\n\n        <\/div> \n<div id=\"ngg-image-59\" class=\"ngg-gallery-slideshow-image\" style=\"height:400px\">\n\n        <a href=\"https:\/\/www.villaeducativa.edu.mx\/newspaper\/wp-content\/gallery\/22-clasekarate\/2026-01-30-VE-Karate-239.jpg\"\n           title=\"\"\n           data-src=\"https:\/\/www.villaeducativa.edu.mx\/newspaper\/wp-content\/gallery\/22-clasekarate\/2026-01-30-VE-Karate-239.jpg\"\n           data-thumbnail=\"https:\/\/www.villaeducativa.edu.mx\/newspaper\/wp-content\/gallery\/22-clasekarate\/thumbs\/thumbs_2026-01-30-VE-Karate-239.jpg\"\n           data-image-id=\"80695\"\n           data-title=\"2026-01-30-VE-Karate-239\"\n           data-description=\"\"\n           class=\"ngg-fancybox\" rel=\"1096f13d5bb424591d88b21a1a754eb3\">\n\n            <img data-image-id='80695'\n                 title=\"\"\n                 alt=\"2026-01-30-VE-Karate-239\"\n                 src=\"https:\/\/www.villaeducativa.edu.mx\/newspaper\/wp-content\/gallery\/22-clasekarate\/2026-01-30-VE-Karate-239.jpg\"\n                 style=\"max-height: 380px;\"\/>\n        <\/a>\n\n        <\/div> \n<div id=\"ngg-image-60\" class=\"ngg-gallery-slideshow-image\" style=\"height:400px\">\n\n        <a href=\"https:\/\/www.villaeducativa.edu.mx\/newspaper\/wp-content\/gallery\/22-clasekarate\/2026-01-30-VE-Karate-229.jpg\"\n           title=\"\"\n           data-src=\"https:\/\/www.villaeducativa.edu.mx\/newspaper\/wp-content\/gallery\/22-clasekarate\/2026-01-30-VE-Karate-229.jpg\"\n           data-thumbnail=\"https:\/\/www.villaeducativa.edu.mx\/newspaper\/wp-content\/gallery\/22-clasekarate\/thumbs\/thumbs_2026-01-30-VE-Karate-229.jpg\"\n           data-image-id=\"80694\"\n           data-title=\"2026-01-30-VE-Karate-229\"\n           data-description=\"\"\n           class=\"ngg-fancybox\" rel=\"1096f13d5bb424591d88b21a1a754eb3\">\n\n            <img data-image-id='80694'\n                 title=\"\"\n                 alt=\"2026-01-30-VE-Karate-229\"\n                 src=\"https:\/\/www.villaeducativa.edu.mx\/newspaper\/wp-content\/gallery\/22-clasekarate\/2026-01-30-VE-Karate-229.jpg\"\n                 style=\"max-height: 380px;\"\/>\n        <\/a>\n\n        <\/div> \n<div id=\"ngg-image-61\" class=\"ngg-gallery-slideshow-image\" style=\"height:400px\">\n\n        <a href=\"https:\/\/www.villaeducativa.edu.mx\/newspaper\/wp-content\/gallery\/22-clasekarate\/2026-01-30-VE-Karate-230.jpg\"\n           title=\"\"\n           data-src=\"https:\/\/www.villaeducativa.edu.mx\/newspaper\/wp-content\/gallery\/22-clasekarate\/2026-01-30-VE-Karate-230.jpg\"\n           data-thumbnail=\"https:\/\/www.villaeducativa.edu.mx\/newspaper\/wp-content\/gallery\/22-clasekarate\/thumbs\/thumbs_2026-01-30-VE-Karate-230.jpg\"\n           data-image-id=\"80693\"\n           data-title=\"2026-01-30-VE-Karate-230\"\n           data-description=\"\"\n           class=\"ngg-fancybox\" rel=\"1096f13d5bb424591d88b21a1a754eb3\">\n\n            <img data-image-id='80693'\n                 title=\"\"\n                 alt=\"2026-01-30-VE-Karate-230\"\n                 src=\"https:\/\/www.villaeducativa.edu.mx\/newspaper\/wp-content\/gallery\/22-clasekarate\/2026-01-30-VE-Karate-230.jpg\"\n                 style=\"max-height: 380px;\"\/>\n        <\/a>\n\n        <\/div> \n<div id=\"ngg-image-62\" class=\"ngg-gallery-slideshow-image\" style=\"height:400px\">\n\n        <a href=\"https:\/\/www.villaeducativa.edu.mx\/newspaper\/wp-content\/gallery\/22-clasekarate\/2026-01-30-VE-Karate-66.jpg\"\n           title=\"\"\n           data-src=\"https:\/\/www.villaeducativa.edu.mx\/newspaper\/wp-content\/gallery\/22-clasekarate\/2026-01-30-VE-Karate-66.jpg\"\n           data-thumbnail=\"https:\/\/www.villaeducativa.edu.mx\/newspaper\/wp-content\/gallery\/22-clasekarate\/thumbs\/thumbs_2026-01-30-VE-Karate-66.jpg\"\n           data-image-id=\"80723\"\n           data-title=\"2026-01-30-VE-Karate-66\"\n           data-description=\"\"\n           class=\"ngg-fancybox\" rel=\"1096f13d5bb424591d88b21a1a754eb3\">\n\n            <img data-image-id='80723'\n                 title=\"\"\n                 alt=\"2026-01-30-VE-Karate-66\"\n                 src=\"https:\/\/www.villaeducativa.edu.mx\/newspaper\/wp-content\/gallery\/22-clasekarate\/2026-01-30-VE-Karate-66.jpg\"\n                 style=\"max-height: 380px;\"\/>\n        <\/a>\n\n        <\/div> \n<div id=\"ngg-image-63\" class=\"ngg-gallery-slideshow-image\" style=\"height:400px\">\n\n        <a href=\"https:\/\/www.villaeducativa.edu.mx\/newspaper\/wp-content\/gallery\/22-clasekarate\/2026-01-30-VE-Karate-83.jpg\"\n           title=\"\"\n           data-src=\"https:\/\/www.villaeducativa.edu.mx\/newspaper\/wp-content\/gallery\/22-clasekarate\/2026-01-30-VE-Karate-83.jpg\"\n           data-thumbnail=\"https:\/\/www.villaeducativa.edu.mx\/newspaper\/wp-content\/gallery\/22-clasekarate\/thumbs\/thumbs_2026-01-30-VE-Karate-83.jpg\"\n           data-image-id=\"80732\"\n           data-title=\"2026-01-30-VE-Karate-83\"\n           data-description=\"\"\n           class=\"ngg-fancybox\" rel=\"1096f13d5bb424591d88b21a1a754eb3\">\n\n            <img data-image-id='80732'\n                 title=\"\"\n                 alt=\"2026-01-30-VE-Karate-83\"\n                 src=\"https:\/\/www.villaeducativa.edu.mx\/newspaper\/wp-content\/gallery\/22-clasekarate\/2026-01-30-VE-Karate-83.jpg\"\n                 style=\"max-height: 380px;\"\/>\n        <\/a>\n\n        <\/div> \n<div id=\"ngg-image-64\" class=\"ngg-gallery-slideshow-image\" style=\"height:400px\">\n\n        <a href=\"https:\/\/www.villaeducativa.edu.mx\/newspaper\/wp-content\/gallery\/22-clasekarate\/2026-01-30-VE-Karate-72.jpg\"\n           title=\"\"\n           data-src=\"https:\/\/www.villaeducativa.edu.mx\/newspaper\/wp-content\/gallery\/22-clasekarate\/2026-01-30-VE-Karate-72.jpg\"\n           data-thumbnail=\"https:\/\/www.villaeducativa.edu.mx\/newspaper\/wp-content\/gallery\/22-clasekarate\/thumbs\/thumbs_2026-01-30-VE-Karate-72.jpg\"\n           data-image-id=\"80731\"\n           data-title=\"2026-01-30-VE-Karate-72\"\n           data-description=\"\"\n           class=\"ngg-fancybox\" rel=\"1096f13d5bb424591d88b21a1a754eb3\">\n\n            <img data-image-id='80731'\n                 title=\"\"\n                 alt=\"2026-01-30-VE-Karate-72\"\n                 src=\"https:\/\/www.villaeducativa.edu.mx\/newspaper\/wp-content\/gallery\/22-clasekarate\/2026-01-30-VE-Karate-72.jpg\"\n                 style=\"max-height: 380px;\"\/>\n        <\/a>\n\n        <\/div> \n<div id=\"ngg-image-65\" class=\"ngg-gallery-slideshow-image\" style=\"height:400px\">\n\n        <a href=\"https:\/\/www.villaeducativa.edu.mx\/newspaper\/wp-content\/gallery\/22-clasekarate\/2026-01-30-VE-Karate-74.jpg\"\n           title=\"\"\n           data-src=\"https:\/\/www.villaeducativa.edu.mx\/newspaper\/wp-content\/gallery\/22-clasekarate\/2026-01-30-VE-Karate-74.jpg\"\n           data-thumbnail=\"https:\/\/www.villaeducativa.edu.mx\/newspaper\/wp-content\/gallery\/22-clasekarate\/thumbs\/thumbs_2026-01-30-VE-Karate-74.jpg\"\n           data-image-id=\"80730\"\n           data-title=\"2026-01-30-VE-Karate-74\"\n           data-description=\"\"\n           class=\"ngg-fancybox\" rel=\"1096f13d5bb424591d88b21a1a754eb3\">\n\n            <img data-image-id='80730'\n                 title=\"\"\n                 alt=\"2026-01-30-VE-Karate-74\"\n                 src=\"https:\/\/www.villaeducativa.edu.mx\/newspaper\/wp-content\/gallery\/22-clasekarate\/2026-01-30-VE-Karate-74.jpg\"\n                 style=\"max-height: 380px;\"\/>\n        <\/a>\n\n        <\/div> \n<div id=\"ngg-image-66\" class=\"ngg-gallery-slideshow-image\" style=\"height:400px\">\n\n        <a href=\"https:\/\/www.villaeducativa.edu.mx\/newspaper\/wp-content\/gallery\/22-clasekarate\/2026-01-30-VE-Karate-67.jpg\"\n           title=\"\"\n           data-src=\"https:\/\/www.villaeducativa.edu.mx\/newspaper\/wp-content\/gallery\/22-clasekarate\/2026-01-30-VE-Karate-67.jpg\"\n           data-thumbnail=\"https:\/\/www.villaeducativa.edu.mx\/newspaper\/wp-content\/gallery\/22-clasekarate\/thumbs\/thumbs_2026-01-30-VE-Karate-67.jpg\"\n           data-image-id=\"80729\"\n           data-title=\"2026-01-30-VE-Karate-67\"\n           data-description=\"\"\n           class=\"ngg-fancybox\" rel=\"1096f13d5bb424591d88b21a1a754eb3\">\n\n            <img data-image-id='80729'\n                 title=\"\"\n                 alt=\"2026-01-30-VE-Karate-67\"\n                 src=\"https:\/\/www.villaeducativa.edu.mx\/newspaper\/wp-content\/gallery\/22-clasekarate\/2026-01-30-VE-Karate-67.jpg\"\n                 style=\"max-height: 380px;\"\/>\n        <\/a>\n\n        <\/div> \n<div id=\"ngg-image-67\" class=\"ngg-gallery-slideshow-image\" style=\"height:400px\">\n\n        <a href=\"https:\/\/www.villaeducativa.edu.mx\/newspaper\/wp-content\/gallery\/22-clasekarate\/2026-01-30-VE-Karate-70.jpg\"\n           title=\"\"\n           data-src=\"https:\/\/www.villaeducativa.edu.mx\/newspaper\/wp-content\/gallery\/22-clasekarate\/2026-01-30-VE-Karate-70.jpg\"\n           data-thumbnail=\"https:\/\/www.villaeducativa.edu.mx\/newspaper\/wp-content\/gallery\/22-clasekarate\/thumbs\/thumbs_2026-01-30-VE-Karate-70.jpg\"\n           data-image-id=\"80728\"\n           data-title=\"2026-01-30-VE-Karate-70\"\n           data-description=\"\"\n           class=\"ngg-fancybox\" rel=\"1096f13d5bb424591d88b21a1a754eb3\">\n\n            <img data-image-id='80728'\n                 title=\"\"\n                 alt=\"2026-01-30-VE-Karate-70\"\n                 src=\"https:\/\/www.villaeducativa.edu.mx\/newspaper\/wp-content\/gallery\/22-clasekarate\/2026-01-30-VE-Karate-70.jpg\"\n                 style=\"max-height: 380px;\"\/>\n        <\/a>\n\n        <\/div> \n<div id=\"ngg-image-68\" class=\"ngg-gallery-slideshow-image\" style=\"height:400px\">\n\n        <a href=\"https:\/\/www.villaeducativa.edu.mx\/newspaper\/wp-content\/gallery\/22-clasekarate\/2026-01-30-VE-Karate-62.jpg\"\n           title=\"\"\n           data-src=\"https:\/\/www.villaeducativa.edu.mx\/newspaper\/wp-content\/gallery\/22-clasekarate\/2026-01-30-VE-Karate-62.jpg\"\n           data-thumbnail=\"https:\/\/www.villaeducativa.edu.mx\/newspaper\/wp-content\/gallery\/22-clasekarate\/thumbs\/thumbs_2026-01-30-VE-Karate-62.jpg\"\n           data-image-id=\"80727\"\n           data-title=\"2026-01-30-VE-Karate-62\"\n           data-description=\"\"\n           class=\"ngg-fancybox\" rel=\"1096f13d5bb424591d88b21a1a754eb3\">\n\n            <img data-image-id='80727'\n                 title=\"\"\n                 alt=\"2026-01-30-VE-Karate-62\"\n                 src=\"https:\/\/www.villaeducativa.edu.mx\/newspaper\/wp-content\/gallery\/22-clasekarate\/2026-01-30-VE-Karate-62.jpg\"\n                 style=\"max-height: 380px;\"\/>\n        <\/a>\n\n        <\/div> \n<div id=\"ngg-image-69\" class=\"ngg-gallery-slideshow-image\" style=\"height:400px\">\n\n        <a href=\"https:\/\/www.villaeducativa.edu.mx\/newspaper\/wp-content\/gallery\/22-clasekarate\/2026-01-30-VE-Karate-50.jpg\"\n           title=\"\"\n           data-src=\"https:\/\/www.villaeducativa.edu.mx\/newspaper\/wp-content\/gallery\/22-clasekarate\/2026-01-30-VE-Karate-50.jpg\"\n           data-thumbnail=\"https:\/\/www.villaeducativa.edu.mx\/newspaper\/wp-content\/gallery\/22-clasekarate\/thumbs\/thumbs_2026-01-30-VE-Karate-50.jpg\"\n           data-image-id=\"80726\"\n           data-title=\"2026-01-30-VE-Karate-50\"\n           data-description=\"\"\n           class=\"ngg-fancybox\" rel=\"1096f13d5bb424591d88b21a1a754eb3\">\n\n            <img data-image-id='80726'\n                 title=\"\"\n                 alt=\"2026-01-30-VE-Karate-50\"\n                 src=\"https:\/\/www.villaeducativa.edu.mx\/newspaper\/wp-content\/gallery\/22-clasekarate\/2026-01-30-VE-Karate-50.jpg\"\n                 style=\"max-height: 380px;\"\/>\n        <\/a>\n\n        <\/div> \n<div id=\"ngg-image-70\" class=\"ngg-gallery-slideshow-image\" style=\"height:400px\">\n\n        <a href=\"https:\/\/www.villaeducativa.edu.mx\/newspaper\/wp-content\/gallery\/22-clasekarate\/2026-01-30-VE-Karate-63.jpg\"\n           title=\"\"\n           data-src=\"https:\/\/www.villaeducativa.edu.mx\/newspaper\/wp-content\/gallery\/22-clasekarate\/2026-01-30-VE-Karate-63.jpg\"\n           data-thumbnail=\"https:\/\/www.villaeducativa.edu.mx\/newspaper\/wp-content\/gallery\/22-clasekarate\/thumbs\/thumbs_2026-01-30-VE-Karate-63.jpg\"\n           data-image-id=\"80725\"\n           data-title=\"2026-01-30-VE-Karate-63\"\n           data-description=\"\"\n           class=\"ngg-fancybox\" rel=\"1096f13d5bb424591d88b21a1a754eb3\">\n\n            <img data-image-id='80725'\n                 title=\"\"\n                 alt=\"2026-01-30-VE-Karate-63\"\n                 src=\"https:\/\/www.villaeducativa.edu.mx\/newspaper\/wp-content\/gallery\/22-clasekarate\/2026-01-30-VE-Karate-63.jpg\"\n                 style=\"max-height: 380px;\"\/>\n        <\/a>\n\n        <\/div> \n<div id=\"ngg-image-71\" class=\"ngg-gallery-slideshow-image\" style=\"height:400px\">\n\n        <a href=\"https:\/\/www.villaeducativa.edu.mx\/newspaper\/wp-content\/gallery\/22-clasekarate\/2026-01-30-VE-Karate-57.jpg\"\n           title=\"\"\n           data-src=\"https:\/\/www.villaeducativa.edu.mx\/newspaper\/wp-content\/gallery\/22-clasekarate\/2026-01-30-VE-Karate-57.jpg\"\n           data-thumbnail=\"https:\/\/www.villaeducativa.edu.mx\/newspaper\/wp-content\/gallery\/22-clasekarate\/thumbs\/thumbs_2026-01-30-VE-Karate-57.jpg\"\n           data-image-id=\"80724\"\n           data-title=\"2026-01-30-VE-Karate-57\"\n           data-description=\"\"\n           class=\"ngg-fancybox\" rel=\"1096f13d5bb424591d88b21a1a754eb3\">\n\n            <img data-image-id='80724'\n                 title=\"\"\n                 alt=\"2026-01-30-VE-Karate-57\"\n                 src=\"https:\/\/www.villaeducativa.edu.mx\/newspaper\/wp-content\/gallery\/22-clasekarate\/2026-01-30-VE-Karate-57.jpg\"\n                 style=\"max-height: 380px;\"\/>\n        <\/a>\n\n        <\/div> \n<div id=\"ngg-image-72\" class=\"ngg-gallery-slideshow-image\" style=\"height:400px\">\n\n        <a href=\"https:\/\/www.villaeducativa.edu.mx\/newspaper\/wp-content\/gallery\/22-clasekarate\/2026-01-30-VE-Karate-224.jpg\"\n           title=\"\"\n           data-src=\"https:\/\/www.villaeducativa.edu.mx\/newspaper\/wp-content\/gallery\/22-clasekarate\/2026-01-30-VE-Karate-224.jpg\"\n           data-thumbnail=\"https:\/\/www.villaeducativa.edu.mx\/newspaper\/wp-content\/gallery\/22-clasekarate\/thumbs\/thumbs_2026-01-30-VE-Karate-224.jpg\"\n           data-image-id=\"80692\"\n           data-title=\"2026-01-30-VE-Karate-224\"\n           data-description=\"\"\n           class=\"ngg-fancybox\" rel=\"1096f13d5bb424591d88b21a1a754eb3\">\n\n            <img data-image-id='80692'\n                 title=\"\"\n                 alt=\"2026-01-30-VE-Karate-224\"\n                 src=\"https:\/\/www.villaeducativa.edu.mx\/newspaper\/wp-content\/gallery\/22-clasekarate\/2026-01-30-VE-Karate-224.jpg\"\n                 style=\"max-height: 380px;\"\/>\n        <\/a>\n\n        <\/div> \n<div id=\"ngg-image-73\" class=\"ngg-gallery-slideshow-image\" style=\"height:400px\">\n\n        <a href=\"https:\/\/www.villaeducativa.edu.mx\/newspaper\/wp-content\/gallery\/22-clasekarate\/2026-01-30-VE-Karate-53.jpg\"\n           title=\"\"\n           data-src=\"https:\/\/www.villaeducativa.edu.mx\/newspaper\/wp-content\/gallery\/22-clasekarate\/2026-01-30-VE-Karate-53.jpg\"\n           data-thumbnail=\"https:\/\/www.villaeducativa.edu.mx\/newspaper\/wp-content\/gallery\/22-clasekarate\/thumbs\/thumbs_2026-01-30-VE-Karate-53.jpg\"\n           data-image-id=\"80722\"\n           data-title=\"2026-01-30-VE-Karate-53\"\n           data-description=\"\"\n           class=\"ngg-fancybox\" rel=\"1096f13d5bb424591d88b21a1a754eb3\">\n\n            <img data-image-id='80722'\n                 title=\"\"\n                 alt=\"2026-01-30-VE-Karate-53\"\n                 src=\"https:\/\/www.villaeducativa.edu.mx\/newspaper\/wp-content\/gallery\/22-clasekarate\/2026-01-30-VE-Karate-53.jpg\"\n                 style=\"max-height: 380px;\"\/>\n        <\/a>\n\n        <\/div> \n<div id=\"ngg-image-74\" class=\"ngg-gallery-slideshow-image\" style=\"height:400px\">\n\n        <a href=\"https:\/\/www.villaeducativa.edu.mx\/newspaper\/wp-content\/gallery\/22-clasekarate\/2026-01-30-VE-Karate-33.jpg\"\n           title=\"\"\n           data-src=\"https:\/\/www.villaeducativa.edu.mx\/newspaper\/wp-content\/gallery\/22-clasekarate\/2026-01-30-VE-Karate-33.jpg\"\n           data-thumbnail=\"https:\/\/www.villaeducativa.edu.mx\/newspaper\/wp-content\/gallery\/22-clasekarate\/thumbs\/thumbs_2026-01-30-VE-Karate-33.jpg\"\n           data-image-id=\"80721\"\n           data-title=\"2026-01-30-VE-Karate-33\"\n           data-description=\"\"\n           class=\"ngg-fancybox\" rel=\"1096f13d5bb424591d88b21a1a754eb3\">\n\n            <img data-image-id='80721'\n                 title=\"\"\n                 alt=\"2026-01-30-VE-Karate-33\"\n                 src=\"https:\/\/www.villaeducativa.edu.mx\/newspaper\/wp-content\/gallery\/22-clasekarate\/2026-01-30-VE-Karate-33.jpg\"\n                 style=\"max-height: 380px;\"\/>\n        <\/a>\n\n        <\/div> \n<div id=\"ngg-image-75\" class=\"ngg-gallery-slideshow-image\" style=\"height:400px\">\n\n        <a href=\"https:\/\/www.villaeducativa.edu.mx\/newspaper\/wp-content\/gallery\/22-clasekarate\/2026-01-30-VE-Karate-27.jpg\"\n           title=\"\"\n           data-src=\"https:\/\/www.villaeducativa.edu.mx\/newspaper\/wp-content\/gallery\/22-clasekarate\/2026-01-30-VE-Karate-27.jpg\"\n           data-thumbnail=\"https:\/\/www.villaeducativa.edu.mx\/newspaper\/wp-content\/gallery\/22-clasekarate\/thumbs\/thumbs_2026-01-30-VE-Karate-27.jpg\"\n           data-image-id=\"80720\"\n           data-title=\"2026-01-30-VE-Karate-27\"\n           data-description=\"\"\n           class=\"ngg-fancybox\" rel=\"1096f13d5bb424591d88b21a1a754eb3\">\n\n            <img data-image-id='80720'\n                 title=\"\"\n                 alt=\"2026-01-30-VE-Karate-27\"\n                 src=\"https:\/\/www.villaeducativa.edu.mx\/newspaper\/wp-content\/gallery\/22-clasekarate\/2026-01-30-VE-Karate-27.jpg\"\n                 style=\"max-height: 380px;\"\/>\n        <\/a>\n\n        <\/div> \n<div id=\"ngg-image-76\" class=\"ngg-gallery-slideshow-image\" style=\"height:400px\">\n\n        <a href=\"https:\/\/www.villaeducativa.edu.mx\/newspaper\/wp-content\/gallery\/22-clasekarate\/2026-01-30-VE-Karate-29.jpg\"\n           title=\"\"\n           data-src=\"https:\/\/www.villaeducativa.edu.mx\/newspaper\/wp-content\/gallery\/22-clasekarate\/2026-01-30-VE-Karate-29.jpg\"\n           data-thumbnail=\"https:\/\/www.villaeducativa.edu.mx\/newspaper\/wp-content\/gallery\/22-clasekarate\/thumbs\/thumbs_2026-01-30-VE-Karate-29.jpg\"\n           data-image-id=\"80719\"\n           data-title=\"2026-01-30-VE-Karate-29\"\n           data-description=\"\"\n           class=\"ngg-fancybox\" rel=\"1096f13d5bb424591d88b21a1a754eb3\">\n\n            <img data-image-id='80719'\n                 title=\"\"\n                 alt=\"2026-01-30-VE-Karate-29\"\n                 src=\"https:\/\/www.villaeducativa.edu.mx\/newspaper\/wp-content\/gallery\/22-clasekarate\/2026-01-30-VE-Karate-29.jpg\"\n                 style=\"max-height: 380px;\"\/>\n        <\/a>\n\n        <\/div> \n<div id=\"ngg-image-77\" class=\"ngg-gallery-slideshow-image\" style=\"height:400px\">\n\n        <a href=\"https:\/\/www.villaeducativa.edu.mx\/newspaper\/wp-content\/gallery\/22-clasekarate\/2026-01-30-VE-Karate-36.jpg\"\n           title=\"\"\n           data-src=\"https:\/\/www.villaeducativa.edu.mx\/newspaper\/wp-content\/gallery\/22-clasekarate\/2026-01-30-VE-Karate-36.jpg\"\n           data-thumbnail=\"https:\/\/www.villaeducativa.edu.mx\/newspaper\/wp-content\/gallery\/22-clasekarate\/thumbs\/thumbs_2026-01-30-VE-Karate-36.jpg\"\n           data-image-id=\"80718\"\n           data-title=\"2026-01-30-VE-Karate-36\"\n           data-description=\"\"\n           class=\"ngg-fancybox\" rel=\"1096f13d5bb424591d88b21a1a754eb3\">\n\n            <img data-image-id='80718'\n                 title=\"\"\n                 alt=\"2026-01-30-VE-Karate-36\"\n                 src=\"https:\/\/www.villaeducativa.edu.mx\/newspaper\/wp-content\/gallery\/22-clasekarate\/2026-01-30-VE-Karate-36.jpg\"\n                 style=\"max-height: 380px;\"\/>\n        <\/a>\n\n        <\/div> \n<div id=\"ngg-image-78\" class=\"ngg-gallery-slideshow-image\" style=\"height:400px\">\n\n        <a href=\"https:\/\/www.villaeducativa.edu.mx\/newspaper\/wp-content\/gallery\/22-clasekarate\/2026-01-30-VE-Karate-47.jpg\"\n           title=\"\"\n           data-src=\"https:\/\/www.villaeducativa.edu.mx\/newspaper\/wp-content\/gallery\/22-clasekarate\/2026-01-30-VE-Karate-47.jpg\"\n           data-thumbnail=\"https:\/\/www.villaeducativa.edu.mx\/newspaper\/wp-content\/gallery\/22-clasekarate\/thumbs\/thumbs_2026-01-30-VE-Karate-47.jpg\"\n           data-image-id=\"80717\"\n           data-title=\"2026-01-30-VE-Karate-47\"\n           data-description=\"\"\n           class=\"ngg-fancybox\" rel=\"1096f13d5bb424591d88b21a1a754eb3\">\n\n            <img data-image-id='80717'\n                 title=\"\"\n                 alt=\"2026-01-30-VE-Karate-47\"\n                 src=\"https:\/\/www.villaeducativa.edu.mx\/newspaper\/wp-content\/gallery\/22-clasekarate\/2026-01-30-VE-Karate-47.jpg\"\n                 style=\"max-height: 380px;\"\/>\n        <\/a>\n\n        <\/div> \n<div id=\"ngg-image-79\" class=\"ngg-gallery-slideshow-image\" style=\"height:400px\">\n\n        <a href=\"https:\/\/www.villaeducativa.edu.mx\/newspaper\/wp-content\/gallery\/22-clasekarate\/2026-01-30-VE-Karate-18.jpg\"\n           title=\"\"\n           data-src=\"https:\/\/www.villaeducativa.edu.mx\/newspaper\/wp-content\/gallery\/22-clasekarate\/2026-01-30-VE-Karate-18.jpg\"\n           data-thumbnail=\"https:\/\/www.villaeducativa.edu.mx\/newspaper\/wp-content\/gallery\/22-clasekarate\/thumbs\/thumbs_2026-01-30-VE-Karate-18.jpg\"\n           data-image-id=\"80716\"\n           data-title=\"2026-01-30-VE-Karate-18\"\n           data-description=\"\"\n           class=\"ngg-fancybox\" rel=\"1096f13d5bb424591d88b21a1a754eb3\">\n\n            <img data-image-id='80716'\n                 title=\"\"\n                 alt=\"2026-01-30-VE-Karate-18\"\n                 src=\"https:\/\/www.villaeducativa.edu.mx\/newspaper\/wp-content\/gallery\/22-clasekarate\/2026-01-30-VE-Karate-18.jpg\"\n                 style=\"max-height: 380px;\"\/>\n        <\/a>\n\n        <\/div> \n<div id=\"ngg-image-80\" class=\"ngg-gallery-slideshow-image\" style=\"height:400px\">\n\n        <a href=\"https:\/\/www.villaeducativa.edu.mx\/newspaper\/wp-content\/gallery\/22-clasekarate\/2026-01-30-VE-Karate-13.jpg\"\n           title=\"\"\n           data-src=\"https:\/\/www.villaeducativa.edu.mx\/newspaper\/wp-content\/gallery\/22-clasekarate\/2026-01-30-VE-Karate-13.jpg\"\n           data-thumbnail=\"https:\/\/www.villaeducativa.edu.mx\/newspaper\/wp-content\/gallery\/22-clasekarate\/thumbs\/thumbs_2026-01-30-VE-Karate-13.jpg\"\n           data-image-id=\"80715\"\n           data-title=\"2026-01-30-VE-Karate-13\"\n           data-description=\"\"\n           class=\"ngg-fancybox\" rel=\"1096f13d5bb424591d88b21a1a754eb3\">\n\n            <img data-image-id='80715'\n                 title=\"\"\n                 alt=\"2026-01-30-VE-Karate-13\"\n                 src=\"https:\/\/www.villaeducativa.edu.mx\/newspaper\/wp-content\/gallery\/22-clasekarate\/2026-01-30-VE-Karate-13.jpg\"\n                 style=\"max-height: 380px;\"\/>\n        <\/a>\n\n        <\/div> \n<div id=\"ngg-image-81\" class=\"ngg-gallery-slideshow-image\" style=\"height:400px\">\n\n        <a href=\"https:\/\/www.villaeducativa.edu.mx\/newspaper\/wp-content\/gallery\/22-clasekarate\/2026-01-30-VE-Karate-6.jpg\"\n           title=\"\"\n           data-src=\"https:\/\/www.villaeducativa.edu.mx\/newspaper\/wp-content\/gallery\/22-clasekarate\/2026-01-30-VE-Karate-6.jpg\"\n           data-thumbnail=\"https:\/\/www.villaeducativa.edu.mx\/newspaper\/wp-content\/gallery\/22-clasekarate\/thumbs\/thumbs_2026-01-30-VE-Karate-6.jpg\"\n           data-image-id=\"80714\"\n           data-title=\"2026-01-30-VE-Karate-6\"\n           data-description=\"\"\n           class=\"ngg-fancybox\" rel=\"1096f13d5bb424591d88b21a1a754eb3\">\n\n            <img data-image-id='80714'\n                 title=\"\"\n                 alt=\"2026-01-30-VE-Karate-6\"\n                 src=\"https:\/\/www.villaeducativa.edu.mx\/newspaper\/wp-content\/gallery\/22-clasekarate\/2026-01-30-VE-Karate-6.jpg\"\n                 style=\"max-height: 380px;\"\/>\n        <\/a>\n\n        <\/div> \n<\/div>\n\n\n\n\n\n\n\n<p><strong><span class=\"has-inline-color has-vivid-cyan-blue-color\">Berenice \u00c1ngeles<br><\/span><\/strong><span class=\"has-inline-color has-vivid-cyan-blue-color\"><em>Coordinadora Club AfterSchool<\/em><\/span><\/p>\n","protected":false},"excerpt":{"rendered":"<p>Durante el primer semestre se llev\u00f3 a cabo con gran \u00e9xito la actividad de karate dirigida a los alumnos de Kinder 2 y 3. Agradecemos profundamente al profesor Alonso Le\u00f3n Vega por el excelente trabajo realizado con los estudiantes, demostrando compromiso, dedicaci\u00f3n y profesionalismo en cada clase. A lo largo&hellip; <\/p>\n","protected":false},"author":2,"featured_media":153913,"comment_status":"closed","ping_status":"closed","sticky":false,"template":"","format":"standard","meta":{"ngg_post_thumbnail":0},"categories":[5],"tags":[],"_links":{"self":[{"href":"https:\/\/www.villaeducativa.edu.mx\/newspaper\/index.php?rest_route=\/wp\/v2\/posts\/153857"}],"collection":[{"href":"https:\/\/www.villaeducativa.edu.mx\/newspaper\/index.php?rest_route=\/wp\/v2\/posts"}],"about":[{"href":"https:\/\/www.villaeducativa.edu.mx\/newspaper\/index.php?rest_route=\/wp\/v2\/types\/post"}],"author":[{"embeddable":true,"href":"https:\/\/www.villaeducativa.edu.mx\/newspaper\/index.php?rest_route=\/wp\/v2\/users\/2"}],"replies":[{"embeddable":true,"href":"https:\/\/www.villaeducativa.edu.mx\/newspaper\/index.php?rest_route=%2Fwp%2Fv2%2Fcomments&post=153857"}],"version-history":[{"count":2,"href":"https:\/\/www.villaeducativa.edu.mx\/newspaper\/index.php?rest_route=\/wp\/v2\/posts\/153857\/revisions"}],"predecessor-version":[{"id":153997,"href":"https:\/\/www.villaeducativa.edu.mx\/newspaper\/index.php?rest_route=\/wp\/v2\/posts\/153857\/revisions\/153997"}],"wp:featuredmedia":[{"embeddable":true,"href":"https:\/\/www.villaeducativa.edu.mx\/newspaper\/index.php?rest_route=\/wp\/v2\/media\/153913"}],"wp:attachment":[{"href":"https:\/\/www.villaeducativa.edu.mx\/newspaper\/index.php?rest_route=%2Fwp%2Fv2%2Fmedia&parent=153857"}],"wp:term":[{"taxonomy":"category","embeddable":true,"href":"https:\/\/www.villaeducativa.edu.mx\/newspaper\/index.php?rest_route=%2Fwp%2Fv2%2Fcategories&post=153857"},{"taxonomy":"post_tag","embeddable":true,"href":"https:\/\/www.villaeducativa.edu.mx\/newspaper\/index.php?rest_route=%2Fwp%2Fv2%2Ftags&post=153857"}],"curies":[{"name":"wp","href":"https:\/\/api.w.org\/{rel}","templated":true}]}}