{"id":153666,"date":"2026-02-03T08:52:00","date_gmt":"2026-02-03T14:52:00","guid":{"rendered":"https:\/\/www.villaeducativa.edu.mx\/newspaper\/?p=153666"},"modified":"2026-02-02T15:38:24","modified_gmt":"2026-02-02T21:38:24","slug":"k2-project-presentation","status":"publish","type":"post","link":"https:\/\/www.villaeducativa.edu.mx\/newspaper\/?p=153666","title":{"rendered":"K2: Project Presentation"},"content":{"rendered":"\n<p><strong>Our Alebrijes:&nbsp; Colors, Shapes, and Imagination&nbsp;<\/strong><\/p>\n\n\n\n<p>Alebrijes are colorful and magical creatures from Mexican culture. They are special because they show how imagination has no limits. With bright colors, different shapes, and mixed animal features, each alebrije tells a unique story and reminds us that creativity is something to celebrate.<\/p>\n\n\n\n<p>In our classroom, the children became true little artists by creating their own alebrijes. They used their ideas, favorite colors, and lots of creativity to design amazing creatures. As they worked, they practiced patience, fine motor skills, and learned that it is okay to be different and original.<\/p>\n\n\n\n<p>Their alebrijes are symbols of creativity and imagination. We are very proud of our young artists and their wonderful imaginary creatures!<\/p>\n\n\n\n<p>We invite you to the K2&nbsp; Reggio Project Presentation:<\/p>\n\n\n\n<p>Monday, February 16th<\/p>\n\n\n\n<ul><li>K2A 9:OO<\/li><li>K2B 11:00<\/li><li>K2C 13:00<\/li><\/ul>\n\n\n\n<hr class=\"wp-block-separator\"\/>\n\n\n\n<p><em><strong>Cierres de Proyecto<\/strong><br><strong>Our Alebrijes:\u00a0 Colors, Shapes, and Imagination\u00a0<\/strong><br>Los alebrijes son criaturas coloridas y m\u00e1gicas de la cultura mexicana. Son especiales porque muestran que la imaginaci\u00f3n no tiene l\u00edmites. Con colores brillantes, diferentes formas y caracter\u00edsticas de distintos animales, cada alebrije cuenta una historia \u00fanica y nos recuerda que la creatividad es algo que debemos celebrar.<\/em><\/p>\n\n\n\n<p><em>En nuestro sal\u00f3n de clases, los ni\u00f1os se convirtieron en verdaderos peque\u00f1os artistas al crear sus propios alebrijes. Usaron sus ideas, sus colores favoritos y mucha creatividad para dise\u00f1ar criaturas incre\u00edbles. Mientras trabajaban, practicaron la paciencia, la motricidad fina y aprendieron que est\u00e1 bien ser diferente y original.<\/em><\/p>\n\n\n\n<p><em>Sus alebrijes son s\u00edmbolos de creatividad e imaginaci\u00f3n. \u00a1Estamos muy orgullosos de nuestros peque\u00f1os artistas y de sus maravillosas criaturas imaginarias!<\/em><\/p>\n\n\n\n<p><em>Los invitamos a los cierres de proyecto de K2:<br>Lunes 16 de febrero<\/em><\/p>\n\n\n\n<ul><li><em>K2A 9:OO<\/em><\/li><li><em>K2B 11:00<\/em><\/li><li><em>K2C 13:00<\/em><\/li><\/ul>\n\n\n\n<p><strong><span class=\"has-inline-color has-vivid-cyan-blue-color\">Carlie Garc\u00eda<br><\/span><\/strong><em><span class=\"has-inline-color has-vivid-cyan-blue-color\">Preschool Principal<\/span><\/em><\/p>\n\n\n\n<div class=\"wp-block-image\"><figure class=\"aligncenter size-large is-resized\"><a href=\"https:\/\/www.villaeducativa.edu.mx\/newspaper\/wp-content\/uploads\/2026\/02\/cierre-k2.jpg\"><img loading=\"lazy\" src=\"https:\/\/www.villaeducativa.edu.mx\/newspaper\/wp-content\/uploads\/2026\/02\/cierre-k2.jpg\" alt=\"\" class=\"wp-image-153667\" width=\"500\" height=\"500\" srcset=\"https:\/\/www.villaeducativa.edu.mx\/newspaper\/wp-content\/uploads\/2026\/02\/cierre-k2.jpg 1000w, https:\/\/www.villaeducativa.edu.mx\/newspaper\/wp-content\/uploads\/2026\/02\/cierre-k2-300x300.jpg 300w, https:\/\/www.villaeducativa.edu.mx\/newspaper\/wp-content\/uploads\/2026\/02\/cierre-k2-150x150.jpg 150w, https:\/\/www.villaeducativa.edu.mx\/newspaper\/wp-content\/uploads\/2026\/02\/cierre-k2-768x768.jpg 768w, https:\/\/www.villaeducativa.edu.mx\/newspaper\/wp-content\/uploads\/2026\/02\/cierre-k2-600x600.jpg 600w, https:\/\/www.villaeducativa.edu.mx\/newspaper\/wp-content\/uploads\/2026\/02\/cierre-k2-100x100.jpg 100w\" sizes=\"(max-width: 500px) 100vw, 500px\" \/><\/a><\/figure><\/div>\n\n\n\n<p><\/p>\n","protected":false},"excerpt":{"rendered":"<p>Our Alebrijes:&nbsp; Colors, Shapes, and Imagination&nbsp; Alebrijes are colorful and magical creatures from Mexican culture. They are special because they show how imagination has no limits. With bright colors, different shapes, and mixed animal features, each alebrije tells a unique story and reminds us that creativity is something to celebrate.&hellip; <\/p>\n","protected":false},"author":2,"featured_media":153675,"comment_status":"closed","ping_status":"closed","sticky":false,"template":"","format":"standard","meta":{"ngg_post_thumbnail":0},"categories":[2],"tags":[],"_links":{"self":[{"href":"https:\/\/www.villaeducativa.edu.mx\/newspaper\/index.php?rest_route=\/wp\/v2\/posts\/153666"}],"collection":[{"href":"https:\/\/www.villaeducativa.edu.mx\/newspaper\/index.php?rest_route=\/wp\/v2\/posts"}],"about":[{"href":"https:\/\/www.villaeducativa.edu.mx\/newspaper\/index.php?rest_route=\/wp\/v2\/types\/post"}],"author":[{"embeddable":true,"href":"https:\/\/www.villaeducativa.edu.mx\/newspaper\/index.php?rest_route=\/wp\/v2\/users\/2"}],"replies":[{"embeddable":true,"href":"https:\/\/www.villaeducativa.edu.mx\/newspaper\/index.php?rest_route=%2Fwp%2Fv2%2Fcomments&post=153666"}],"version-history":[{"count":2,"href":"https:\/\/www.villaeducativa.edu.mx\/newspaper\/index.php?rest_route=\/wp\/v2\/posts\/153666\/revisions"}],"predecessor-version":[{"id":153672,"href":"https:\/\/www.villaeducativa.edu.mx\/newspaper\/index.php?rest_route=\/wp\/v2\/posts\/153666\/revisions\/153672"}],"wp:featuredmedia":[{"embeddable":true,"href":"https:\/\/www.villaeducativa.edu.mx\/newspaper\/index.php?rest_route=\/wp\/v2\/media\/153675"}],"wp:attachment":[{"href":"https:\/\/www.villaeducativa.edu.mx\/newspaper\/index.php?rest_route=%2Fwp%2Fv2%2Fmedia&parent=153666"}],"wp:term":[{"taxonomy":"category","embeddable":true,"href":"https:\/\/www.villaeducativa.edu.mx\/newspaper\/index.php?rest_route=%2Fwp%2Fv2%2Fcategories&post=153666"},{"taxonomy":"post_tag","embeddable":true,"href":"https:\/\/www.villaeducativa.edu.mx\/newspaper\/index.php?rest_route=%2Fwp%2Fv2%2Ftags&post=153666"}],"curies":[{"name":"wp","href":"https:\/\/api.w.org\/{rel}","templated":true}]}}