{"id":152991,"date":"2026-01-27T09:25:00","date_gmt":"2026-01-27T15:25:00","guid":{"rendered":"https:\/\/www.villaeducativa.edu.mx\/newspaper\/?p=152991"},"modified":"2026-01-26T21:23:12","modified_gmt":"2026-01-27T03:23:12","slug":"escuela-para-padres-berrinches-como-acompanar-y-educar-desde-la-calma","status":"publish","type":"post","link":"https:\/\/www.villaeducativa.edu.mx\/newspaper\/?p=152991","title":{"rendered":"Escuela para Padres: \u201cBerrinches: c\u00f3mo acompa\u00f1ar y educar desde la calma\u201d"},"content":{"rendered":"\n<p>Les recordamos que hoy&nbsp; 27 de enero a las 6:30 p.m., se llevar\u00e1 a cabo la conferencia de Escuela para Padres \u201cBerrinches: c\u00f3mo acompa\u00f1ar y educar desde la calma\u201d, impartida por Paty Mier, especialista en desarrollo infantil.<\/p>\n\n\n\n<p>Ser\u00e1 un espacio pr\u00e1ctico para comprender el origen de los berrinches y aprender estrategias respetuosas y efectivas para acompa\u00f1ar a nuestros hijos en esta etapa.<\/p>\n\n\n\n<ul id=\"block-b7d05fa3-36c3-46ad-a51d-bf029858c3df\"><li>Modalidad: <img src=\"http:\/\/www.villaeducativa.edu.mx\/newspaper\/wp-content\/uploads\/2022\/03\/meet1.jpg\" alt=\"icono meet1\" style=\"width: 20px;\"> <a href=\"https:\/\/meet.google.com\/erf-brqp-ucc\" target=\"_blank\" rel=\"noreferrer noopener\"><strong>V\u00eda Google Meet<\/strong><\/a><\/li><\/ul>\n\n\n\n<p id=\"block-bd87c9ea-fb5d-45ba-9871-8429b5b824fc\">\u00a1Los esperamos!<\/p>\n\n\n\n<p id=\"block-db68ecf4-61b9-4774-90a5-3fc7083f9ac0\"><span class=\"has-inline-color has-vivid-cyan-blue-color\"><strong>Jacive Monroy<\/strong><br><em>Coordinaci\u00f3n Operativa<\/em><\/span><\/p>\n\n\n\n<div id=\"block-7cebddaf-1ef8-401b-87aa-54982f6c778c\" class=\"wp-block-image\"><figure class=\"aligncenter is-resized\"><img loading=\"lazy\" src=\"https:\/\/www.villaeducativa.edu.mx\/newspaper\/wp-content\/uploads\/2026\/01\/Berrinches-576x1024.jpg\" alt=\"La imagen tiene un atributo ALT vac\u00edo; su nombre de archivo es Berrinches-576x1024.jpg\" width=\"288\" height=\"512\"\/><\/figure><\/div>\n","protected":false},"excerpt":{"rendered":"<p>Les recordamos que hoy&nbsp; 27 de enero a las 6:30 p.m., se llevar\u00e1 a cabo la conferencia de Escuela para Padres \u201cBerrinches: c\u00f3mo acompa\u00f1ar y educar desde la calma\u201d, impartida por Paty Mier, especialista en desarrollo infantil. Ser\u00e1 un espacio pr\u00e1ctico para comprender el origen de los berrinches y aprender&hellip; <\/p>\n","protected":false},"author":2,"featured_media":152992,"comment_status":"closed","ping_status":"closed","sticky":false,"template":"","format":"standard","meta":{"ngg_post_thumbnail":0},"categories":[17],"tags":[],"_links":{"self":[{"href":"https:\/\/www.villaeducativa.edu.mx\/newspaper\/index.php?rest_route=\/wp\/v2\/posts\/152991"}],"collection":[{"href":"https:\/\/www.villaeducativa.edu.mx\/newspaper\/index.php?rest_route=\/wp\/v2\/posts"}],"about":[{"href":"https:\/\/www.villaeducativa.edu.mx\/newspaper\/index.php?rest_route=\/wp\/v2\/types\/post"}],"author":[{"embeddable":true,"href":"https:\/\/www.villaeducativa.edu.mx\/newspaper\/index.php?rest_route=\/wp\/v2\/users\/2"}],"replies":[{"embeddable":true,"href":"https:\/\/www.villaeducativa.edu.mx\/newspaper\/index.php?rest_route=%2Fwp%2Fv2%2Fcomments&post=152991"}],"version-history":[{"count":1,"href":"https:\/\/www.villaeducativa.edu.mx\/newspaper\/index.php?rest_route=\/wp\/v2\/posts\/152991\/revisions"}],"predecessor-version":[{"id":152993,"href":"https:\/\/www.villaeducativa.edu.mx\/newspaper\/index.php?rest_route=\/wp\/v2\/posts\/152991\/revisions\/152993"}],"wp:featuredmedia":[{"embeddable":true,"href":"https:\/\/www.villaeducativa.edu.mx\/newspaper\/index.php?rest_route=\/wp\/v2\/media\/152992"}],"wp:attachment":[{"href":"https:\/\/www.villaeducativa.edu.mx\/newspaper\/index.php?rest_route=%2Fwp%2Fv2%2Fmedia&parent=152991"}],"wp:term":[{"taxonomy":"category","embeddable":true,"href":"https:\/\/www.villaeducativa.edu.mx\/newspaper\/index.php?rest_route=%2Fwp%2Fv2%2Fcategories&post=152991"},{"taxonomy":"post_tag","embeddable":true,"href":"https:\/\/www.villaeducativa.edu.mx\/newspaper\/index.php?rest_route=%2Fwp%2Fv2%2Ftags&post=152991"}],"curies":[{"name":"wp","href":"https:\/\/api.w.org\/{rel}","templated":true}]}}