{"id":152861,"date":"2026-01-20T09:13:17","date_gmt":"2026-01-20T15:13:17","guid":{"rendered":"https:\/\/www.villaeducativa.edu.mx\/newspaper\/?p=152861"},"modified":"2026-01-22T11:36:53","modified_gmt":"2026-01-22T17:36:53","slug":"reinscripciones-2026-2027-2","status":"publish","type":"post","link":"https:\/\/www.villaeducativa.edu.mx\/newspaper\/?p=152861","title":{"rendered":"Reinscripciones 2026-2027"},"content":{"rendered":"\n<p>Estimados Padres de Familia:<\/p>\n\n\n\n<p>Nos sentimos muy honrados de formar parte de la vida de sus hijos y les agradecemos mucho su confianza.<\/p>\n\n\n\n<p>Les compartimos las cuotas que estar\u00e1n vigentes durante el ciclo escolar 2026-2027; m\u00e1s adelante, les enviaremos el proceso detallado con los documentos necesarios para realizar la reinscripci\u00f3n a partir del 03 de febrero.<\/p>\n\n\n\n<p><img loading=\"lazy\" width=\"30\" height=\"30\" class=\"wp-image-11947\" style=\"width: 30px;\" src=\"http:\/\/www.villaeducativa.edu.mx\/newspaper\/wp-content\/uploads\/2016\/08\/icopdf.jpg\" alt=\"\"> <strong><a href=\"https:\/\/drive.google.com\/file\/d\/1U7uo0pkIbs0FGK_K3uN7k8tn_p2jwk3T\/view?usp=sharing\" target=\"_blank\" rel=\"noreferrer noopener\"><span class=\"has-inline-color has-vivid-cyan-blue-color\">Costos ciclo escolar 2026-2027<\/span><\/a><\/strong><\/p>\n\n\n\n<p>Cualquier duda estamos a sus \u00f3rdenes.<\/p>\n\n\n\n<p><span class=\"has-inline-color has-vivid-cyan-blue-color\"><strong>Lorena Esparza<\/strong><br><em>Directora General<\/em><\/span><\/p>\n","protected":false},"excerpt":{"rendered":"<p>Estimados Padres de Familia: Nos sentimos muy honrados de formar parte de la vida de sus hijos y les agradecemos mucho su confianza. Les compartimos las cuotas que estar\u00e1n vigentes durante el ciclo escolar 2026-2027; m\u00e1s adelante, les enviaremos el proceso detallado con los documentos necesarios para realizar la reinscripci\u00f3n&hellip; <\/p>\n","protected":false},"author":2,"featured_media":152862,"comment_status":"closed","ping_status":"closed","sticky":false,"template":"","format":"standard","meta":{"ngg_post_thumbnail":0},"categories":[17],"tags":[],"_links":{"self":[{"href":"https:\/\/www.villaeducativa.edu.mx\/newspaper\/index.php?rest_route=\/wp\/v2\/posts\/152861"}],"collection":[{"href":"https:\/\/www.villaeducativa.edu.mx\/newspaper\/index.php?rest_route=\/wp\/v2\/posts"}],"about":[{"href":"https:\/\/www.villaeducativa.edu.mx\/newspaper\/index.php?rest_route=\/wp\/v2\/types\/post"}],"author":[{"embeddable":true,"href":"https:\/\/www.villaeducativa.edu.mx\/newspaper\/index.php?rest_route=\/wp\/v2\/users\/2"}],"replies":[{"embeddable":true,"href":"https:\/\/www.villaeducativa.edu.mx\/newspaper\/index.php?rest_route=%2Fwp%2Fv2%2Fcomments&post=152861"}],"version-history":[{"count":2,"href":"https:\/\/www.villaeducativa.edu.mx\/newspaper\/index.php?rest_route=\/wp\/v2\/posts\/152861\/revisions"}],"predecessor-version":[{"id":152893,"href":"https:\/\/www.villaeducativa.edu.mx\/newspaper\/index.php?rest_route=\/wp\/v2\/posts\/152861\/revisions\/152893"}],"wp:featuredmedia":[{"embeddable":true,"href":"https:\/\/www.villaeducativa.edu.mx\/newspaper\/index.php?rest_route=\/wp\/v2\/media\/152862"}],"wp:attachment":[{"href":"https:\/\/www.villaeducativa.edu.mx\/newspaper\/index.php?rest_route=%2Fwp%2Fv2%2Fmedia&parent=152861"}],"wp:term":[{"taxonomy":"category","embeddable":true,"href":"https:\/\/www.villaeducativa.edu.mx\/newspaper\/index.php?rest_route=%2Fwp%2Fv2%2Fcategories&post=152861"},{"taxonomy":"post_tag","embeddable":true,"href":"https:\/\/www.villaeducativa.edu.mx\/newspaper\/index.php?rest_route=%2Fwp%2Fv2%2Ftags&post=152861"}],"curies":[{"name":"wp","href":"https:\/\/api.w.org\/{rel}","templated":true}]}}