{"id":152596,"date":"2026-01-20T09:10:00","date_gmt":"2026-01-20T15:10:00","guid":{"rendered":"https:\/\/www.villaeducativa.edu.mx\/newspaper\/?p=152596"},"modified":"2026-01-19T16:20:31","modified_gmt":"2026-01-19T22:20:31","slug":"materiales-reciclables-y-no-reciclables","status":"publish","type":"post","link":"https:\/\/www.villaeducativa.edu.mx\/newspaper\/?p=152596","title":{"rendered":"Materiales reciclables y no reciclables"},"content":{"rendered":"\n<p>En este nuevo a\u00f1o 2026, continuamos fortaleciendo nuestro proyecto de concientizaci\u00f3n ambiental, cuyo prop\u00f3sito es sensibilizar a la comunidad estudiantil sobre la importancia de actuar con responsabilidad y compromiso en el cuidado del medio ambiente.<\/p>\n\n\n\n<p>La separaci\u00f3n correcta de los residuos es una acci\u00f3n cotidiana que contribuye de manera significativa a la protecci\u00f3n de nuestro entorno y al aprovechamiento adecuado de los recursos. Separar correctamente los residuos ayuda a que el reciclaje sea m\u00e1s eficiente y efectivo.<\/p>\n\n\n\n<p>Con el fin de apoyar esta labor, compartimos informaci\u00f3n esencial sobre los materiales que s\u00ed pueden reciclarse y aquellos que no.<\/p>\n\n\n\n<p>Materiales que <strong><em>S\u00cd<\/em><\/strong> se pueden reciclar<\/p>\n\n\n\n<p>Los siguientes residuos pueden ser reciclados siempre y cuando se encuentren limpios, secos y libres de residuos org\u00e1nicos<\/p>\n\n\n\n<ul><li><strong>Envases de vidrio<\/strong>: como botellas y frascos, los cuales pueden reciclarse m\u00faltiples veces sin perder sus propiedades.<\/li><li><strong>Latas de conserva <\/strong>utilizadas para alimentos como verduras, frutas o pescado.<\/li><li><strong>Pl\u00e1sticos PET<\/strong>, com\u00fanmente presentes en botellas de bebidas.<\/li><li><strong>Pl\u00e1sticos HDPE<\/strong>, utilizados en envases de productos de limpieza, leche y art\u00edculos de higiene personal.<\/li><li><strong>Pl\u00e1sticos LDPE<\/strong>, como bolsas de pl\u00e1stico limpias y algunas envolturas flexibles.<\/li><\/ul>\n\n\n\n<p>Materiales que <strong><em>NO<\/em><\/strong> se pueden reciclar<\/p>\n\n\n\n<p>Los siguientes materiales no son considerados reciclables, deben evitarse en la recolecci\u00f3n, puesto que&nbsp; dificultan el proceso de reutilizaci\u00f3n:<\/p>\n\n\n\n<ul><li><strong>Poliestireno expandido (unicel)<\/strong>, debido a su baja reciclabilidad y f\u00e1cil fragmentaci\u00f3n.<\/li><li><strong>Empaques de alimentos<\/strong> que tengan como n\u00famero de reciclaje: 3, 4, 6 o 7.<\/li><li><strong>Contenedores de aluminio<\/strong>, as\u00ed como desechables utilizados para comida preparada.<\/li><li><strong>Vasos y popotes de pl\u00e1stico<\/strong>, por su tama\u00f1o y composici\u00f3n.<\/li><li><strong>Cart\u00f3n de huevo<\/strong>, fabricado con fibras no reciclables.<\/li><\/ul>\n\n\n\n<p>Pr\u00f3xima colecta: <strong>Martes 27 de enero 2026<\/strong>.<\/p>\n\n\n\n<figure class=\"wp-block-image size-large\"><img loading=\"lazy\" width=\"1024\" height=\"768\" src=\"https:\/\/www.villaeducativa.edu.mx\/newspaper\/wp-content\/uploads\/2026\/01\/Materiales-reciclables-y-no-reciclables_page2_image1.jpg\" alt=\"\" class=\"wp-image-152602\" srcset=\"https:\/\/www.villaeducativa.edu.mx\/newspaper\/wp-content\/uploads\/2026\/01\/Materiales-reciclables-y-no-reciclables_page2_image1.jpg 1024w, https:\/\/www.villaeducativa.edu.mx\/newspaper\/wp-content\/uploads\/2026\/01\/Materiales-reciclables-y-no-reciclables_page2_image1-300x225.jpg 300w, https:\/\/www.villaeducativa.edu.mx\/newspaper\/wp-content\/uploads\/2026\/01\/Materiales-reciclables-y-no-reciclables_page2_image1-768x576.jpg 768w, https:\/\/www.villaeducativa.edu.mx\/newspaper\/wp-content\/uploads\/2026\/01\/Materiales-reciclables-y-no-reciclables_page2_image1-600x450.jpg 600w\" sizes=\"(max-width: 1024px) 100vw, 1024px\" \/><\/figure>\n\n\n\n<p>Agradecemos su atenci\u00f3n y compromiso<\/p>\n\n\n\n<p><strong><span class=\"has-inline-color has-vivid-cyan-blue-color\">Carolina Res\u00e9ndiz<br><\/span><\/strong><em><span class=\"has-inline-color has-vivid-cyan-blue-color\">Biblioteca<\/span><\/em><\/p>\n","protected":false},"excerpt":{"rendered":"<p>En este nuevo a\u00f1o 2026, continuamos fortaleciendo nuestro proyecto de concientizaci\u00f3n ambiental, cuyo prop\u00f3sito es sensibilizar a la comunidad estudiantil sobre la importancia de actuar con responsabilidad y compromiso en el cuidado del medio ambiente. La separaci\u00f3n correcta de los residuos es una acci\u00f3n cotidiana que contribuye de manera significativa&hellip; <\/p>\n","protected":false},"author":2,"featured_media":152603,"comment_status":"closed","ping_status":"closed","sticky":false,"template":"","format":"standard","meta":{"ngg_post_thumbnail":0},"categories":[17],"tags":[],"_links":{"self":[{"href":"https:\/\/www.villaeducativa.edu.mx\/newspaper\/index.php?rest_route=\/wp\/v2\/posts\/152596"}],"collection":[{"href":"https:\/\/www.villaeducativa.edu.mx\/newspaper\/index.php?rest_route=\/wp\/v2\/posts"}],"about":[{"href":"https:\/\/www.villaeducativa.edu.mx\/newspaper\/index.php?rest_route=\/wp\/v2\/types\/post"}],"author":[{"embeddable":true,"href":"https:\/\/www.villaeducativa.edu.mx\/newspaper\/index.php?rest_route=\/wp\/v2\/users\/2"}],"replies":[{"embeddable":true,"href":"https:\/\/www.villaeducativa.edu.mx\/newspaper\/index.php?rest_route=%2Fwp%2Fv2%2Fcomments&post=152596"}],"version-history":[{"count":2,"href":"https:\/\/www.villaeducativa.edu.mx\/newspaper\/index.php?rest_route=\/wp\/v2\/posts\/152596\/revisions"}],"predecessor-version":[{"id":152604,"href":"https:\/\/www.villaeducativa.edu.mx\/newspaper\/index.php?rest_route=\/wp\/v2\/posts\/152596\/revisions\/152604"}],"wp:featuredmedia":[{"embeddable":true,"href":"https:\/\/www.villaeducativa.edu.mx\/newspaper\/index.php?rest_route=\/wp\/v2\/media\/152603"}],"wp:attachment":[{"href":"https:\/\/www.villaeducativa.edu.mx\/newspaper\/index.php?rest_route=%2Fwp%2Fv2%2Fmedia&parent=152596"}],"wp:term":[{"taxonomy":"category","embeddable":true,"href":"https:\/\/www.villaeducativa.edu.mx\/newspaper\/index.php?rest_route=%2Fwp%2Fv2%2Fcategories&post=152596"},{"taxonomy":"post_tag","embeddable":true,"href":"https:\/\/www.villaeducativa.edu.mx\/newspaper\/index.php?rest_route=%2Fwp%2Fv2%2Ftags&post=152596"}],"curies":[{"name":"wp","href":"https:\/\/api.w.org\/{rel}","templated":true}]}}