{"id":152487,"date":"2026-01-20T09:00:00","date_gmt":"2026-01-20T15:00:00","guid":{"rendered":"https:\/\/www.villaeducativa.edu.mx\/newspaper\/?p=152487"},"modified":"2026-01-19T18:43:15","modified_gmt":"2026-01-20T00:43:15","slug":"our-sing-along-is-coming-soon-2","status":"publish","type":"post","link":"https:\/\/www.villaeducativa.edu.mx\/newspaper\/?p=152487","title":{"rendered":"Our Sing Along Is Coming Soon!"},"content":{"rendered":"\n<p>Dear families,<\/p>\n\n\n\n<p>We are very happy to invite you to join us for our upcoming Nursery Sing Along, a special moment where our little ones will enjoy sharing music, singing, and dancing with you.<\/p>\n\n\n\n<p>We look forward to seeing you on January 26th at the following times:<br><strong>\ud83d\udd52 1:45 p.m.<br>\ud83d\udd53 2:45 p.m.<\/strong><\/p>\n\n\n\n<p><strong>Remember that your attendance time will depend on your program.<\/strong><\/p>\n\n\n\n<p><strong>\ud83c\udfb5 <em>\u201cSing, sing, sing with me, let\u2019s dance happily!\u201d<\/em><\/strong><\/p>\n\n\n\n<p>We can\u2019t wait to share this lovely moment with you and our children!<\/p>\n\n\n\n<hr class=\"wp-block-separator\"\/>\n\n\n\n<p><em><strong>\u00a1Se acerca nuestro Sing Along!&nbsp;<\/strong><br>Queridas familias,<\/em><\/p>\n\n\n\n<p><em>Con mucha alegr\u00eda queremos invitarlos a acompa\u00f1arnos en nuestro pr\u00f3ximo Sing Along de Nursery, un momento muy especial en el que nuestros peque\u00f1os podr\u00e1n compartir con ustedes su entusiasmo por la m\u00fasica, el canto y el baile.<\/em><\/p>\n\n\n\n<p><em>Los esperamos el lunes 26 de enero para cantar y bailar juntos en los siguientes horarios:<\/em><br><strong>\ud83d\udd52<em> 1:45 p.m.<\/em><br>\ud83d\udd53 <em>2:45 p.m.<\/em><\/strong><\/p>\n\n\n\n<p><strong><em>Recuerde que el horario de sus asistencia depender\u00e1 de su programa.<\/em><\/strong><\/p>\n\n\n\n<p><strong>\ud83c\udfb5 <em>\u201cLa la la, clap clap clap, \u00a1cantamos juntos sin parar!\u201d<\/em><\/strong><strong> <\/strong><\/p>\n\n\n\n<p><em>\u00a1No falten! Su presencia har\u00e1 este momento a\u00fan m\u00e1s especial para nuestros peque\u00f1os.<\/em><\/p>\n\n\n\n<p><span class=\"has-inline-color has-vivid-cyan-blue-color\"><strong>Yustine Sandoval&nbsp;<\/strong><em><br>Happy Nursery Coordinator<\/em><\/span><\/p>\n","protected":false},"excerpt":{"rendered":"<p>Dear families, We are very happy to invite you to join us for our upcoming Nursery Sing Along, a special moment where our little ones will enjoy sharing music, singing, and dancing with you. We look forward to seeing you on January 26th at the following times:\ud83d\udd52 1:45 p.m.\ud83d\udd53 2:45&hellip; <\/p>\n","protected":false},"author":2,"featured_media":143952,"comment_status":"closed","ping_status":"closed","sticky":false,"template":"","format":"standard","meta":{"ngg_post_thumbnail":0},"categories":[71],"tags":[],"_links":{"self":[{"href":"https:\/\/www.villaeducativa.edu.mx\/newspaper\/index.php?rest_route=\/wp\/v2\/posts\/152487"}],"collection":[{"href":"https:\/\/www.villaeducativa.edu.mx\/newspaper\/index.php?rest_route=\/wp\/v2\/posts"}],"about":[{"href":"https:\/\/www.villaeducativa.edu.mx\/newspaper\/index.php?rest_route=\/wp\/v2\/types\/post"}],"author":[{"embeddable":true,"href":"https:\/\/www.villaeducativa.edu.mx\/newspaper\/index.php?rest_route=\/wp\/v2\/users\/2"}],"replies":[{"embeddable":true,"href":"https:\/\/www.villaeducativa.edu.mx\/newspaper\/index.php?rest_route=%2Fwp%2Fv2%2Fcomments&post=152487"}],"version-history":[{"count":3,"href":"https:\/\/www.villaeducativa.edu.mx\/newspaper\/index.php?rest_route=\/wp\/v2\/posts\/152487\/revisions"}],"predecessor-version":[{"id":152678,"href":"https:\/\/www.villaeducativa.edu.mx\/newspaper\/index.php?rest_route=\/wp\/v2\/posts\/152487\/revisions\/152678"}],"wp:featuredmedia":[{"embeddable":true,"href":"https:\/\/www.villaeducativa.edu.mx\/newspaper\/index.php?rest_route=\/wp\/v2\/media\/143952"}],"wp:attachment":[{"href":"https:\/\/www.villaeducativa.edu.mx\/newspaper\/index.php?rest_route=%2Fwp%2Fv2%2Fmedia&parent=152487"}],"wp:term":[{"taxonomy":"category","embeddable":true,"href":"https:\/\/www.villaeducativa.edu.mx\/newspaper\/index.php?rest_route=%2Fwp%2Fv2%2Fcategories&post=152487"},{"taxonomy":"post_tag","embeddable":true,"href":"https:\/\/www.villaeducativa.edu.mx\/newspaper\/index.php?rest_route=%2Fwp%2Fv2%2Ftags&post=152487"}],"curies":[{"name":"wp","href":"https:\/\/api.w.org\/{rel}","templated":true}]}}