{"id":151910,"date":"2026-01-13T09:23:00","date_gmt":"2026-01-13T15:23:00","guid":{"rendered":"https:\/\/www.villaeducativa.edu.mx\/newspaper\/?p=151910"},"modified":"2026-01-13T08:34:15","modified_gmt":"2026-01-13T14:34:15","slug":"escuela-para-padres-berrinches-comprender-para-acompanar","status":"publish","type":"post","link":"https:\/\/www.villaeducativa.edu.mx\/newspaper\/?p=151910","title":{"rendered":"Escuela para Padres: \u201cBerrinches: comprender para acompa\u00f1ar\u201d"},"content":{"rendered":"\n<p>Los berrinches son una etapa natural del desarrollo infantil, pero tambi\u00e9n uno de los retos m\u00e1s comunes en la crianza. Comprender qu\u00e9 los detona y c\u00f3mo acompa\u00f1ar a nuestros hijos de manera respetuosa y efectiva marca una gran diferencia en su desarrollo emocional.<\/p>\n\n\n\n<p>Por ello, los invitamos a nuestra pr\u00f3xima conferencia de Escuela para Padres, donde Paty Mier, especialista en acompa\u00f1amiento infantil, nos brindar\u00e1 herramientas pr\u00e1cticas para entender los berrinches desde la madurez emocional del ni\u00f1o, establecer l\u00edmites claros y fortalecer el v\u00ednculo familiar sin recurrir a din\u00e1micas de confrontaci\u00f3n.<\/p>\n\n\n\n<ul><li>Fecha: 27 de enero<\/li><li>Horario: 6:30 p.m.<\/li><li>Modalidad:  <img loading=\"lazy\" width=\"103\" height=\"110\" class=\"wp-image-68771\" style=\"width: 20px;\" src=\"http:\/\/www.villaeducativa.edu.mx\/newspaper\/wp-content\/uploads\/2022\/03\/meet1.jpg\" alt=\"icono meet1\"> <a href=\"https:\/\/meet.google.com\/erf-brqp-ucc\"><strong><span class=\"has-inline-color has-vivid-cyan-blue-color\">V\u00eda Google Meet<\/span><\/strong><\/a><\/li><\/ul>\n\n\n\n<p>Una charla imperdible para acompa\u00f1ar esta etapa con mayor seguridad, empat\u00eda y confianza.<\/p>\n\n\n\n<p>\u00a1Los esperamos!<\/p>\n\n\n\n<p><span class=\"has-inline-color has-vivid-cyan-blue-color\"><strong>Jacive Monroy<\/strong><br><em>Coordinaci\u00f3n Operativa<\/em><\/span><\/p>\n\n\n\n<div class=\"wp-block-image\"><figure class=\"aligncenter size-large is-resized\"><a href=\"https:\/\/www.villaeducativa.edu.mx\/newspaper\/wp-content\/uploads\/2026\/01\/Berrinches.jpg\"><img loading=\"lazy\" src=\"https:\/\/www.villaeducativa.edu.mx\/newspaper\/wp-content\/uploads\/2026\/01\/Berrinches-576x1024.jpg\" alt=\"\" class=\"wp-image-151913\" width=\"327\" height=\"582\" srcset=\"https:\/\/www.villaeducativa.edu.mx\/newspaper\/wp-content\/uploads\/2026\/01\/Berrinches-576x1024.jpg 576w, https:\/\/www.villaeducativa.edu.mx\/newspaper\/wp-content\/uploads\/2026\/01\/Berrinches-169x300.jpg 169w, https:\/\/www.villaeducativa.edu.mx\/newspaper\/wp-content\/uploads\/2026\/01\/Berrinches-768x1365.jpg 768w, https:\/\/www.villaeducativa.edu.mx\/newspaper\/wp-content\/uploads\/2026\/01\/Berrinches-600x1066.jpg 600w, https:\/\/www.villaeducativa.edu.mx\/newspaper\/wp-content\/uploads\/2026\/01\/Berrinches.jpg 844w\" sizes=\"(max-width: 327px) 100vw, 327px\" \/><\/a><\/figure><\/div>\n\n\n\n<p><\/p>\n","protected":false},"excerpt":{"rendered":"<p>Los berrinches son una etapa natural del desarrollo infantil, pero tambi\u00e9n uno de los retos m\u00e1s comunes en la crianza. Comprender qu\u00e9 los detona y c\u00f3mo acompa\u00f1ar a nuestros hijos de manera respetuosa y efectiva marca una gran diferencia en su desarrollo emocional. Por ello, los invitamos a nuestra pr\u00f3xima&hellip; <\/p>\n","protected":false},"author":2,"featured_media":151912,"comment_status":"closed","ping_status":"closed","sticky":false,"template":"","format":"standard","meta":{"ngg_post_thumbnail":0},"categories":[17],"tags":[],"_links":{"self":[{"href":"https:\/\/www.villaeducativa.edu.mx\/newspaper\/index.php?rest_route=\/wp\/v2\/posts\/151910"}],"collection":[{"href":"https:\/\/www.villaeducativa.edu.mx\/newspaper\/index.php?rest_route=\/wp\/v2\/posts"}],"about":[{"href":"https:\/\/www.villaeducativa.edu.mx\/newspaper\/index.php?rest_route=\/wp\/v2\/types\/post"}],"author":[{"embeddable":true,"href":"https:\/\/www.villaeducativa.edu.mx\/newspaper\/index.php?rest_route=\/wp\/v2\/users\/2"}],"replies":[{"embeddable":true,"href":"https:\/\/www.villaeducativa.edu.mx\/newspaper\/index.php?rest_route=%2Fwp%2Fv2%2Fcomments&post=151910"}],"version-history":[{"count":3,"href":"https:\/\/www.villaeducativa.edu.mx\/newspaper\/index.php?rest_route=\/wp\/v2\/posts\/151910\/revisions"}],"predecessor-version":[{"id":151921,"href":"https:\/\/www.villaeducativa.edu.mx\/newspaper\/index.php?rest_route=\/wp\/v2\/posts\/151910\/revisions\/151921"}],"wp:featuredmedia":[{"embeddable":true,"href":"https:\/\/www.villaeducativa.edu.mx\/newspaper\/index.php?rest_route=\/wp\/v2\/media\/151912"}],"wp:attachment":[{"href":"https:\/\/www.villaeducativa.edu.mx\/newspaper\/index.php?rest_route=%2Fwp%2Fv2%2Fmedia&parent=151910"}],"wp:term":[{"taxonomy":"category","embeddable":true,"href":"https:\/\/www.villaeducativa.edu.mx\/newspaper\/index.php?rest_route=%2Fwp%2Fv2%2Fcategories&post=151910"},{"taxonomy":"post_tag","embeddable":true,"href":"https:\/\/www.villaeducativa.edu.mx\/newspaper\/index.php?rest_route=%2Fwp%2Fv2%2Ftags&post=151910"}],"curies":[{"name":"wp","href":"https:\/\/api.w.org\/{rel}","templated":true}]}}