{"id":150812,"date":"2025-12-16T07:23:00","date_gmt":"2025-12-16T13:23:00","guid":{"rendered":"https:\/\/www.villaeducativa.edu.mx\/newspaper\/?p=150812"},"modified":"2026-01-12T16:41:37","modified_gmt":"2026-01-12T22:41:37","slug":"rumbo-al-campeonato-nacional-colegial","status":"publish","type":"post","link":"https:\/\/www.villaeducativa.edu.mx\/newspaper\/?p=150812","title":{"rendered":"\u00a1Rumbo al Campeonato Nacional Colegial!"},"content":{"rendered":"\n<p><em><strong>\u201cUna meta sin un plan es solo un deseo<em><strong>\u201c<\/strong><\/em>.<\/strong><\/em><\/p>\n\n\n\n<p>Despu\u00e9s de una breve pausa en la que preparamos con mucho amor y entusiasmo nuestra rutina navide\u00f1a, nuestras porristas se preparan para entrar en la fase de preparaci\u00f3n para nuestra siguiente competencia: El Campeonato Nacional Colegial.<\/p>\n\n\n\n<p>Este nuevo desaf\u00edo pondr\u00e1 a prueba a las mejores escuelas del pa\u00eds en el mismo escenario. Nuestras queridas porristas de Cheer Villa est\u00e1n listas para probarse una vez m\u00e1s y representar a nuestra escuela en uno de los mejores escenarios de M\u00e9xico.<\/p>\n\n\n\n<p>Durante nuestra primera fase de preparaci\u00f3n para esta competencia, nuestras ni\u00f1as establecieron sus metas, reconocieron sus \u00e1reas de oportunidad y celebraron sus fortalezas. El trabajo diario estuvo enfocado en fortalecer su cuerpo y pulir sus habilidades para dar el siguiente paso y comenzar a preparar su rutina.<\/p>\n\n\n\n<p>\u00a1Estamos muy emocionadas por esta aventura que est\u00e1 por comenzar! Pr\u00f3ximamente compartiremos m\u00e1s informaci\u00f3n.<\/p>\n\n\n\n<div class=\"wp-block-image\"><figure class=\"aligncenter size-large is-resized\"><img loading=\"lazy\" src=\"https:\/\/www.villaeducativa.edu.mx\/newspaper\/wp-content\/uploads\/2025\/12\/image-1024x576.png\" alt=\"\" class=\"wp-image-150813\" width=\"768\" height=\"432\" srcset=\"https:\/\/www.villaeducativa.edu.mx\/newspaper\/wp-content\/uploads\/2025\/12\/image-1024x576.png 1024w, https:\/\/www.villaeducativa.edu.mx\/newspaper\/wp-content\/uploads\/2025\/12\/image-300x169.png 300w, https:\/\/www.villaeducativa.edu.mx\/newspaper\/wp-content\/uploads\/2025\/12\/image-768x432.png 768w, https:\/\/www.villaeducativa.edu.mx\/newspaper\/wp-content\/uploads\/2025\/12\/image-600x338.png 600w, https:\/\/www.villaeducativa.edu.mx\/newspaper\/wp-content\/uploads\/2025\/12\/image-1536x864.png 1536w, https:\/\/www.villaeducativa.edu.mx\/newspaper\/wp-content\/uploads\/2025\/12\/image.png 1600w\" sizes=\"(max-width: 768px) 100vw, 768px\" \/><\/figure><\/div>\n\n\n\n<p>El costo de la inscripci\u00f3n se har\u00e1 en dos pagos de $800 pesos cada uno.<\/p>\n\n\n\n<p><strong>1er pago: <\/strong>19 al 23 de enero<br>2<strong>do pago: <\/strong>16 al 20 de febrero<\/p>\n\n\n\n<p>*Es muy importante cubrir los pagos en estas fechas, ya que con eso garantizamos que nos respeten el lugar y el costo.<\/p>\n\n\n\n<p> Formato Cheer PB<br><img loading=\"lazy\" width=\"1024\" height=\"1024\" class=\"wp-image-60006\" style=\"width: 30px;\" src=\"http:\/\/www.villaeducativa.edu.mx\/newspaper\/wp-content\/uploads\/2021\/08\/Forms_Product_Icon_512dp@2x.png\" alt=\"\" srcset=\"https:\/\/www.villaeducativa.edu.mx\/newspaper\/wp-content\/uploads\/2021\/08\/Forms_Product_Icon_512dp@2x.png 1024w, https:\/\/www.villaeducativa.edu.mx\/newspaper\/wp-content\/uploads\/2021\/08\/Forms_Product_Icon_512dp@2x-300x300.png 300w, https:\/\/www.villaeducativa.edu.mx\/newspaper\/wp-content\/uploads\/2021\/08\/Forms_Product_Icon_512dp@2x-150x150.png 150w, https:\/\/www.villaeducativa.edu.mx\/newspaper\/wp-content\/uploads\/2021\/08\/Forms_Product_Icon_512dp@2x-768x768.png 768w, https:\/\/www.villaeducativa.edu.mx\/newspaper\/wp-content\/uploads\/2021\/08\/Forms_Product_Icon_512dp@2x-600x600.png 600w, https:\/\/www.villaeducativa.edu.mx\/newspaper\/wp-content\/uploads\/2021\/08\/Forms_Product_Icon_512dp@2x-100x100.png 100w\" sizes=\"(max-width: 1024px) 100vw, 1024px\" \/><a href=\"https:\/\/forms.gle\/Ug9oYSN9ekEgfwju5\">Confirmaci\u00f3n de Participaci\u00f3n PB<\/a><\/p>\n\n\n\n<p>Formato Cheer PA<br><img loading=\"lazy\" width=\"1024\" height=\"1024\" class=\"wp-image-60006\" style=\"width: 30px;\" src=\"http:\/\/www.villaeducativa.edu.mx\/newspaper\/wp-content\/uploads\/2021\/08\/Forms_Product_Icon_512dp@2x.png\" alt=\"\" srcset=\"https:\/\/www.villaeducativa.edu.mx\/newspaper\/wp-content\/uploads\/2021\/08\/Forms_Product_Icon_512dp@2x.png 1024w, https:\/\/www.villaeducativa.edu.mx\/newspaper\/wp-content\/uploads\/2021\/08\/Forms_Product_Icon_512dp@2x-300x300.png 300w, https:\/\/www.villaeducativa.edu.mx\/newspaper\/wp-content\/uploads\/2021\/08\/Forms_Product_Icon_512dp@2x-150x150.png 150w, https:\/\/www.villaeducativa.edu.mx\/newspaper\/wp-content\/uploads\/2021\/08\/Forms_Product_Icon_512dp@2x-768x768.png 768w, https:\/\/www.villaeducativa.edu.mx\/newspaper\/wp-content\/uploads\/2021\/08\/Forms_Product_Icon_512dp@2x-600x600.png 600w, https:\/\/www.villaeducativa.edu.mx\/newspaper\/wp-content\/uploads\/2021\/08\/Forms_Product_Icon_512dp@2x-100x100.png 100w\" sizes=\"(max-width: 1024px) 100vw, 1024px\" \/><a href=\"https:\/\/forms.gle\/WvtGQYj8Bp5tefYi6\">Confirmaci\u00f3n de Participaci\u00f3n PA<\/a><\/p>\n\n\n\n<p><strong><span class=\"has-inline-color has-vivid-cyan-blue-color\">Pao S\u00e1nchez<br><\/span><\/strong><span class=\"has-inline-color has-vivid-cyan-blue-color\"><em>Cheer Coach<\/em><\/span><\/p>\n","protected":false},"excerpt":{"rendered":"<p>\u201cUna meta sin un plan es solo un deseo\u201c. Despu\u00e9s de una breve pausa en la que preparamos con mucho amor y entusiasmo nuestra rutina navide\u00f1a, nuestras porristas se preparan para entrar en la fase de preparaci\u00f3n para nuestra siguiente competencia: El Campeonato Nacional Colegial. Este nuevo desaf\u00edo pondr\u00e1 a&hellip; <\/p>\n","protected":false},"author":2,"featured_media":150814,"comment_status":"closed","ping_status":"closed","sticky":false,"template":"","format":"standard","meta":{"ngg_post_thumbnail":0},"categories":[5],"tags":[],"_links":{"self":[{"href":"https:\/\/www.villaeducativa.edu.mx\/newspaper\/index.php?rest_route=\/wp\/v2\/posts\/150812"}],"collection":[{"href":"https:\/\/www.villaeducativa.edu.mx\/newspaper\/index.php?rest_route=\/wp\/v2\/posts"}],"about":[{"href":"https:\/\/www.villaeducativa.edu.mx\/newspaper\/index.php?rest_route=\/wp\/v2\/types\/post"}],"author":[{"embeddable":true,"href":"https:\/\/www.villaeducativa.edu.mx\/newspaper\/index.php?rest_route=\/wp\/v2\/users\/2"}],"replies":[{"embeddable":true,"href":"https:\/\/www.villaeducativa.edu.mx\/newspaper\/index.php?rest_route=%2Fwp%2Fv2%2Fcomments&post=150812"}],"version-history":[{"count":2,"href":"https:\/\/www.villaeducativa.edu.mx\/newspaper\/index.php?rest_route=\/wp\/v2\/posts\/150812\/revisions"}],"predecessor-version":[{"id":151896,"href":"https:\/\/www.villaeducativa.edu.mx\/newspaper\/index.php?rest_route=\/wp\/v2\/posts\/150812\/revisions\/151896"}],"wp:featuredmedia":[{"embeddable":true,"href":"https:\/\/www.villaeducativa.edu.mx\/newspaper\/index.php?rest_route=\/wp\/v2\/media\/150814"}],"wp:attachment":[{"href":"https:\/\/www.villaeducativa.edu.mx\/newspaper\/index.php?rest_route=%2Fwp%2Fv2%2Fmedia&parent=150812"}],"wp:term":[{"taxonomy":"category","embeddable":true,"href":"https:\/\/www.villaeducativa.edu.mx\/newspaper\/index.php?rest_route=%2Fwp%2Fv2%2Fcategories&post=150812"},{"taxonomy":"post_tag","embeddable":true,"href":"https:\/\/www.villaeducativa.edu.mx\/newspaper\/index.php?rest_route=%2Fwp%2Fv2%2Ftags&post=150812"}],"curies":[{"name":"wp","href":"https:\/\/api.w.org\/{rel}","templated":true}]}}