{"id":150743,"date":"2025-12-16T09:30:00","date_gmt":"2025-12-16T15:30:00","guid":{"rendered":"https:\/\/www.villaeducativa.edu.mx\/newspaper\/?p=150743"},"modified":"2025-12-16T15:26:32","modified_gmt":"2025-12-16T21:26:32","slug":"magical-xmas-parque-aztlan","status":"publish","type":"post","link":"https:\/\/www.villaeducativa.edu.mx\/newspaper\/?p=150743","title":{"rendered":"Magical X&#8217;mas @ Parque Aztl\u00e1n"},"content":{"rendered":"\n<p>Celebramos la navidad en grande con un evento muy emotivo con canciones, bailables y bandas tocando en vivo, pero sobre todo con familias enteras conviviendo, disfrutando de los juegos y valorando el poder estar juntos.<\/p>\n\n\n\n<p>Un agradecimiento especial a<\/p>\n\n\n\n<ul><li><strong>Teacher Roberto Borges<\/strong>, dise\u00f1ador de la escenograf\u00eda y a todos los profesores de las diferentes \u00e1reas que nos ayudaron a elaborarla.<\/li><li><strong>Miss Jacive Monroy<\/strong>, Coordinadora Operativa y su&nbsp;<strong>equipo de Mantenimiento<\/strong>&nbsp;quienes montaron el escenario durante la madrugada del viernes.<\/li><li><strong>Prof Mario Cruz y Prox. Axel Ordaz<\/strong>&nbsp;por las grabaciones y bandas en vivo.<\/li><li><strong>Miss Fernanda Flores<\/strong>, core\u00f3grafa de Villa High y a todas las maestras de todos los niveles que de forma muy entusiasta dise\u00f1aron y ensayaron coreograf\u00edas con sus alumnos.<\/li><li><strong>Miss Paola S\u00e1nchez y Miss&nbsp;Emma Fajardo<\/strong>,&nbsp;coaches de Cheer and Dance.<\/li><li><strong>Miss Carlie Garc\u00eda y Miss Lupita G\u00e1lvez<\/strong>, dise\u00f1o de vestuario.<\/li><\/ul>\n\n\n\n<p>Muchas gracias a todas las familias por su participaci\u00f3n para hacer posible este gran evento.<\/p>\n\n\n\n<p><strong><em>Galer\u00edas del evento:<\/em><\/strong><\/p>\n\n\n\n<ul><li><a rel=\"noreferrer noopener\" href=\"https:\/\/www.villaeducativa.edu.mx\/newspaper\/?page_id=150823\" target=\"_blank\"><strong><span class=\"has-inline-color has-vivid-cyan-blue-color\">Galer\u00eda Nursery y Kinder 1<\/span><\/strong><\/a><\/li><li><a rel=\"noreferrer noopener\" href=\"https:\/\/www.villaeducativa.edu.mx\/newspaper\/?page_id=150976\" target=\"_blank\"><strong><span class=\"has-inline-color has-vivid-cyan-blue-color\">Galer\u00eda Kinder 2<\/span><\/strong><\/a><\/li><li><a rel=\"noreferrer noopener\" href=\"https:\/\/www.villaeducativa.edu.mx\/newspaper\/?page_id=151067\" target=\"_blank\"><strong><span class=\"has-inline-color has-vivid-cyan-blue-color\">Galer\u00eda Kinder 3<\/span><\/strong><\/a><\/li><li><a rel=\"noreferrer noopener\" href=\"https:\/\/www.villaeducativa.edu.mx\/newspaper\/?page_id=151133(abre en una nueva pesta\u00f1a)\" target=\"_blank\"><strong><span class=\"has-inline-color has-vivid-cyan-blue-color\">Galer\u00eda Villa Educativa 1o<\/span><\/strong><\/a><\/li><li><strong><a rel=\"noreferrer noopener\" href=\"https:\/\/www.villaeducativa.edu.mx\/newspaper\/?page_id=151180\" target=\"_blank\"><span class=\"has-inline-color has-vivid-cyan-blue-color\">Galer\u00eda Villa Educativa 2o<\/span><\/a><\/strong><\/li><li><strong><a rel=\"noreferrer noopener\" href=\"https:\/\/www.villaeducativa.edu.mx\/newspaper\/?page_id=151334\" target=\"_blank\"><span class=\"has-inline-color has-vivid-cyan-blue-color\">Galer\u00eda Villa Educativa 3o<\/span><\/a><\/strong><\/li><li><strong><a rel=\"noreferrer noopener\" href=\"https:\/\/www.villaeducativa.edu.mx\/newspaper\/?page_id=151338\" target=\"_blank\"><span class=\"has-inline-color has-vivid-cyan-blue-color\">Galer\u00eda Villa Educativa 4o<\/span><\/a><\/strong><\/li><li><strong><a rel=\"noreferrer noopener\" href=\"https:\/\/www.villaeducativa.edu.mx\/newspaper\/?page_id=151341\" target=\"_blank\"><span class=\"has-inline-color has-vivid-cyan-blue-color\">Galer\u00eda Villa Educativa 5o<\/span><\/a><\/strong><\/li><li><a rel=\"noreferrer noopener\" href=\"https:\/\/www.villaeducativa.edu.mx\/newspaper\/?page_id=151401\" target=\"_blank\"><strong><span class=\"has-inline-color has-vivid-cyan-blue-color\">Galer\u00eda Villa Educativa 6o<\/span><\/strong><\/a><\/li><li><a rel=\"noreferrer noopener\" href=\"https:\/\/www.villaeducativa.edu.mx\/newspaper\/?page_id=151405\" target=\"_blank\"><strong><span class=\"has-inline-color has-vivid-cyan-blue-color\">Galer\u00eda Villa High<\/span><\/strong><\/a><\/li><li><strong><a rel=\"noreferrer noopener\" href=\"https:\/\/www.villaeducativa.edu.mx\/newspaper\/?page_id=151471\" target=\"_blank\"><span class=\"has-inline-color has-vivid-cyan-blue-color\">Galer\u00eda Cheer &amp; Dance<\/span><\/a><\/strong><\/li><li><a rel=\"noreferrer noopener\" href=\"https:\/\/www.villaeducativa.edu.mx\/newspaper\/?page_id=151549\" target=\"_blank\"><strong><span class=\"has-inline-color has-vivid-cyan-blue-color\">Galer\u00eda M\u00fasica Bandas Villa High y Club<\/span><\/strong><\/a><\/li><\/ul>\n\n\n\n<p class=\"has-text-align-center\"><strong><span class=\"has-inline-color has-vivid-cyan-blue-color\">Lorena Esparza Villa<br><\/span><\/strong><em><span class=\"has-inline-color has-vivid-cyan-blue-color\">Directora General<\/span><\/em><br><br><img loading=\"lazy\" width=\"800\" height=\"66\" class=\"wp-image-138450\" style=\"width: 150px;\" src=\"http:\/\/www.villaeducativa.edu.mx\/newspaper\/wp-content\/uploads\/2025\/08\/logos-todos.jpg\" alt=\"\" srcset=\"https:\/\/www.villaeducativa.edu.mx\/newspaper\/wp-content\/uploads\/2025\/08\/logos-todos.jpg 800w, https:\/\/www.villaeducativa.edu.mx\/newspaper\/wp-content\/uploads\/2025\/08\/logos-todos-300x25.jpg 300w, https:\/\/www.villaeducativa.edu.mx\/newspaper\/wp-content\/uploads\/2025\/08\/logos-todos-768x63.jpg 768w, https:\/\/www.villaeducativa.edu.mx\/newspaper\/wp-content\/uploads\/2025\/08\/logos-todos-600x50.jpg 600w\" sizes=\"(max-width: 800px) 100vw, 800px\" \/><br><\/p>\n","protected":false},"excerpt":{"rendered":"<p>Celebramos la navidad en grande con un evento muy emotivo con canciones, bailables y bandas tocando en vivo, pero sobre todo con familias enteras conviviendo, disfrutando de los juegos y valorando el poder estar juntos. Muchas gracias a todas las familias por su participaci\u00f3n para hacer posible este gran evento.<\/p>\n","protected":false},"author":2,"featured_media":150744,"comment_status":"closed","ping_status":"closed","sticky":false,"template":"","format":"standard","meta":{"ngg_post_thumbnail":0},"categories":[17],"tags":[],"_links":{"self":[{"href":"https:\/\/www.villaeducativa.edu.mx\/newspaper\/index.php?rest_route=\/wp\/v2\/posts\/150743"}],"collection":[{"href":"https:\/\/www.villaeducativa.edu.mx\/newspaper\/index.php?rest_route=\/wp\/v2\/posts"}],"about":[{"href":"https:\/\/www.villaeducativa.edu.mx\/newspaper\/index.php?rest_route=\/wp\/v2\/types\/post"}],"author":[{"embeddable":true,"href":"https:\/\/www.villaeducativa.edu.mx\/newspaper\/index.php?rest_route=\/wp\/v2\/users\/2"}],"replies":[{"embeddable":true,"href":"https:\/\/www.villaeducativa.edu.mx\/newspaper\/index.php?rest_route=%2Fwp%2Fv2%2Fcomments&post=150743"}],"version-history":[{"count":20,"href":"https:\/\/www.villaeducativa.edu.mx\/newspaper\/index.php?rest_route=\/wp\/v2\/posts\/150743\/revisions"}],"predecessor-version":[{"id":151646,"href":"https:\/\/www.villaeducativa.edu.mx\/newspaper\/index.php?rest_route=\/wp\/v2\/posts\/150743\/revisions\/151646"}],"wp:featuredmedia":[{"embeddable":true,"href":"https:\/\/www.villaeducativa.edu.mx\/newspaper\/index.php?rest_route=\/wp\/v2\/media\/150744"}],"wp:attachment":[{"href":"https:\/\/www.villaeducativa.edu.mx\/newspaper\/index.php?rest_route=%2Fwp%2Fv2%2Fmedia&parent=150743"}],"wp:term":[{"taxonomy":"category","embeddable":true,"href":"https:\/\/www.villaeducativa.edu.mx\/newspaper\/index.php?rest_route=%2Fwp%2Fv2%2Fcategories&post=150743"},{"taxonomy":"post_tag","embeddable":true,"href":"https:\/\/www.villaeducativa.edu.mx\/newspaper\/index.php?rest_route=%2Fwp%2Fv2%2Ftags&post=150743"}],"curies":[{"name":"wp","href":"https:\/\/api.w.org\/{rel}","templated":true}]}}