{"id":150738,"date":"2025-12-16T09:20:00","date_gmt":"2025-12-16T15:20:00","guid":{"rendered":"https:\/\/www.villaeducativa.edu.mx\/newspaper\/?p=150738"},"modified":"2025-12-15T19:15:53","modified_gmt":"2025-12-16T01:15:53","slug":"escuela-para-padres-la-nueva-trampa-de-la-nicotina-los-cigarros-electronicos-2","status":"publish","type":"post","link":"https:\/\/www.villaeducativa.edu.mx\/newspaper\/?p=150738","title":{"rendered":"Escuela para Padres: \u201cLa nueva trampa de la nicotina\u2026 los cigarros electr\u00f3nicos\u201d"},"content":{"rendered":"\n<p>Estimadas familias:<\/p>\n\n\n\n<p>Les recordamos que el d\u00eda de hoy, 16 de diciembre, se llevar\u00e1 a cabo la conferencia \u201cLa nueva trampa de la nicotina\u2026 los cigarros electr\u00f3nicos\u201d, dirigida a los pap\u00e1s de sexto de primaria y a los alumnos de Villa High.<\/p>\n\n\n\n<p>La sesi\u00f3n ser\u00e1 impartida por la Lic. Isabel S\u00e1inz, Terapeuta y Directora Comercial de la Cl\u00ednica para dejar de fumar Allen Carr, instituci\u00f3n con presencia internacional y m\u00e1s de 150 sucursales en el mundo, reconocida por su m\u00e9todo especializado para dejar de fumar sin ansiedad ni reca\u00eddas.<\/p>\n\n\n\n<p>La conferencia se realizar\u00e1 en formato virtual a las 6:30 p.m., como parte de nuestras acciones de formaci\u00f3n, prevenci\u00f3n y acompa\u00f1amiento para el bienestar integral de nuestros alumnos.<\/p>\n\n\n\n<p><img loading=\"lazy\" width=\"460\" height=\"446\" class=\"wp-image-59873\" style=\"width: 30px;\" src=\"http:\/\/www.villaeducativa.edu.mx\/newspaper\/wp-content\/uploads\/2021\/08\/ico_meet.png\" alt=\"\" srcset=\"https:\/\/www.villaeducativa.edu.mx\/newspaper\/wp-content\/uploads\/2021\/08\/ico_meet.png 460w, https:\/\/www.villaeducativa.edu.mx\/newspaper\/wp-content\/uploads\/2021\/08\/ico_meet-300x291.png 300w\" sizes=\"(max-width: 460px) 100vw, 460px\" \/> <a href=\"https:\/\/meet.google.com\/erf-brqp-ucc\"><strong><em>Virtual<\/em><\/strong><\/a><\/p>\n\n\n\n<p>Agradecemos su inter\u00e9s y participaci\u00f3n en este importante espacio de reflexi\u00f3n y prevenci\u00f3n<strong>.<\/strong><\/p>\n\n\n\n<p><span class=\"has-inline-color has-vivid-cyan-blue-color\"><strong>Jacive Monroy\u00a0<\/strong><br><em>Coordinaci\u00f3n Operativa<\/em><\/span><\/p>\n","protected":false},"excerpt":{"rendered":"<p>Estimadas familias: Les recordamos que el d\u00eda de hoy, 16 de diciembre, se llevar\u00e1 a cabo la conferencia \u201cLa nueva trampa de la nicotina\u2026 los cigarros electr\u00f3nicos\u201d, dirigida a los pap\u00e1s de sexto de primaria y a los alumnos de Villa High. La sesi\u00f3n ser\u00e1 impartida por la Lic. Isabel&hellip; <\/p>\n","protected":false},"author":2,"featured_media":150739,"comment_status":"closed","ping_status":"closed","sticky":false,"template":"","format":"standard","meta":{"ngg_post_thumbnail":0},"categories":[17],"tags":[],"_links":{"self":[{"href":"https:\/\/www.villaeducativa.edu.mx\/newspaper\/index.php?rest_route=\/wp\/v2\/posts\/150738"}],"collection":[{"href":"https:\/\/www.villaeducativa.edu.mx\/newspaper\/index.php?rest_route=\/wp\/v2\/posts"}],"about":[{"href":"https:\/\/www.villaeducativa.edu.mx\/newspaper\/index.php?rest_route=\/wp\/v2\/types\/post"}],"author":[{"embeddable":true,"href":"https:\/\/www.villaeducativa.edu.mx\/newspaper\/index.php?rest_route=\/wp\/v2\/users\/2"}],"replies":[{"embeddable":true,"href":"https:\/\/www.villaeducativa.edu.mx\/newspaper\/index.php?rest_route=%2Fwp%2Fv2%2Fcomments&post=150738"}],"version-history":[{"count":2,"href":"https:\/\/www.villaeducativa.edu.mx\/newspaper\/index.php?rest_route=\/wp\/v2\/posts\/150738\/revisions"}],"predecessor-version":[{"id":150742,"href":"https:\/\/www.villaeducativa.edu.mx\/newspaper\/index.php?rest_route=\/wp\/v2\/posts\/150738\/revisions\/150742"}],"wp:featuredmedia":[{"embeddable":true,"href":"https:\/\/www.villaeducativa.edu.mx\/newspaper\/index.php?rest_route=\/wp\/v2\/media\/150739"}],"wp:attachment":[{"href":"https:\/\/www.villaeducativa.edu.mx\/newspaper\/index.php?rest_route=%2Fwp%2Fv2%2Fmedia&parent=150738"}],"wp:term":[{"taxonomy":"category","embeddable":true,"href":"https:\/\/www.villaeducativa.edu.mx\/newspaper\/index.php?rest_route=%2Fwp%2Fv2%2Fcategories&post=150738"},{"taxonomy":"post_tag","embeddable":true,"href":"https:\/\/www.villaeducativa.edu.mx\/newspaper\/index.php?rest_route=%2Fwp%2Fv2%2Ftags&post=150738"}],"curies":[{"name":"wp","href":"https:\/\/api.w.org\/{rel}","templated":true}]}}