{"id":150715,"date":"2025-12-16T08:10:00","date_gmt":"2025-12-16T14:10:00","guid":{"rendered":"https:\/\/www.villaeducativa.edu.mx\/newspaper\/?p=150715"},"modified":"2025-12-15T19:08:05","modified_gmt":"2025-12-16T01:08:05","slug":"5o-a-creative-look-at-fashion-through-the-voice-of-a-designer","status":"publish","type":"post","link":"https:\/\/www.villaeducativa.edu.mx\/newspaper\/?p=150715","title":{"rendered":"5o: A Creative Look at Fashion Through the Voice of a Designer"},"content":{"rendered":"\n<p>The fifth graders attended an engaging talk by Gabriela Vargas, a professional fashion designer and mother of one of the students, as part of their Atelier project \u201cFashion and Clothing.\u201d She introduced the students to the history of fashion, explaining how clothing has evolved over time and how different cultures have influenced the way people dress.<\/p>\n\n\n\n<p>Gabriela also discussed a variety of fashion styles, showing how designers use colors, shapes, and fabrics to communicate ideas. Her examples helped students understand that fashion is both creative and expressive, allowing people to share their identity through what they wear.<\/p>\n\n\n\n<p>Finally, she highlighted the importance of sustainable clothing, encouraging students to think about recycling fabrics, reducing waste, and making environmentally conscious choices. Her visit not only supported their project but also inspired them to design with responsibility and imagination.<\/p>\n\n\n\n\n\n<div class=\"ngg-galleryoverview ngg-slideshow\"\n\t id=\"ngg-slideshow-31f1f38749d41a2307f802e2b6596636-20402758370\"\n     data-gallery-id=\"31f1f38749d41a2307f802e2b6596636\"\n     style=\"max-width: 600px; max-height: 400px;\">\n\n \t<div id=\"ngg-image-0\" class=\"ngg-gallery-slideshow-image\" style=\"height:400px\">\n\n        <a href=\"https:\/\/www.villaeducativa.edu.mx\/newspaper\/wp-content\/gallery\/18-visitadisenadora5\/20251205_081535.jpg\"\n           title=\"\"\n           data-src=\"https:\/\/www.villaeducativa.edu.mx\/newspaper\/wp-content\/gallery\/18-visitadisenadora5\/20251205_081535.jpg\"\n           data-thumbnail=\"https:\/\/www.villaeducativa.edu.mx\/newspaper\/wp-content\/gallery\/18-visitadisenadora5\/thumbs\/thumbs_20251205_081535.jpg\"\n           data-image-id=\"78237\"\n           data-title=\"20251205_081535\"\n           data-description=\"\"\n           class=\"ngg-fancybox\" rel=\"31f1f38749d41a2307f802e2b6596636\">\n\n            <img data-image-id='78237'\n                 title=\"\"\n                 alt=\"20251205_081535\"\n                 src=\"https:\/\/www.villaeducativa.edu.mx\/newspaper\/wp-content\/gallery\/18-visitadisenadora5\/20251205_081535.jpg\"\n                 style=\"max-height: 380px;\"\/>\n        <\/a>\n\n        <\/div> \n<div id=\"ngg-image-1\" class=\"ngg-gallery-slideshow-image\" style=\"height:400px\">\n\n        <a href=\"https:\/\/www.villaeducativa.edu.mx\/newspaper\/wp-content\/gallery\/18-visitadisenadora5\/IMG20251205101701.jpg\"\n           title=\"\"\n           data-src=\"https:\/\/www.villaeducativa.edu.mx\/newspaper\/wp-content\/gallery\/18-visitadisenadora5\/IMG20251205101701.jpg\"\n           data-thumbnail=\"https:\/\/www.villaeducativa.edu.mx\/newspaper\/wp-content\/gallery\/18-visitadisenadora5\/thumbs\/thumbs_IMG20251205101701.jpg\"\n           data-image-id=\"78238\"\n           data-title=\"IMG20251205101701\"\n           data-description=\"\"\n           class=\"ngg-fancybox\" rel=\"31f1f38749d41a2307f802e2b6596636\">\n\n            <img data-image-id='78238'\n                 title=\"\"\n                 alt=\"IMG20251205101701\"\n                 src=\"https:\/\/www.villaeducativa.edu.mx\/newspaper\/wp-content\/gallery\/18-visitadisenadora5\/IMG20251205101701.jpg\"\n                 style=\"max-height: 380px;\"\/>\n        <\/a>\n\n        <\/div> \n<div id=\"ngg-image-2\" class=\"ngg-gallery-slideshow-image\" style=\"height:400px\">\n\n        <a href=\"https:\/\/www.villaeducativa.edu.mx\/newspaper\/wp-content\/gallery\/18-visitadisenadora5\/20251205_081544.jpg\"\n           title=\"\"\n           data-src=\"https:\/\/www.villaeducativa.edu.mx\/newspaper\/wp-content\/gallery\/18-visitadisenadora5\/20251205_081544.jpg\"\n           data-thumbnail=\"https:\/\/www.villaeducativa.edu.mx\/newspaper\/wp-content\/gallery\/18-visitadisenadora5\/thumbs\/thumbs_20251205_081544.jpg\"\n           data-image-id=\"78239\"\n           data-title=\"20251205_081544\"\n           data-description=\"\"\n           class=\"ngg-fancybox\" rel=\"31f1f38749d41a2307f802e2b6596636\">\n\n            <img data-image-id='78239'\n                 title=\"\"\n                 alt=\"20251205_081544\"\n                 src=\"https:\/\/www.villaeducativa.edu.mx\/newspaper\/wp-content\/gallery\/18-visitadisenadora5\/20251205_081544.jpg\"\n                 style=\"max-height: 380px;\"\/>\n        <\/a>\n\n        <\/div> \n<div id=\"ngg-image-3\" class=\"ngg-gallery-slideshow-image\" style=\"height:400px\">\n\n        <a href=\"https:\/\/www.villaeducativa.edu.mx\/newspaper\/wp-content\/gallery\/18-visitadisenadora5\/20251205_081550.jpg\"\n           title=\"\"\n           data-src=\"https:\/\/www.villaeducativa.edu.mx\/newspaper\/wp-content\/gallery\/18-visitadisenadora5\/20251205_081550.jpg\"\n           data-thumbnail=\"https:\/\/www.villaeducativa.edu.mx\/newspaper\/wp-content\/gallery\/18-visitadisenadora5\/thumbs\/thumbs_20251205_081550.jpg\"\n           data-image-id=\"78240\"\n           data-title=\"20251205_081550\"\n           data-description=\"\"\n           class=\"ngg-fancybox\" rel=\"31f1f38749d41a2307f802e2b6596636\">\n\n            <img data-image-id='78240'\n                 title=\"\"\n                 alt=\"20251205_081550\"\n                 src=\"https:\/\/www.villaeducativa.edu.mx\/newspaper\/wp-content\/gallery\/18-visitadisenadora5\/20251205_081550.jpg\"\n                 style=\"max-height: 380px;\"\/>\n        <\/a>\n\n        <\/div> \n<div id=\"ngg-image-4\" class=\"ngg-gallery-slideshow-image\" style=\"height:400px\">\n\n        <a href=\"https:\/\/www.villaeducativa.edu.mx\/newspaper\/wp-content\/gallery\/18-visitadisenadora5\/20251205_082102.jpg\"\n           title=\"\"\n           data-src=\"https:\/\/www.villaeducativa.edu.mx\/newspaper\/wp-content\/gallery\/18-visitadisenadora5\/20251205_082102.jpg\"\n           data-thumbnail=\"https:\/\/www.villaeducativa.edu.mx\/newspaper\/wp-content\/gallery\/18-visitadisenadora5\/thumbs\/thumbs_20251205_082102.jpg\"\n           data-image-id=\"78241\"\n           data-title=\"20251205_082102\"\n           data-description=\"\"\n           class=\"ngg-fancybox\" rel=\"31f1f38749d41a2307f802e2b6596636\">\n\n            <img data-image-id='78241'\n                 title=\"\"\n                 alt=\"20251205_082102\"\n                 src=\"https:\/\/www.villaeducativa.edu.mx\/newspaper\/wp-content\/gallery\/18-visitadisenadora5\/20251205_082102.jpg\"\n                 style=\"max-height: 380px;\"\/>\n        <\/a>\n\n        <\/div> \n<div id=\"ngg-image-5\" class=\"ngg-gallery-slideshow-image\" style=\"height:400px\">\n\n        <a href=\"https:\/\/www.villaeducativa.edu.mx\/newspaper\/wp-content\/gallery\/18-visitadisenadora5\/20251205_082116.jpg\"\n           title=\"\"\n           data-src=\"https:\/\/www.villaeducativa.edu.mx\/newspaper\/wp-content\/gallery\/18-visitadisenadora5\/20251205_082116.jpg\"\n           data-thumbnail=\"https:\/\/www.villaeducativa.edu.mx\/newspaper\/wp-content\/gallery\/18-visitadisenadora5\/thumbs\/thumbs_20251205_082116.jpg\"\n           data-image-id=\"78242\"\n           data-title=\"20251205_082116\"\n           data-description=\"\"\n           class=\"ngg-fancybox\" rel=\"31f1f38749d41a2307f802e2b6596636\">\n\n            <img data-image-id='78242'\n                 title=\"\"\n                 alt=\"20251205_082116\"\n                 src=\"https:\/\/www.villaeducativa.edu.mx\/newspaper\/wp-content\/gallery\/18-visitadisenadora5\/20251205_082116.jpg\"\n                 style=\"max-height: 380px;\"\/>\n        <\/a>\n\n        <\/div> \n<div id=\"ngg-image-6\" class=\"ngg-gallery-slideshow-image\" style=\"height:400px\">\n\n        <a href=\"https:\/\/www.villaeducativa.edu.mx\/newspaper\/wp-content\/gallery\/18-visitadisenadora5\/20251205_082123.jpg\"\n           title=\"\"\n           data-src=\"https:\/\/www.villaeducativa.edu.mx\/newspaper\/wp-content\/gallery\/18-visitadisenadora5\/20251205_082123.jpg\"\n           data-thumbnail=\"https:\/\/www.villaeducativa.edu.mx\/newspaper\/wp-content\/gallery\/18-visitadisenadora5\/thumbs\/thumbs_20251205_082123.jpg\"\n           data-image-id=\"78243\"\n           data-title=\"20251205_082123\"\n           data-description=\"\"\n           class=\"ngg-fancybox\" rel=\"31f1f38749d41a2307f802e2b6596636\">\n\n            <img data-image-id='78243'\n                 title=\"\"\n                 alt=\"20251205_082123\"\n                 src=\"https:\/\/www.villaeducativa.edu.mx\/newspaper\/wp-content\/gallery\/18-visitadisenadora5\/20251205_082123.jpg\"\n                 style=\"max-height: 380px;\"\/>\n        <\/a>\n\n        <\/div> \n<div id=\"ngg-image-7\" class=\"ngg-gallery-slideshow-image\" style=\"height:400px\">\n\n        <a href=\"https:\/\/www.villaeducativa.edu.mx\/newspaper\/wp-content\/gallery\/18-visitadisenadora5\/IMG_3205.jpg\"\n           title=\"\"\n           data-src=\"https:\/\/www.villaeducativa.edu.mx\/newspaper\/wp-content\/gallery\/18-visitadisenadora5\/IMG_3205.jpg\"\n           data-thumbnail=\"https:\/\/www.villaeducativa.edu.mx\/newspaper\/wp-content\/gallery\/18-visitadisenadora5\/thumbs\/thumbs_IMG_3205.jpg\"\n           data-image-id=\"78244\"\n           data-title=\"IMG_3205\"\n           data-description=\"\"\n           class=\"ngg-fancybox\" rel=\"31f1f38749d41a2307f802e2b6596636\">\n\n            <img data-image-id='78244'\n                 title=\"\"\n                 alt=\"IMG_3205\"\n                 src=\"https:\/\/www.villaeducativa.edu.mx\/newspaper\/wp-content\/gallery\/18-visitadisenadora5\/IMG_3205.jpg\"\n                 style=\"max-height: 380px;\"\/>\n        <\/a>\n\n        <\/div> \n<div id=\"ngg-image-8\" class=\"ngg-gallery-slideshow-image\" style=\"height:400px\">\n\n        <a href=\"https:\/\/www.villaeducativa.edu.mx\/newspaper\/wp-content\/gallery\/18-visitadisenadora5\/IMG_3207.jpg\"\n           title=\"\"\n           data-src=\"https:\/\/www.villaeducativa.edu.mx\/newspaper\/wp-content\/gallery\/18-visitadisenadora5\/IMG_3207.jpg\"\n           data-thumbnail=\"https:\/\/www.villaeducativa.edu.mx\/newspaper\/wp-content\/gallery\/18-visitadisenadora5\/thumbs\/thumbs_IMG_3207.jpg\"\n           data-image-id=\"78245\"\n           data-title=\"IMG_3207\"\n           data-description=\"\"\n           class=\"ngg-fancybox\" rel=\"31f1f38749d41a2307f802e2b6596636\">\n\n            <img data-image-id='78245'\n                 title=\"\"\n                 alt=\"IMG_3207\"\n                 src=\"https:\/\/www.villaeducativa.edu.mx\/newspaper\/wp-content\/gallery\/18-visitadisenadora5\/IMG_3207.jpg\"\n                 style=\"max-height: 380px;\"\/>\n        <\/a>\n\n        <\/div> \n<div id=\"ngg-image-9\" class=\"ngg-gallery-slideshow-image\" style=\"height:400px\">\n\n        <a href=\"https:\/\/www.villaeducativa.edu.mx\/newspaper\/wp-content\/gallery\/18-visitadisenadora5\/IMG_3203.jpg\"\n           title=\"\"\n           data-src=\"https:\/\/www.villaeducativa.edu.mx\/newspaper\/wp-content\/gallery\/18-visitadisenadora5\/IMG_3203.jpg\"\n           data-thumbnail=\"https:\/\/www.villaeducativa.edu.mx\/newspaper\/wp-content\/gallery\/18-visitadisenadora5\/thumbs\/thumbs_IMG_3203.jpg\"\n           data-image-id=\"78246\"\n           data-title=\"IMG_3203\"\n           data-description=\"\"\n           class=\"ngg-fancybox\" rel=\"31f1f38749d41a2307f802e2b6596636\">\n\n            <img data-image-id='78246'\n                 title=\"\"\n                 alt=\"IMG_3203\"\n                 src=\"https:\/\/www.villaeducativa.edu.mx\/newspaper\/wp-content\/gallery\/18-visitadisenadora5\/IMG_3203.jpg\"\n                 style=\"max-height: 380px;\"\/>\n        <\/a>\n\n        <\/div> \n<div id=\"ngg-image-10\" class=\"ngg-gallery-slideshow-image\" style=\"height:400px\">\n\n        <a href=\"https:\/\/www.villaeducativa.edu.mx\/newspaper\/wp-content\/gallery\/18-visitadisenadora5\/20251205_103223.jpg\"\n           title=\"\"\n           data-src=\"https:\/\/www.villaeducativa.edu.mx\/newspaper\/wp-content\/gallery\/18-visitadisenadora5\/20251205_103223.jpg\"\n           data-thumbnail=\"https:\/\/www.villaeducativa.edu.mx\/newspaper\/wp-content\/gallery\/18-visitadisenadora5\/thumbs\/thumbs_20251205_103223.jpg\"\n           data-image-id=\"78247\"\n           data-title=\"20251205_103223\"\n           data-description=\"\"\n           class=\"ngg-fancybox\" rel=\"31f1f38749d41a2307f802e2b6596636\">\n\n            <img data-image-id='78247'\n                 title=\"\"\n                 alt=\"20251205_103223\"\n                 src=\"https:\/\/www.villaeducativa.edu.mx\/newspaper\/wp-content\/gallery\/18-visitadisenadora5\/20251205_103223.jpg\"\n                 style=\"max-height: 380px;\"\/>\n        <\/a>\n\n        <\/div> \n<div id=\"ngg-image-11\" class=\"ngg-gallery-slideshow-image\" style=\"height:400px\">\n\n        <a href=\"https:\/\/www.villaeducativa.edu.mx\/newspaper\/wp-content\/gallery\/18-visitadisenadora5\/IMG_3208.jpg\"\n           title=\"\"\n           data-src=\"https:\/\/www.villaeducativa.edu.mx\/newspaper\/wp-content\/gallery\/18-visitadisenadora5\/IMG_3208.jpg\"\n           data-thumbnail=\"https:\/\/www.villaeducativa.edu.mx\/newspaper\/wp-content\/gallery\/18-visitadisenadora5\/thumbs\/thumbs_IMG_3208.jpg\"\n           data-image-id=\"78248\"\n           data-title=\"IMG_3208\"\n           data-description=\"\"\n           class=\"ngg-fancybox\" rel=\"31f1f38749d41a2307f802e2b6596636\">\n\n            <img data-image-id='78248'\n                 title=\"\"\n                 alt=\"IMG_3208\"\n                 src=\"https:\/\/www.villaeducativa.edu.mx\/newspaper\/wp-content\/gallery\/18-visitadisenadora5\/IMG_3208.jpg\"\n                 style=\"max-height: 380px;\"\/>\n        <\/a>\n\n        <\/div> \n<div id=\"ngg-image-12\" class=\"ngg-gallery-slideshow-image\" style=\"height:400px\">\n\n        <a href=\"https:\/\/www.villaeducativa.edu.mx\/newspaper\/wp-content\/gallery\/18-visitadisenadora5\/IMG_3209.jpg\"\n           title=\"\"\n           data-src=\"https:\/\/www.villaeducativa.edu.mx\/newspaper\/wp-content\/gallery\/18-visitadisenadora5\/IMG_3209.jpg\"\n           data-thumbnail=\"https:\/\/www.villaeducativa.edu.mx\/newspaper\/wp-content\/gallery\/18-visitadisenadora5\/thumbs\/thumbs_IMG_3209.jpg\"\n           data-image-id=\"78249\"\n           data-title=\"IMG_3209\"\n           data-description=\"\"\n           class=\"ngg-fancybox\" rel=\"31f1f38749d41a2307f802e2b6596636\">\n\n            <img data-image-id='78249'\n                 title=\"\"\n                 alt=\"IMG_3209\"\n                 src=\"https:\/\/www.villaeducativa.edu.mx\/newspaper\/wp-content\/gallery\/18-visitadisenadora5\/IMG_3209.jpg\"\n                 style=\"max-height: 380px;\"\/>\n        <\/a>\n\n        <\/div> \n<div id=\"ngg-image-13\" class=\"ngg-gallery-slideshow-image\" style=\"height:400px\">\n\n        <a href=\"https:\/\/www.villaeducativa.edu.mx\/newspaper\/wp-content\/gallery\/18-visitadisenadora5\/IMG20251205095556.jpg\"\n           title=\"\"\n           data-src=\"https:\/\/www.villaeducativa.edu.mx\/newspaper\/wp-content\/gallery\/18-visitadisenadora5\/IMG20251205095556.jpg\"\n           data-thumbnail=\"https:\/\/www.villaeducativa.edu.mx\/newspaper\/wp-content\/gallery\/18-visitadisenadora5\/thumbs\/thumbs_IMG20251205095556.jpg\"\n           data-image-id=\"78250\"\n           data-title=\"IMG20251205095556\"\n           data-description=\"\"\n           class=\"ngg-fancybox\" rel=\"31f1f38749d41a2307f802e2b6596636\">\n\n            <img data-image-id='78250'\n                 title=\"\"\n                 alt=\"IMG20251205095556\"\n                 src=\"https:\/\/www.villaeducativa.edu.mx\/newspaper\/wp-content\/gallery\/18-visitadisenadora5\/IMG20251205095556.jpg\"\n                 style=\"max-height: 380px;\"\/>\n        <\/a>\n\n        <\/div> \n<div id=\"ngg-image-14\" class=\"ngg-gallery-slideshow-image\" style=\"height:400px\">\n\n        <a href=\"https:\/\/www.villaeducativa.edu.mx\/newspaper\/wp-content\/gallery\/18-visitadisenadora5\/IMG20251205095706.jpg\"\n           title=\"\"\n           data-src=\"https:\/\/www.villaeducativa.edu.mx\/newspaper\/wp-content\/gallery\/18-visitadisenadora5\/IMG20251205095706.jpg\"\n           data-thumbnail=\"https:\/\/www.villaeducativa.edu.mx\/newspaper\/wp-content\/gallery\/18-visitadisenadora5\/thumbs\/thumbs_IMG20251205095706.jpg\"\n           data-image-id=\"78251\"\n           data-title=\"IMG20251205095706\"\n           data-description=\"\"\n           class=\"ngg-fancybox\" rel=\"31f1f38749d41a2307f802e2b6596636\">\n\n            <img data-image-id='78251'\n                 title=\"\"\n                 alt=\"IMG20251205095706\"\n                 src=\"https:\/\/www.villaeducativa.edu.mx\/newspaper\/wp-content\/gallery\/18-visitadisenadora5\/IMG20251205095706.jpg\"\n                 style=\"max-height: 380px;\"\/>\n        <\/a>\n\n        <\/div> \n<div id=\"ngg-image-15\" class=\"ngg-gallery-slideshow-image\" style=\"height:400px\">\n\n        <a href=\"https:\/\/www.villaeducativa.edu.mx\/newspaper\/wp-content\/gallery\/18-visitadisenadora5\/IMG20251205095633.jpg\"\n           title=\"\"\n           data-src=\"https:\/\/www.villaeducativa.edu.mx\/newspaper\/wp-content\/gallery\/18-visitadisenadora5\/IMG20251205095633.jpg\"\n           data-thumbnail=\"https:\/\/www.villaeducativa.edu.mx\/newspaper\/wp-content\/gallery\/18-visitadisenadora5\/thumbs\/thumbs_IMG20251205095633.jpg\"\n           data-image-id=\"78252\"\n           data-title=\"IMG20251205095633\"\n           data-description=\"\"\n           class=\"ngg-fancybox\" rel=\"31f1f38749d41a2307f802e2b6596636\">\n\n            <img data-image-id='78252'\n                 title=\"\"\n                 alt=\"IMG20251205095633\"\n                 src=\"https:\/\/www.villaeducativa.edu.mx\/newspaper\/wp-content\/gallery\/18-visitadisenadora5\/IMG20251205095633.jpg\"\n                 style=\"max-height: 380px;\"\/>\n        <\/a>\n\n        <\/div> \n<div id=\"ngg-image-16\" class=\"ngg-gallery-slideshow-image\" style=\"height:400px\">\n\n        <a href=\"https:\/\/www.villaeducativa.edu.mx\/newspaper\/wp-content\/gallery\/18-visitadisenadora5\/IMG20251205101514.jpg\"\n           title=\"\"\n           data-src=\"https:\/\/www.villaeducativa.edu.mx\/newspaper\/wp-content\/gallery\/18-visitadisenadora5\/IMG20251205101514.jpg\"\n           data-thumbnail=\"https:\/\/www.villaeducativa.edu.mx\/newspaper\/wp-content\/gallery\/18-visitadisenadora5\/thumbs\/thumbs_IMG20251205101514.jpg\"\n           data-image-id=\"78253\"\n           data-title=\"IMG20251205101514\"\n           data-description=\"\"\n           class=\"ngg-fancybox\" rel=\"31f1f38749d41a2307f802e2b6596636\">\n\n            <img data-image-id='78253'\n                 title=\"\"\n                 alt=\"IMG20251205101514\"\n                 src=\"https:\/\/www.villaeducativa.edu.mx\/newspaper\/wp-content\/gallery\/18-visitadisenadora5\/IMG20251205101514.jpg\"\n                 style=\"max-height: 380px;\"\/>\n        <\/a>\n\n        <\/div> \n<div id=\"ngg-image-17\" class=\"ngg-gallery-slideshow-image\" style=\"height:400px\">\n\n        <a href=\"https:\/\/www.villaeducativa.edu.mx\/newspaper\/wp-content\/gallery\/18-visitadisenadora5\/IMG20251205101534.jpg\"\n           title=\"\"\n           data-src=\"https:\/\/www.villaeducativa.edu.mx\/newspaper\/wp-content\/gallery\/18-visitadisenadora5\/IMG20251205101534.jpg\"\n           data-thumbnail=\"https:\/\/www.villaeducativa.edu.mx\/newspaper\/wp-content\/gallery\/18-visitadisenadora5\/thumbs\/thumbs_IMG20251205101534.jpg\"\n           data-image-id=\"78254\"\n           data-title=\"IMG20251205101534\"\n           data-description=\"\"\n           class=\"ngg-fancybox\" rel=\"31f1f38749d41a2307f802e2b6596636\">\n\n            <img data-image-id='78254'\n                 title=\"\"\n                 alt=\"IMG20251205101534\"\n                 src=\"https:\/\/www.villaeducativa.edu.mx\/newspaper\/wp-content\/gallery\/18-visitadisenadora5\/IMG20251205101534.jpg\"\n                 style=\"max-height: 380px;\"\/>\n        <\/a>\n\n        <\/div> \n<div id=\"ngg-image-18\" class=\"ngg-gallery-slideshow-image\" style=\"height:400px\">\n\n        <a href=\"https:\/\/www.villaeducativa.edu.mx\/newspaper\/wp-content\/gallery\/18-visitadisenadora5\/IMG20251205101542.jpg\"\n           title=\"\"\n           data-src=\"https:\/\/www.villaeducativa.edu.mx\/newspaper\/wp-content\/gallery\/18-visitadisenadora5\/IMG20251205101542.jpg\"\n           data-thumbnail=\"https:\/\/www.villaeducativa.edu.mx\/newspaper\/wp-content\/gallery\/18-visitadisenadora5\/thumbs\/thumbs_IMG20251205101542.jpg\"\n           data-image-id=\"78255\"\n           data-title=\"IMG20251205101542\"\n           data-description=\"\"\n           class=\"ngg-fancybox\" rel=\"31f1f38749d41a2307f802e2b6596636\">\n\n            <img data-image-id='78255'\n                 title=\"\"\n                 alt=\"IMG20251205101542\"\n                 src=\"https:\/\/www.villaeducativa.edu.mx\/newspaper\/wp-content\/gallery\/18-visitadisenadora5\/IMG20251205101542.jpg\"\n                 style=\"max-height: 380px;\"\/>\n        <\/a>\n\n        <\/div> \n<\/div>\n\n\n\n\n\n\n\n<hr class=\"wp-block-separator\"\/>\n\n\n\n<p><em><strong>Una mirada creativa a la moda desde la voz de una Dise\u00f1adora<\/strong><br>Los estudiantes de quinto grado asistieron a una charla muy interesante impartida por Gabriela Varga, dise\u00f1adora de moda y madre de una de las alumnas, como parte de su proyecto de Atelier \u201cModa y Vestimenta.\u201d Ella introdujo a los estudiantes a la historia de la moda, explicando c\u00f3mo ha evolucionado la ropa a lo largo del tiempo y c\u00f3mo diferentes culturas han influido en la forma de vestir.<\/em><\/p>\n\n\n\n<p><em>Gabriela tambi\u00e9n habl\u00f3 sobre diversos estilos de moda, mostrando c\u00f3mo los dise\u00f1adores utilizan colores, formas y telas para comunicar ideas. Sus ejemplos ayudaron a los estudiantes a comprender que la moda es creativa y expresiva, y que permite a las personas compartir su identidad a trav\u00e9s de lo que usan.<\/em><\/p>\n\n\n\n<p><em>Finalmente, destac\u00f3 la importancia de la moda sostenible, invitando a los estudiantes a pensar en reciclar telas, reducir desechos y tomar decisiones responsables con el medio ambiente. Su visita no solo enriqueci\u00f3 el proyecto, sino que tambi\u00e9n inspir\u00f3 a los estudiantes a dise\u00f1ar con responsabilidad e imaginaci\u00f3n.<\/em><\/p>\n\n\n\n<p><span class=\"has-inline-color has-vivid-cyan-blue-color\"><strong>M\u00f3nica Rosales and Kirle Nu\u00f1ez<\/strong><br><em>5th Grade English Teachers<\/em><\/span><\/p>\n\n\n\n<p><span class=\"has-inline-color has-vivid-cyan-blue-color\"><strong>Emma Ochoa<\/strong><br><em>Atelierista<\/em><\/span><\/p>\n","protected":false},"excerpt":{"rendered":"<p>The fifth graders attended an engaging talk by Gabriela Vargas, a professional fashion designer and mother of one of the students, as part of their Atelier project \u201cFashion and Clothing.\u201d She introduced the students to the history of fashion, explaining how clothing has evolved over time and how different cultures&hellip; <\/p>\n","protected":false},"author":2,"featured_media":150736,"comment_status":"closed","ping_status":"closed","sticky":false,"template":"","format":"standard","meta":{"ngg_post_thumbnail":0},"categories":[3],"tags":[],"_links":{"self":[{"href":"https:\/\/www.villaeducativa.edu.mx\/newspaper\/index.php?rest_route=\/wp\/v2\/posts\/150715"}],"collection":[{"href":"https:\/\/www.villaeducativa.edu.mx\/newspaper\/index.php?rest_route=\/wp\/v2\/posts"}],"about":[{"href":"https:\/\/www.villaeducativa.edu.mx\/newspaper\/index.php?rest_route=\/wp\/v2\/types\/post"}],"author":[{"embeddable":true,"href":"https:\/\/www.villaeducativa.edu.mx\/newspaper\/index.php?rest_route=\/wp\/v2\/users\/2"}],"replies":[{"embeddable":true,"href":"https:\/\/www.villaeducativa.edu.mx\/newspaper\/index.php?rest_route=%2Fwp%2Fv2%2Fcomments&post=150715"}],"version-history":[{"count":1,"href":"https:\/\/www.villaeducativa.edu.mx\/newspaper\/index.php?rest_route=\/wp\/v2\/posts\/150715\/revisions"}],"predecessor-version":[{"id":150737,"href":"https:\/\/www.villaeducativa.edu.mx\/newspaper\/index.php?rest_route=\/wp\/v2\/posts\/150715\/revisions\/150737"}],"wp:featuredmedia":[{"embeddable":true,"href":"https:\/\/www.villaeducativa.edu.mx\/newspaper\/index.php?rest_route=\/wp\/v2\/media\/150736"}],"wp:attachment":[{"href":"https:\/\/www.villaeducativa.edu.mx\/newspaper\/index.php?rest_route=%2Fwp%2Fv2%2Fmedia&parent=150715"}],"wp:term":[{"taxonomy":"category","embeddable":true,"href":"https:\/\/www.villaeducativa.edu.mx\/newspaper\/index.php?rest_route=%2Fwp%2Fv2%2Fcategories&post=150715"},{"taxonomy":"post_tag","embeddable":true,"href":"https:\/\/www.villaeducativa.edu.mx\/newspaper\/index.php?rest_route=%2Fwp%2Fv2%2Ftags&post=150715"}],"curies":[{"name":"wp","href":"https:\/\/api.w.org\/{rel}","templated":true}]}}