{"id":150595,"date":"2025-12-16T08:30:00","date_gmt":"2025-12-16T14:30:00","guid":{"rendered":"https:\/\/www.villaeducativa.edu.mx\/newspaper\/?p=150595"},"modified":"2025-12-16T12:57:15","modified_gmt":"2025-12-16T18:57:15","slug":"ya-viene-la-navidad-y-con-musica-hay-que-celebrar","status":"publish","type":"post","link":"https:\/\/www.villaeducativa.edu.mx\/newspaper\/?p=150595","title":{"rendered":"\u00a1Ya viene la Navidad y con m\u00fasica hay que celebrar!"},"content":{"rendered":"\n<p>El profe Axel estrena el video de <strong>\u201cYa viene Navidad\u201d<\/strong> este jueves 18 de diciembre: una canci\u00f3n moderna y alegre que escribi\u00f3 con detalles graciosos y frases que las ni\u00f1as y los ni\u00f1os compartieron sobre lo que m\u00e1s disfrutan de estas fechas. Adem\u00e1s, el profe Mario se sum\u00f3 con su talento musical para darle a\u00fan m\u00e1s vida a la producci\u00f3n.<\/p>\n\n\n\n<p>Esperamos que disfruten estas fiestas acompa\u00f1ados del talento que nutre a nuestra comunidad.<\/p>\n\n\n\n<figure class=\"wp-block-embed is-type-video is-provider-youtube wp-block-embed-youtube wp-embed-aspect-4-3 wp-has-aspect-ratio\"><div class=\"wp-block-embed__wrapper\">\n<iframe loading=\"lazy\" title=\"Ya Viene Navidad\" width=\"700\" height=\"525\" src=\"https:\/\/www.youtube.com\/embed\/bAdTFjaR_yY?feature=oembed\" frameborder=\"0\" allow=\"accelerometer; autoplay; clipboard-write; encrypted-media; gyroscope; picture-in-picture; web-share\" referrerpolicy=\"strict-origin-when-cross-origin\" allowfullscreen><\/iframe>\n<\/div><\/figure>\n\n\n\n<p>\u00a1Se vale cantar, re\u00edr y bailar!<\/p>\n\n\n\n<p><strong><span class=\"has-inline-color has-vivid-cyan-blue-color\">Lupita G\u00e1lvez<br><\/span><\/strong><span class=\"has-inline-color has-vivid-cyan-blue-color\"><em>Coordinadora de Primaria<\/em><\/span><\/p>\n","protected":false},"excerpt":{"rendered":"<p>El profe Axel estrena el video de \u201cYa viene Navidad\u201d este jueves 18 de diciembre: una canci\u00f3n moderna y alegre que escribi\u00f3 con detalles graciosos y frases que las ni\u00f1as y los ni\u00f1os compartieron sobre lo que m\u00e1s disfrutan de estas fechas. Adem\u00e1s, el profe Mario se sum\u00f3 con su&hellip; <\/p>\n","protected":false},"author":2,"featured_media":150597,"comment_status":"closed","ping_status":"closed","sticky":false,"template":"","format":"standard","meta":{"ngg_post_thumbnail":0},"categories":[3],"tags":[],"_links":{"self":[{"href":"https:\/\/www.villaeducativa.edu.mx\/newspaper\/index.php?rest_route=\/wp\/v2\/posts\/150595"}],"collection":[{"href":"https:\/\/www.villaeducativa.edu.mx\/newspaper\/index.php?rest_route=\/wp\/v2\/posts"}],"about":[{"href":"https:\/\/www.villaeducativa.edu.mx\/newspaper\/index.php?rest_route=\/wp\/v2\/types\/post"}],"author":[{"embeddable":true,"href":"https:\/\/www.villaeducativa.edu.mx\/newspaper\/index.php?rest_route=\/wp\/v2\/users\/2"}],"replies":[{"embeddable":true,"href":"https:\/\/www.villaeducativa.edu.mx\/newspaper\/index.php?rest_route=%2Fwp%2Fv2%2Fcomments&post=150595"}],"version-history":[{"count":3,"href":"https:\/\/www.villaeducativa.edu.mx\/newspaper\/index.php?rest_route=\/wp\/v2\/posts\/150595\/revisions"}],"predecessor-version":[{"id":151136,"href":"https:\/\/www.villaeducativa.edu.mx\/newspaper\/index.php?rest_route=\/wp\/v2\/posts\/150595\/revisions\/151136"}],"wp:featuredmedia":[{"embeddable":true,"href":"https:\/\/www.villaeducativa.edu.mx\/newspaper\/index.php?rest_route=\/wp\/v2\/media\/150597"}],"wp:attachment":[{"href":"https:\/\/www.villaeducativa.edu.mx\/newspaper\/index.php?rest_route=%2Fwp%2Fv2%2Fmedia&parent=150595"}],"wp:term":[{"taxonomy":"category","embeddable":true,"href":"https:\/\/www.villaeducativa.edu.mx\/newspaper\/index.php?rest_route=%2Fwp%2Fv2%2Fcategories&post=150595"},{"taxonomy":"post_tag","embeddable":true,"href":"https:\/\/www.villaeducativa.edu.mx\/newspaper\/index.php?rest_route=%2Fwp%2Fv2%2Ftags&post=150595"}],"curies":[{"name":"wp","href":"https:\/\/api.w.org\/{rel}","templated":true}]}}