{"id":150593,"date":"2025-12-16T08:03:00","date_gmt":"2025-12-16T14:03:00","guid":{"rendered":"https:\/\/www.villaeducativa.edu.mx\/newspaper\/?p=150593"},"modified":"2025-12-15T17:26:37","modified_gmt":"2025-12-15T23:26:37","slug":"6o-juntas-individuales","status":"publish","type":"post","link":"https:\/\/www.villaeducativa.edu.mx\/newspaper\/?p=150593","title":{"rendered":"6o: Juntas individuales"},"content":{"rendered":"\n<p>Se\u00a0 llevar\u00e1n a cabo las sesiones individuales de sexto grado en <strong>modalidad VIRTUAL<\/strong>. El objetivo es tener una retroalimentaci\u00f3n sobre su hijo, compartir estrategias para favorecer el aprendizaje<\/p>\n\n\n\n<p>En estas juntas ustedes ser\u00e1n atendidos por Miss Greta Rodr\u00edguez y Miss Lupita G\u00e1lvez, coordinadoras acad\u00e9micas del grado.<\/p>\n\n\n\n<p>El d\u00eda que tienen programada su junta<strong> no asistir\u00e1n a la escuela<\/strong>,<\/p>\n\n\n\n<p>Les compartiremos al correo de sus hijos el d\u00eda y hora de la cita.\u00a0<\/p>\n\n\n\n<p>Esta junta durar\u00e1 m\u00e1ximo 20 minutos, por lo que les pedimos que sean puntuales.<\/p>\n\n\n\n<p>Los d\u00edas que tendremos las juntas individuales ser\u00e1n:\u00a0<\/p>\n\n\n\n<ul><li><strong>6\u00b0 A<\/strong>\u00a0 Lunes\u00a0 19\u00a0<\/li><li><strong>6\u00b0 B<\/strong>\u00a0 Martes\u00a0 20<\/li><li><strong>6\u00b0 C<\/strong>  Mi\u00e9rcoles 21\u00a0<\/li><li><strong>6\u00b0 D<\/strong>\u00a0 Viernes 23\u00a0<\/li><\/ul>\n\n\n\n<p><strong><span class=\"has-inline-color has-vivid-cyan-blue-color\">Lupita G\u00e1lvez<br><\/span><\/strong><span class=\"has-inline-color has-vivid-cyan-blue-color\"><em>Coordinadora de Espa\u00f1ol Primaria<\/em><\/span><strong><span class=\"has-inline-color has-vivid-cyan-blue-color\"><br><br>Greta Rodr\u00edguez<br><\/span><\/strong><span class=\"has-inline-color has-vivid-cyan-blue-color\"><em>Coordinadora de Ingl\u00e9s Primaria\u00a0 \u00a0\u00a0\u00a0<\/em><\/span><\/p>\n","protected":false},"excerpt":{"rendered":"<p>Se\u00a0 llevar\u00e1n a cabo las sesiones individuales de sexto grado en modalidad VIRTUAL. El objetivo es tener una retroalimentaci\u00f3n sobre su hijo, compartir estrategias para favorecer el aprendizaje En estas juntas ustedes ser\u00e1n atendidos por Miss Greta Rodr\u00edguez y Miss Lupita G\u00e1lvez, coordinadoras acad\u00e9micas del grado. El d\u00eda que tienen&hellip; <\/p>\n","protected":false},"author":2,"featured_media":145225,"comment_status":"closed","ping_status":"closed","sticky":false,"template":"","format":"standard","meta":{"ngg_post_thumbnail":0},"categories":[3],"tags":[],"_links":{"self":[{"href":"https:\/\/www.villaeducativa.edu.mx\/newspaper\/index.php?rest_route=\/wp\/v2\/posts\/150593"}],"collection":[{"href":"https:\/\/www.villaeducativa.edu.mx\/newspaper\/index.php?rest_route=\/wp\/v2\/posts"}],"about":[{"href":"https:\/\/www.villaeducativa.edu.mx\/newspaper\/index.php?rest_route=\/wp\/v2\/types\/post"}],"author":[{"embeddable":true,"href":"https:\/\/www.villaeducativa.edu.mx\/newspaper\/index.php?rest_route=\/wp\/v2\/users\/2"}],"replies":[{"embeddable":true,"href":"https:\/\/www.villaeducativa.edu.mx\/newspaper\/index.php?rest_route=%2Fwp%2Fv2%2Fcomments&post=150593"}],"version-history":[{"count":1,"href":"https:\/\/www.villaeducativa.edu.mx\/newspaper\/index.php?rest_route=\/wp\/v2\/posts\/150593\/revisions"}],"predecessor-version":[{"id":150594,"href":"https:\/\/www.villaeducativa.edu.mx\/newspaper\/index.php?rest_route=\/wp\/v2\/posts\/150593\/revisions\/150594"}],"wp:featuredmedia":[{"embeddable":true,"href":"https:\/\/www.villaeducativa.edu.mx\/newspaper\/index.php?rest_route=\/wp\/v2\/media\/145225"}],"wp:attachment":[{"href":"https:\/\/www.villaeducativa.edu.mx\/newspaper\/index.php?rest_route=%2Fwp%2Fv2%2Fmedia&parent=150593"}],"wp:term":[{"taxonomy":"category","embeddable":true,"href":"https:\/\/www.villaeducativa.edu.mx\/newspaper\/index.php?rest_route=%2Fwp%2Fv2%2Fcategories&post=150593"},{"taxonomy":"post_tag","embeddable":true,"href":"https:\/\/www.villaeducativa.edu.mx\/newspaper\/index.php?rest_route=%2Fwp%2Fv2%2Ftags&post=150593"}],"curies":[{"name":"wp","href":"https:\/\/api.w.org\/{rel}","templated":true}]}}