{"id":150504,"date":"2025-12-16T08:05:00","date_gmt":"2025-12-16T14:05:00","guid":{"rendered":"https:\/\/www.villaeducativa.edu.mx\/newspaper\/?p=150504"},"modified":"2025-12-16T12:34:03","modified_gmt":"2025-12-16T18:34:03","slug":"un-dia-en-villa-high","status":"publish","type":"post","link":"https:\/\/www.villaeducativa.edu.mx\/newspaper\/?p=150504","title":{"rendered":"6o: Un D\u00eda en Villa High"},"content":{"rendered":"\n<p>Welcome to Villa High, 6th Grade!<\/p>\n\n\n\n<p>Estamos muy emocionados de recibir a los alumnos el pr\u00f3ximo ciclo escolar, este d\u00eda ser\u00e1 una prueba de lo que pueden esperar.&nbsp;<\/p>\n\n\n\n<ul><li><strong>6o A y B<\/strong>, nos vemos el martes 13 de enero.<\/li><li><strong>6o C y D<\/strong>, nos vemos el mi\u00e9rcoles 14 de enero.&nbsp;<\/li><\/ul>\n\n\n\n<p>Entrada por Villa High en la Calle Misterios de 7:00 am &#8211; 7:30 am.<br>Salida horario normal por Villa Educativa.&nbsp;<\/p>\n\n\n\n<p>Vivir\u00e1n experiencias en los salones de Ciencias, Makers, Educaci\u00f3n F\u00edsica, y todos los talleres. Recibir\u00e1n de regalo una playera del color de la casa a la que desde ese d\u00eda pertenecer\u00e1n, y los acompa\u00f1ar\u00e1 durante el tiempo en Villa High.&nbsp;<\/p>\n\n\n\n<p>Este d\u00eda pueden ganar puntos para su casa y con ello ver quien va a levantar la Copa High al final del d\u00eda. Les ofreceremos lunch gratis.<\/p>\n\n\n\n<p>Deben venir vestidos en pants c\u00f3modos y tenis. En su mochila deben traer su chromebook y agua.<\/p>\n\n\n\n<p>See you in Villa High!<\/p>\n\n\n\n<p><strong><span class=\"has-inline-color has-vivid-cyan-blue-color\">James Abad<br><\/span><\/strong><em><span class=\"has-inline-color has-vivid-cyan-blue-color\">Villa High Principal<\/span><\/em><\/p>\n\n\n\n<div class=\"wp-block-columns\">\n<div class=\"wp-block-column\" style=\"flex-basis:25%\"><\/div>\n\n\n\n<div class=\"wp-block-column\" style=\"flex-basis:50%\">\n<figure class=\"wp-block-video\"><video autoplay controls src=\"https:\/\/www.villaeducativa.edu.mx\/videos\/undiahighvideo.mp4\"><\/video><\/figure>\n<\/div>\n\n\n\n<div class=\"wp-block-column\" style=\"flex-basis:25%\"><\/div>\n<\/div>\n","protected":false},"excerpt":{"rendered":"<p>Welcome to Villa High, 6th Grade! Estamos muy emocionados de recibir a los alumnos el pr\u00f3ximo ciclo escolar, este d\u00eda ser\u00e1 una prueba de lo que pueden esperar.&nbsp; 6o A y B, nos vemos el martes 13 de enero. 6o C y D, nos vemos el mi\u00e9rcoles 14 de enero.&nbsp;&hellip; <\/p>\n","protected":false},"author":2,"featured_media":150818,"comment_status":"closed","ping_status":"closed","sticky":false,"template":"","format":"standard","meta":{"ngg_post_thumbnail":0},"categories":[3],"tags":[],"_links":{"self":[{"href":"https:\/\/www.villaeducativa.edu.mx\/newspaper\/index.php?rest_route=\/wp\/v2\/posts\/150504"}],"collection":[{"href":"https:\/\/www.villaeducativa.edu.mx\/newspaper\/index.php?rest_route=\/wp\/v2\/posts"}],"about":[{"href":"https:\/\/www.villaeducativa.edu.mx\/newspaper\/index.php?rest_route=\/wp\/v2\/types\/post"}],"author":[{"embeddable":true,"href":"https:\/\/www.villaeducativa.edu.mx\/newspaper\/index.php?rest_route=\/wp\/v2\/users\/2"}],"replies":[{"embeddable":true,"href":"https:\/\/www.villaeducativa.edu.mx\/newspaper\/index.php?rest_route=%2Fwp%2Fv2%2Fcomments&post=150504"}],"version-history":[{"count":4,"href":"https:\/\/www.villaeducativa.edu.mx\/newspaper\/index.php?rest_route=\/wp\/v2\/posts\/150504\/revisions"}],"predecessor-version":[{"id":151132,"href":"https:\/\/www.villaeducativa.edu.mx\/newspaper\/index.php?rest_route=\/wp\/v2\/posts\/150504\/revisions\/151132"}],"wp:featuredmedia":[{"embeddable":true,"href":"https:\/\/www.villaeducativa.edu.mx\/newspaper\/index.php?rest_route=\/wp\/v2\/media\/150818"}],"wp:attachment":[{"href":"https:\/\/www.villaeducativa.edu.mx\/newspaper\/index.php?rest_route=%2Fwp%2Fv2%2Fmedia&parent=150504"}],"wp:term":[{"taxonomy":"category","embeddable":true,"href":"https:\/\/www.villaeducativa.edu.mx\/newspaper\/index.php?rest_route=%2Fwp%2Fv2%2Fcategories&post=150504"},{"taxonomy":"post_tag","embeddable":true,"href":"https:\/\/www.villaeducativa.edu.mx\/newspaper\/index.php?rest_route=%2Fwp%2Fv2%2Ftags&post=150504"}],"curies":[{"name":"wp","href":"https:\/\/api.w.org\/{rel}","templated":true}]}}