{"id":150394,"date":"2025-12-16T08:45:00","date_gmt":"2025-12-16T14:45:00","guid":{"rendered":"https:\/\/www.villaeducativa.edu.mx\/newspaper\/?p=150394"},"modified":"2025-12-16T12:33:47","modified_gmt":"2025-12-16T18:33:47","slug":"un-dia-en-villa","status":"publish","type":"post","link":"https:\/\/www.villaeducativa.edu.mx\/newspaper\/?p=150394","title":{"rendered":"K3: Un D\u00eda en Villa"},"content":{"rendered":"\n<p>\u00a1Estamos muy emocionadas por conocerte!<br><br>Hemos preparado un d\u00eda muy especial para que puedas descubrir nuestra escuela, recorrer cada espacio y convivir con el equipo que estar\u00e1 acompa\u00f1\u00e1ndote en esta nueva etapa. Queremos que te sientas bienvenido, seguro y lleno de ilusi\u00f3n por todo lo que viviremos juntos.<\/p>\n\n\n\n<p><strong>Detalles del evento<\/strong><\/p>\n\n\n\n<p><strong>\ud83d\udcc5 Fecha:<\/strong> 13 de enero<br><strong>\ud83d\udd57 Entrada:<\/strong> 8:00 a.m. por la puerta de <em>Happy Kinder<br><\/em><strong>\ud83d\udd53 Salida:<\/strong> 1:40 p.m. por <em>Happy Kinder<\/em><\/p>\n\n\n\n<p><strong>Recomendaciones<\/strong><\/p>\n\n\n\n<ul><li>Trae tu lunch y un peque\u00f1o snack para el segundo recreo.<\/li><li>Lleva suficiente agua.<\/li><li>Recuerda marcar todas tus pertenencias (botella de agua, lunchera, su\u00e9ter y chamarras).<\/li><li>Asiste con el <strong>uniforme de diario<\/strong>.<\/li><\/ul>\n\n\n\n<p>Ser\u00e1 un d\u00eda lleno de descubrimientos, alegr\u00eda y nuevas experiencias.<br><strong>\u00a1Nos encantar\u00e1 recibirte y comenzar juntos esta aventura en Villa!<\/strong><\/p>\n\n\n\n<p><span class=\"has-inline-color has-vivid-cyan-blue-color\"><strong>Lupita G\u00e1lvez y Greta Rodr\u00edguez<\/strong><br><em>Coordinaci\u00f3n de Primaria&nbsp;<\/em><\/span><\/p>\n\n\n\n<div class=\"wp-block-image\"><figure class=\"aligncenter size-large\"><a href=\"http:\/\/www.villaeducativa.edu.mx\/newspaper\/wp-content\/uploads\/2025\/12\/undiavillainv.jpg\"><img loading=\"lazy\" width=\"576\" height=\"1024\" src=\"http:\/\/www.villaeducativa.edu.mx\/newspaper\/wp-content\/uploads\/2025\/12\/undiavillainv-576x1024.jpg\" alt=\"\" class=\"wp-image-150517\" srcset=\"https:\/\/www.villaeducativa.edu.mx\/newspaper\/wp-content\/uploads\/2025\/12\/undiavillainv-576x1024.jpg 576w, https:\/\/www.villaeducativa.edu.mx\/newspaper\/wp-content\/uploads\/2025\/12\/undiavillainv-169x300.jpg 169w, https:\/\/www.villaeducativa.edu.mx\/newspaper\/wp-content\/uploads\/2025\/12\/undiavillainv-768x1365.jpg 768w, https:\/\/www.villaeducativa.edu.mx\/newspaper\/wp-content\/uploads\/2025\/12\/undiavillainv-600x1067.jpg 600w, https:\/\/www.villaeducativa.edu.mx\/newspaper\/wp-content\/uploads\/2025\/12\/undiavillainv-864x1536.jpg 864w, https:\/\/www.villaeducativa.edu.mx\/newspaper\/wp-content\/uploads\/2025\/12\/undiavillainv.jpg 900w\" sizes=\"(max-width: 576px) 100vw, 576px\" \/><\/a><\/figure><\/div>\n","protected":false},"excerpt":{"rendered":"<p>\u00a1Estamos muy emocionadas por conocerte! Hemos preparado un d\u00eda muy especial para que puedas descubrir nuestra escuela, recorrer cada espacio y convivir con el equipo que estar\u00e1 acompa\u00f1\u00e1ndote en esta nueva etapa. Queremos que te sientas bienvenido, seguro y lleno de ilusi\u00f3n por todo lo que viviremos juntos. Detalles del&hellip; <\/p>\n","protected":false},"author":2,"featured_media":150436,"comment_status":"closed","ping_status":"closed","sticky":false,"template":"","format":"standard","meta":{"ngg_post_thumbnail":0},"categories":[2],"tags":[],"_links":{"self":[{"href":"https:\/\/www.villaeducativa.edu.mx\/newspaper\/index.php?rest_route=\/wp\/v2\/posts\/150394"}],"collection":[{"href":"https:\/\/www.villaeducativa.edu.mx\/newspaper\/index.php?rest_route=\/wp\/v2\/posts"}],"about":[{"href":"https:\/\/www.villaeducativa.edu.mx\/newspaper\/index.php?rest_route=\/wp\/v2\/types\/post"}],"author":[{"embeddable":true,"href":"https:\/\/www.villaeducativa.edu.mx\/newspaper\/index.php?rest_route=\/wp\/v2\/users\/2"}],"replies":[{"embeddable":true,"href":"https:\/\/www.villaeducativa.edu.mx\/newspaper\/index.php?rest_route=%2Fwp%2Fv2%2Fcomments&post=150394"}],"version-history":[{"count":4,"href":"https:\/\/www.villaeducativa.edu.mx\/newspaper\/index.php?rest_route=\/wp\/v2\/posts\/150394\/revisions"}],"predecessor-version":[{"id":151131,"href":"https:\/\/www.villaeducativa.edu.mx\/newspaper\/index.php?rest_route=\/wp\/v2\/posts\/150394\/revisions\/151131"}],"wp:featuredmedia":[{"embeddable":true,"href":"https:\/\/www.villaeducativa.edu.mx\/newspaper\/index.php?rest_route=\/wp\/v2\/media\/150436"}],"wp:attachment":[{"href":"https:\/\/www.villaeducativa.edu.mx\/newspaper\/index.php?rest_route=%2Fwp%2Fv2%2Fmedia&parent=150394"}],"wp:term":[{"taxonomy":"category","embeddable":true,"href":"https:\/\/www.villaeducativa.edu.mx\/newspaper\/index.php?rest_route=%2Fwp%2Fv2%2Fcategories&post=150394"},{"taxonomy":"post_tag","embeddable":true,"href":"https:\/\/www.villaeducativa.edu.mx\/newspaper\/index.php?rest_route=%2Fwp%2Fv2%2Ftags&post=150394"}],"curies":[{"name":"wp","href":"https:\/\/api.w.org\/{rel}","templated":true}]}}