{"id":150205,"date":"2025-12-09T09:05:00","date_gmt":"2025-12-09T15:05:00","guid":{"rendered":"https:\/\/www.villaeducativa.edu.mx\/newspaper\/?p=150205"},"modified":"2025-12-09T10:53:56","modified_gmt":"2025-12-09T16:53:56","slug":"pan-junto-al-gallito-cantor","status":"publish","type":"post","link":"https:\/\/www.villaeducativa.edu.mx\/newspaper\/?p=150205","title":{"rendered":"Music Class: Pan junto al Gallito Cantor"},"content":{"rendered":"\n<p>Esta semana preparamos pan junto al Gallito Cantor, cantando y siguiendo pasos sencillos que hicieron la actividad a\u00fan m\u00e1s especial. Despu\u00e9s, \u201cviajamos a la selva\u201d para jugar a ser diferentes animales \u2014lion, monkey, elephant\u2014 mientras practicamos vocabulario en ingl\u00e9s a trav\u00e9s del movimiento y la imaginaci\u00f3n.<\/p>\n\n\n\n<p>Tambi\u00e9n exploramos el xil\u00f3fono: descubrimos que cada color produce un sonido distinto y lo utilizamos para crear patrones musicales, reforzando los colores y nuevas palabras.<\/p>\n\n\n\n<p>Los ni\u00f1os participaron con gran entusiasmo, respondieron a las se\u00f1ales y trabajaron en equipo de manera alegre y respetuosa.<\/p>\n\n\n\n<p>\u00a1Fue una clase llena de m\u00fasica, juego y aprendizaje!<\/p>\n\n\n\n\n\n<div class=\"ngg-galleryoverview ngg-slideshow\"\n\t id=\"ngg-slideshow-10671693e3897224c17f3795cb3dfd8f-1363892310\"\n     data-gallery-id=\"10671693e3897224c17f3795cb3dfd8f\"\n     style=\"max-width: 600px; max-height: 600px;\">\n\n \t<div id=\"ngg-image-0\" class=\"ngg-gallery-slideshow-image\" style=\"height:600px\">\n\n        <a href=\"https:\/\/www.villaeducativa.edu.mx\/newspaper\/wp-content\/gallery\/17-pangallito-ns\/IMG_7339_00.jpg\"\n           title=\"\"\n           data-src=\"https:\/\/www.villaeducativa.edu.mx\/newspaper\/wp-content\/gallery\/17-pangallito-ns\/IMG_7339_00.jpg\"\n           data-thumbnail=\"https:\/\/www.villaeducativa.edu.mx\/newspaper\/wp-content\/gallery\/17-pangallito-ns\/thumbs\/thumbs_IMG_7339_00.jpg\"\n           data-image-id=\"77851\"\n           data-title=\"IMG_7339_00\"\n           data-description=\"\"\n           class=\"ngg-fancybox\" rel=\"10671693e3897224c17f3795cb3dfd8f\">\n\n            <img data-image-id='77851'\n                 title=\"\"\n                 alt=\"IMG_7339_00\"\n                 src=\"https:\/\/www.villaeducativa.edu.mx\/newspaper\/wp-content\/gallery\/17-pangallito-ns\/IMG_7339_00.jpg\"\n                 style=\"max-height: 580px;\"\/>\n        <\/a>\n\n        <\/div> \n<div id=\"ngg-image-1\" class=\"ngg-gallery-slideshow-image\" style=\"height:600px\">\n\n        <a href=\"https:\/\/www.villaeducativa.edu.mx\/newspaper\/wp-content\/gallery\/17-pangallito-ns\/IMG_7320_00.jpg\"\n           title=\"\"\n           data-src=\"https:\/\/www.villaeducativa.edu.mx\/newspaper\/wp-content\/gallery\/17-pangallito-ns\/IMG_7320_00.jpg\"\n           data-thumbnail=\"https:\/\/www.villaeducativa.edu.mx\/newspaper\/wp-content\/gallery\/17-pangallito-ns\/thumbs\/thumbs_IMG_7320_00.jpg\"\n           data-image-id=\"77852\"\n           data-title=\"IMG_7320_00\"\n           data-description=\"\"\n           class=\"ngg-fancybox\" rel=\"10671693e3897224c17f3795cb3dfd8f\">\n\n            <img data-image-id='77852'\n                 title=\"\"\n                 alt=\"IMG_7320_00\"\n                 src=\"https:\/\/www.villaeducativa.edu.mx\/newspaper\/wp-content\/gallery\/17-pangallito-ns\/IMG_7320_00.jpg\"\n                 style=\"max-height: 580px;\"\/>\n        <\/a>\n\n        <\/div> \n<div id=\"ngg-image-2\" class=\"ngg-gallery-slideshow-image\" style=\"height:600px\">\n\n        <a href=\"https:\/\/www.villaeducativa.edu.mx\/newspaper\/wp-content\/gallery\/17-pangallito-ns\/IMG_7327_00.jpg\"\n           title=\"\"\n           data-src=\"https:\/\/www.villaeducativa.edu.mx\/newspaper\/wp-content\/gallery\/17-pangallito-ns\/IMG_7327_00.jpg\"\n           data-thumbnail=\"https:\/\/www.villaeducativa.edu.mx\/newspaper\/wp-content\/gallery\/17-pangallito-ns\/thumbs\/thumbs_IMG_7327_00.jpg\"\n           data-image-id=\"77853\"\n           data-title=\"IMG_7327_00\"\n           data-description=\"\"\n           class=\"ngg-fancybox\" rel=\"10671693e3897224c17f3795cb3dfd8f\">\n\n            <img data-image-id='77853'\n                 title=\"\"\n                 alt=\"IMG_7327_00\"\n                 src=\"https:\/\/www.villaeducativa.edu.mx\/newspaper\/wp-content\/gallery\/17-pangallito-ns\/IMG_7327_00.jpg\"\n                 style=\"max-height: 580px;\"\/>\n        <\/a>\n\n        <\/div> \n<div id=\"ngg-image-3\" class=\"ngg-gallery-slideshow-image\" style=\"height:600px\">\n\n        <a href=\"https:\/\/www.villaeducativa.edu.mx\/newspaper\/wp-content\/gallery\/17-pangallito-ns\/IMG_7328_00.jpg\"\n           title=\"\"\n           data-src=\"https:\/\/www.villaeducativa.edu.mx\/newspaper\/wp-content\/gallery\/17-pangallito-ns\/IMG_7328_00.jpg\"\n           data-thumbnail=\"https:\/\/www.villaeducativa.edu.mx\/newspaper\/wp-content\/gallery\/17-pangallito-ns\/thumbs\/thumbs_IMG_7328_00.jpg\"\n           data-image-id=\"77855\"\n           data-title=\"IMG_7328_00\"\n           data-description=\"\"\n           class=\"ngg-fancybox\" rel=\"10671693e3897224c17f3795cb3dfd8f\">\n\n            <img data-image-id='77855'\n                 title=\"\"\n                 alt=\"IMG_7328_00\"\n                 src=\"https:\/\/www.villaeducativa.edu.mx\/newspaper\/wp-content\/gallery\/17-pangallito-ns\/IMG_7328_00.jpg\"\n                 style=\"max-height: 580px;\"\/>\n        <\/a>\n\n        <\/div> \n<div id=\"ngg-image-4\" class=\"ngg-gallery-slideshow-image\" style=\"height:600px\">\n\n        <a href=\"https:\/\/www.villaeducativa.edu.mx\/newspaper\/wp-content\/gallery\/17-pangallito-ns\/IMG_7330_00.jpg\"\n           title=\"\"\n           data-src=\"https:\/\/www.villaeducativa.edu.mx\/newspaper\/wp-content\/gallery\/17-pangallito-ns\/IMG_7330_00.jpg\"\n           data-thumbnail=\"https:\/\/www.villaeducativa.edu.mx\/newspaper\/wp-content\/gallery\/17-pangallito-ns\/thumbs\/thumbs_IMG_7330_00.jpg\"\n           data-image-id=\"77856\"\n           data-title=\"IMG_7330_00\"\n           data-description=\"\"\n           class=\"ngg-fancybox\" rel=\"10671693e3897224c17f3795cb3dfd8f\">\n\n            <img data-image-id='77856'\n                 title=\"\"\n                 alt=\"IMG_7330_00\"\n                 src=\"https:\/\/www.villaeducativa.edu.mx\/newspaper\/wp-content\/gallery\/17-pangallito-ns\/IMG_7330_00.jpg\"\n                 style=\"max-height: 580px;\"\/>\n        <\/a>\n\n        <\/div> \n<div id=\"ngg-image-5\" class=\"ngg-gallery-slideshow-image\" style=\"height:600px\">\n\n        <a href=\"https:\/\/www.villaeducativa.edu.mx\/newspaper\/wp-content\/gallery\/17-pangallito-ns\/IMG_7334_00.jpg\"\n           title=\"\"\n           data-src=\"https:\/\/www.villaeducativa.edu.mx\/newspaper\/wp-content\/gallery\/17-pangallito-ns\/IMG_7334_00.jpg\"\n           data-thumbnail=\"https:\/\/www.villaeducativa.edu.mx\/newspaper\/wp-content\/gallery\/17-pangallito-ns\/thumbs\/thumbs_IMG_7334_00.jpg\"\n           data-image-id=\"77857\"\n           data-title=\"IMG_7334_00\"\n           data-description=\"\"\n           class=\"ngg-fancybox\" rel=\"10671693e3897224c17f3795cb3dfd8f\">\n\n            <img data-image-id='77857'\n                 title=\"\"\n                 alt=\"IMG_7334_00\"\n                 src=\"https:\/\/www.villaeducativa.edu.mx\/newspaper\/wp-content\/gallery\/17-pangallito-ns\/IMG_7334_00.jpg\"\n                 style=\"max-height: 580px;\"\/>\n        <\/a>\n\n        <\/div> \n<div id=\"ngg-image-6\" class=\"ngg-gallery-slideshow-image\" style=\"height:600px\">\n\n        <a href=\"https:\/\/www.villaeducativa.edu.mx\/newspaper\/wp-content\/gallery\/17-pangallito-ns\/IMG_7333_00.jpg\"\n           title=\"\"\n           data-src=\"https:\/\/www.villaeducativa.edu.mx\/newspaper\/wp-content\/gallery\/17-pangallito-ns\/IMG_7333_00.jpg\"\n           data-thumbnail=\"https:\/\/www.villaeducativa.edu.mx\/newspaper\/wp-content\/gallery\/17-pangallito-ns\/thumbs\/thumbs_IMG_7333_00.jpg\"\n           data-image-id=\"77858\"\n           data-title=\"IMG_7333_00\"\n           data-description=\"\"\n           class=\"ngg-fancybox\" rel=\"10671693e3897224c17f3795cb3dfd8f\">\n\n            <img data-image-id='77858'\n                 title=\"\"\n                 alt=\"IMG_7333_00\"\n                 src=\"https:\/\/www.villaeducativa.edu.mx\/newspaper\/wp-content\/gallery\/17-pangallito-ns\/IMG_7333_00.jpg\"\n                 style=\"max-height: 580px;\"\/>\n        <\/a>\n\n        <\/div> \n<div id=\"ngg-image-7\" class=\"ngg-gallery-slideshow-image\" style=\"height:600px\">\n\n        <a href=\"https:\/\/www.villaeducativa.edu.mx\/newspaper\/wp-content\/gallery\/17-pangallito-ns\/IMG_7322_00.jpg\"\n           title=\"\"\n           data-src=\"https:\/\/www.villaeducativa.edu.mx\/newspaper\/wp-content\/gallery\/17-pangallito-ns\/IMG_7322_00.jpg\"\n           data-thumbnail=\"https:\/\/www.villaeducativa.edu.mx\/newspaper\/wp-content\/gallery\/17-pangallito-ns\/thumbs\/thumbs_IMG_7322_00.jpg\"\n           data-image-id=\"77854\"\n           data-title=\"IMG_7322_00\"\n           data-description=\"\"\n           class=\"ngg-fancybox\" rel=\"10671693e3897224c17f3795cb3dfd8f\">\n\n            <img data-image-id='77854'\n                 title=\"\"\n                 alt=\"IMG_7322_00\"\n                 src=\"https:\/\/www.villaeducativa.edu.mx\/newspaper\/wp-content\/gallery\/17-pangallito-ns\/IMG_7322_00.jpg\"\n                 style=\"max-height: 580px;\"\/>\n        <\/a>\n\n        <\/div> \n<\/div>\n\n\n\n\n\n\n\n<blockquote class=\"wp-block-quote\"><p>\u201cLa m\u00fasica es el lenguaje del coraz\u00f3n de los ni\u00f1os.\u201d <\/p><cite>&#8211; <em>Carl Orff<\/em><\/cite><\/blockquote>\n\n\n\n<p><strong><span class=\"has-inline-color has-vivid-cyan-blue-color\">Axel Ordaz<br><\/span><\/strong><span class=\"has-inline-color has-vivid-cyan-blue-color\"><em>Profesor de M\u00fasica<\/em><\/span><\/p>\n","protected":false},"excerpt":{"rendered":"<p>Esta semana preparamos pan junto al Gallito Cantor, cantando y siguiendo pasos sencillos que hicieron la actividad a\u00fan m\u00e1s especial. Despu\u00e9s, \u201cviajamos a la selva\u201d para jugar a ser diferentes animales \u2014lion, monkey, elephant\u2014 mientras practicamos vocabulario en ingl\u00e9s a trav\u00e9s del movimiento y la imaginaci\u00f3n. Tambi\u00e9n exploramos el xil\u00f3fono:&hellip; <\/p>\n","protected":false},"author":2,"featured_media":150215,"comment_status":"closed","ping_status":"closed","sticky":false,"template":"","format":"standard","meta":{"ngg_post_thumbnail":0},"categories":[71],"tags":[],"_links":{"self":[{"href":"https:\/\/www.villaeducativa.edu.mx\/newspaper\/index.php?rest_route=\/wp\/v2\/posts\/150205"}],"collection":[{"href":"https:\/\/www.villaeducativa.edu.mx\/newspaper\/index.php?rest_route=\/wp\/v2\/posts"}],"about":[{"href":"https:\/\/www.villaeducativa.edu.mx\/newspaper\/index.php?rest_route=\/wp\/v2\/types\/post"}],"author":[{"embeddable":true,"href":"https:\/\/www.villaeducativa.edu.mx\/newspaper\/index.php?rest_route=\/wp\/v2\/users\/2"}],"replies":[{"embeddable":true,"href":"https:\/\/www.villaeducativa.edu.mx\/newspaper\/index.php?rest_route=%2Fwp%2Fv2%2Fcomments&post=150205"}],"version-history":[{"count":2,"href":"https:\/\/www.villaeducativa.edu.mx\/newspaper\/index.php?rest_route=\/wp\/v2\/posts\/150205\/revisions"}],"predecessor-version":[{"id":150217,"href":"https:\/\/www.villaeducativa.edu.mx\/newspaper\/index.php?rest_route=\/wp\/v2\/posts\/150205\/revisions\/150217"}],"wp:featuredmedia":[{"embeddable":true,"href":"https:\/\/www.villaeducativa.edu.mx\/newspaper\/index.php?rest_route=\/wp\/v2\/media\/150215"}],"wp:attachment":[{"href":"https:\/\/www.villaeducativa.edu.mx\/newspaper\/index.php?rest_route=%2Fwp%2Fv2%2Fmedia&parent=150205"}],"wp:term":[{"taxonomy":"category","embeddable":true,"href":"https:\/\/www.villaeducativa.edu.mx\/newspaper\/index.php?rest_route=%2Fwp%2Fv2%2Fcategories&post=150205"},{"taxonomy":"post_tag","embeddable":true,"href":"https:\/\/www.villaeducativa.edu.mx\/newspaper\/index.php?rest_route=%2Fwp%2Fv2%2Ftags&post=150205"}],"curies":[{"name":"wp","href":"https:\/\/api.w.org\/{rel}","templated":true}]}}