{"id":149421,"date":"2025-12-02T09:25:00","date_gmt":"2025-12-02T15:25:00","guid":{"rendered":"https:\/\/www.villaeducativa.edu.mx\/newspaper\/?p=149421"},"modified":"2025-12-01T16:47:55","modified_gmt":"2025-12-01T22:47:55","slug":"a-magical-x-christmas-cambio-en-horarios","status":"publish","type":"post","link":"https:\/\/www.villaeducativa.edu.mx\/newspaper\/?p=149421","title":{"rendered":"A Magical X Christmas: Cambio en horarios"},"content":{"rendered":"\n<p>Estimadas familias:<\/p>\n\n\n\n<p>Nos complace informarles que el pr\u00f3ximo viernes 12 diciembre, durante nuestro evento <strong>\u201cA Magical X\u2019mas\u201d<\/strong>, el parque abrir\u00e1 sus puertas a las <strong>11:00 a.m.<\/strong> y concluir\u00e1 actividades a las <strong>7:00 p.m.<\/strong><\/p>\n\n\n\n<p>Con el fin de brindarles una mejor experiencia y facilitar la log\u00edstica del evento, el <strong>primer show dar\u00e1 inicio a las 11:30 a.m.<\/strong><\/p>\n\n\n\n<p>Es importante puntualizar que <strong>la \u00fanica modificaci\u00f3n realizada corresponde al horario que aparece impreso en algunas funciones<\/strong>. Los <strong>horarios publicados por este medio han sido los correctos desde su primera publicaci\u00f3n<\/strong>.<\/p>\n\n\n\n<p>Por ello, <strong>les pedimos revisar cuidadosamente el horario que aparece en el boleto que se les entreg\u00f3<\/strong>.<br>En caso de que <strong>no coincida<\/strong> con los horarios oficiales listados a continuaci\u00f3n, deber\u00e1n <strong>acudir a Servicios Escolares<\/strong> para recibir el boleto con el <strong>horario oficial<\/strong>, que es el que determinar\u00e1 la participaci\u00f3n de su hijo(a).<\/p>\n\n\n\n<p>Para las familias de <strong>Villa High<\/strong>, los horarios <strong>no tuvieron cambios<\/strong>.<\/p>\n\n\n\n<p>A continuaci\u00f3n, les compartimos los horarios oficiales en los que se presentar\u00e1 cada grupo:<\/p>\n\n\n\n<figure class=\"wp-block-table\"><table><tbody><tr><td><strong>Horario<\/strong><\/td><td><strong>Grupo<\/strong><\/td><\/tr><tr><td>11:30 a.m.  \u2013 12:00 p.m.<\/td><td>Nursery y Kinder 1<\/td><\/tr><tr><td>12:00 \u2013 12:30 p.m.<\/td><td>Kinder 2<\/td><\/tr><tr><td>12:30 \u2013 1:00 p.m.<\/td><td>Kinder 3<\/td><\/tr><tr><td>1:00 \u2013 1:30 p.m.<\/td><td>1\u00b0<\/td><\/tr><tr><td>1:30 \u2013 2:00 p.m.<\/td><td>2\u00b0<\/td><\/tr><tr><td>2:00 \u2013 2:30 p.m.<\/td><td>3\u00b0<\/td><\/tr><tr><td>2:30 \u2013 2:45 p.m.<\/td><td>Cheer &amp; Dance Primaria Alta<\/td><\/tr><tr><td>2:45 \u2013 3:15 p.m.<\/td><td>4\u00b0<\/td><\/tr><tr><td>3:15 \u2013 3:45 p.m.<\/td><td>5\u00b0<\/td><\/tr><tr><td>3:45 \u2013 4:15 p.m.<\/td><td>6\u00b0<\/td><\/tr><tr><td>4:15 \u2013 4:30 p.m.<\/td><td>Cheer &amp; Dance Primaria Baja<\/td><\/tr><tr><td>4:30 \u2013 5:00 p.m.<\/td><td>Villa High: Bailes<\/td><\/tr><tr><td>6:00 \u2013 6:30 p.m.<\/td><td>Banda Club Primaria y High<\/td><\/tr><tr><td>6:30 \u2013 7:00 p.m.<\/td><td>Villa High: M\u00fasica<\/td><\/tr><\/tbody><\/table><\/figure>\n\n\n\n<p>Agradecemos su apoyo y comprensi\u00f3n para asegurar que este evento sea una experiencia inolvidable para todos nuestros estudiantes.<\/p>\n\n\n\n<p><span class=\"has-inline-color has-vivid-cyan-blue-color\"><strong>Jacive Monroy<\/strong><br><em>Coordinadora Operativa<\/em><\/span><\/p>\n","protected":false},"excerpt":{"rendered":"<p>Estimadas familias: Nos complace informarles que el pr\u00f3ximo viernes 12 diciembre, durante nuestro evento \u201cA Magical X\u2019mas\u201d, el parque abrir\u00e1 sus puertas a las 11:00 a.m. y concluir\u00e1 actividades a las 7:00 p.m. Con el fin de brindarles una mejor experiencia y facilitar la log\u00edstica del evento, el primer show&hellip; <\/p>\n","protected":false},"author":2,"featured_media":149493,"comment_status":"closed","ping_status":"closed","sticky":false,"template":"","format":"standard","meta":{"ngg_post_thumbnail":0},"categories":[17],"tags":[],"_links":{"self":[{"href":"https:\/\/www.villaeducativa.edu.mx\/newspaper\/index.php?rest_route=\/wp\/v2\/posts\/149421"}],"collection":[{"href":"https:\/\/www.villaeducativa.edu.mx\/newspaper\/index.php?rest_route=\/wp\/v2\/posts"}],"about":[{"href":"https:\/\/www.villaeducativa.edu.mx\/newspaper\/index.php?rest_route=\/wp\/v2\/types\/post"}],"author":[{"embeddable":true,"href":"https:\/\/www.villaeducativa.edu.mx\/newspaper\/index.php?rest_route=\/wp\/v2\/users\/2"}],"replies":[{"embeddable":true,"href":"https:\/\/www.villaeducativa.edu.mx\/newspaper\/index.php?rest_route=%2Fwp%2Fv2%2Fcomments&post=149421"}],"version-history":[{"count":2,"href":"https:\/\/www.villaeducativa.edu.mx\/newspaper\/index.php?rest_route=\/wp\/v2\/posts\/149421\/revisions"}],"predecessor-version":[{"id":149495,"href":"https:\/\/www.villaeducativa.edu.mx\/newspaper\/index.php?rest_route=\/wp\/v2\/posts\/149421\/revisions\/149495"}],"wp:featuredmedia":[{"embeddable":true,"href":"https:\/\/www.villaeducativa.edu.mx\/newspaper\/index.php?rest_route=\/wp\/v2\/media\/149493"}],"wp:attachment":[{"href":"https:\/\/www.villaeducativa.edu.mx\/newspaper\/index.php?rest_route=%2Fwp%2Fv2%2Fmedia&parent=149421"}],"wp:term":[{"taxonomy":"category","embeddable":true,"href":"https:\/\/www.villaeducativa.edu.mx\/newspaper\/index.php?rest_route=%2Fwp%2Fv2%2Fcategories&post=149421"},{"taxonomy":"post_tag","embeddable":true,"href":"https:\/\/www.villaeducativa.edu.mx\/newspaper\/index.php?rest_route=%2Fwp%2Fv2%2Ftags&post=149421"}],"curies":[{"name":"wp","href":"https:\/\/api.w.org\/{rel}","templated":true}]}}