{"id":149420,"date":"2025-12-02T07:50:35","date_gmt":"2025-12-02T13:50:35","guid":{"rendered":"https:\/\/www.villaeducativa.edu.mx\/newspaper\/?p=149420"},"modified":"2025-12-01T17:01:47","modified_gmt":"2025-12-01T23:01:47","slug":"conferencia-la-nueva-trampa-de-la-nicotina-los-cigarros-electronicos","status":"publish","type":"post","link":"https:\/\/www.villaeducativa.edu.mx\/newspaper\/?p=149420","title":{"rendered":"Conferencia: \u201cLa nueva trampa de la nicotina\u2026 los cigarros electr\u00f3nicos\u201d"},"content":{"rendered":"\n<h4>Estimadas familias:<\/h4>\n\n\n\n<p>Les informamos que el pr\u00f3ximo<strong> 8 de diciembre<\/strong> se llevar\u00e1 a cabo la <strong>conferencia \u201cLa nueva trampa de la nicotina\u2026 los cigarrillos electr\u00f3nicos\u201d<\/strong>, dirigida a los alumnos de Villa High.<\/p>\n\n\n\n<p>La sesi\u00f3n ser\u00e1 impartida por la Lic. Isabel S\u00e1inz, Terapeuta y Directora Comercial de la Cl\u00ednica para dejar de fumar Allen Carr, instituci\u00f3n con presencia internacional y m\u00e1s de 150 sucursales alrededor del mundo, reconocida por su m\u00e9todo especializado para dejar de fumar sin ansiedad ni reca\u00eddas.<\/p>\n\n\n\n<p>La conferencia se realizar\u00e1 durante el transcurso del d\u00eda, como parte de las actividades de formaci\u00f3n y prevenci\u00f3n orientadas al bienestar de nuestros estudiantes.<\/p>\n\n\n\n<p>En caso de que no deseen que su hijo participe, les pedimos enviar un correo al profesor James Abad a la direcci\u00f3n:<br><br><img loading=\"lazy\" width=\"64\" height=\"64\" class=\"wp-image-37437\" style=\"width: 30px;\" src=\"http:\/\/www.villaeducativa.edu.mx\/newspaper\/wp-content\/uploads\/2019\/09\/mailing.png\" alt=\"\"> <a href=\"mailto:jamesabad@villaeducativa.edu.mx\"><strong><span class=\"has-inline-color has-vivid-cyan-blue-color\">jamesabad@villaeducativa.edu.mx<\/span><\/strong><\/a><\/p>\n\n\n\n<p>Agradecemos su atenci\u00f3n y colaboraci\u00f3n en este esfuerzo por informar y concientizar a nuestros j\u00f3venes sobre los riesgos asociados al consumo de nicotina.<\/p>\n\n\n\n<p><span class=\"has-inline-color has-vivid-cyan-blue-color\"><strong>Jacive Monroy<\/strong><br><em>Coordinadora Operativa<\/em><\/span><\/p>\n","protected":false},"excerpt":{"rendered":"<p>Estimadas familias: Les informamos que el pr\u00f3ximo 8 de diciembre se llevar\u00e1 a cabo la conferencia \u201cLa nueva trampa de la nicotina\u2026 los cigarrillos electr\u00f3nicos\u201d, dirigida a los alumnos de Villa High. La sesi\u00f3n ser\u00e1 impartida por la Lic. Isabel S\u00e1inz, Terapeuta y Directora Comercial de la Cl\u00ednica para dejar&hellip; <\/p>\n","protected":false},"author":2,"featured_media":149502,"comment_status":"closed","ping_status":"closed","sticky":false,"template":"","format":"standard","meta":{"ngg_post_thumbnail":0},"categories":[4],"tags":[],"_links":{"self":[{"href":"https:\/\/www.villaeducativa.edu.mx\/newspaper\/index.php?rest_route=\/wp\/v2\/posts\/149420"}],"collection":[{"href":"https:\/\/www.villaeducativa.edu.mx\/newspaper\/index.php?rest_route=\/wp\/v2\/posts"}],"about":[{"href":"https:\/\/www.villaeducativa.edu.mx\/newspaper\/index.php?rest_route=\/wp\/v2\/types\/post"}],"author":[{"embeddable":true,"href":"https:\/\/www.villaeducativa.edu.mx\/newspaper\/index.php?rest_route=\/wp\/v2\/users\/2"}],"replies":[{"embeddable":true,"href":"https:\/\/www.villaeducativa.edu.mx\/newspaper\/index.php?rest_route=%2Fwp%2Fv2%2Fcomments&post=149420"}],"version-history":[{"count":1,"href":"https:\/\/www.villaeducativa.edu.mx\/newspaper\/index.php?rest_route=\/wp\/v2\/posts\/149420\/revisions"}],"predecessor-version":[{"id":149423,"href":"https:\/\/www.villaeducativa.edu.mx\/newspaper\/index.php?rest_route=\/wp\/v2\/posts\/149420\/revisions\/149423"}],"wp:featuredmedia":[{"embeddable":true,"href":"https:\/\/www.villaeducativa.edu.mx\/newspaper\/index.php?rest_route=\/wp\/v2\/media\/149502"}],"wp:attachment":[{"href":"https:\/\/www.villaeducativa.edu.mx\/newspaper\/index.php?rest_route=%2Fwp%2Fv2%2Fmedia&parent=149420"}],"wp:term":[{"taxonomy":"category","embeddable":true,"href":"https:\/\/www.villaeducativa.edu.mx\/newspaper\/index.php?rest_route=%2Fwp%2Fv2%2Fcategories&post=149420"},{"taxonomy":"post_tag","embeddable":true,"href":"https:\/\/www.villaeducativa.edu.mx\/newspaper\/index.php?rest_route=%2Fwp%2Fv2%2Ftags&post=149420"}],"curies":[{"name":"wp","href":"https:\/\/api.w.org\/{rel}","templated":true}]}}