{"id":148413,"date":"2025-11-25T09:20:00","date_gmt":"2025-11-25T15:20:00","guid":{"rendered":"https:\/\/www.villaeducativa.edu.mx\/newspaper\/?p=148413"},"modified":"2025-11-25T11:30:48","modified_gmt":"2025-11-25T17:30:48","slug":"programa-a-magical-xmas","status":"publish","type":"post","link":"https:\/\/www.villaeducativa.edu.mx\/newspaper\/?p=148413","title":{"rendered":"Programa A Magical X\u2019mas"},"content":{"rendered":"\n<p>Les informamos que <strong>la venta de boletos con precio preferencial termina el 1\u00b0 de diciembre <\/strong>y se encuentra disponible en <strong>Servicios Escolares<\/strong>, con <strong>pago \u00fanicamente en efectivo<\/strong>. Todas las personas requieren boleto, incluidos los ni\u00f1os a partir de <strong>90 cm de estatura<\/strong>.<\/p>\n\n\n\n<p><strong>Costos por persona:<\/strong><\/p>\n\n\n\n<ul><li><em>Del 18 de noviembre al 1 de diciembre:<\/em> <strong>$650.00<\/strong><\/li><li><em>Del 2 al 12 de diciembre:<\/em> <strong>$700.00<\/strong><\/li><\/ul>\n\n\n\n<p><strong>Magical X\u2019mas<\/strong> es un <strong>evento privado<\/strong>, exclusivo para nuestra comunidad escolar.<br><strong>Fecha:<\/strong> Viernes 12 de diciembre<br><strong>Horario:<\/strong> 11:00 a.m. a 7:00 p.m.<br><strong>Lugar:<\/strong> <em>Parque Aztl\u00e1n<\/em> \u2014 Av. de los Compositores s\/n, Bosque de Chapultepec II Secci\u00f3n, Miguel Hidalgo, CDMX.<\/p>\n\n\n\n<p><strong>Horarios de Presentaciones<\/strong><\/p>\n\n\n\n<figure class=\"wp-block-table is-style-stripes\"><table><tbody><tr><td><strong>Horario<\/strong><\/td><td><strong>Presentaci\u00f3n<\/strong><\/td><\/tr><tr><td><strong>11:30 a.m. \u2013 12:00 p.m.<\/strong><\/td><td>Nursery y Kinder 1<\/td><\/tr><tr><td><strong>12:00 \u2013 12:30<\/strong> <strong>p.m.<\/strong><\/td><td>Kinder 2<\/td><\/tr><tr><td><strong>12:30 \u2013 1:00<\/strong> <strong>p.m.<\/strong><\/td><td>Kinder 3<\/td><\/tr><tr><td><strong>1:00 \u2013 1:30<\/strong> <strong>p.m.<\/strong><\/td><td>1\u00ba primaria<\/td><\/tr><tr><td><strong>1:30 \u2013 2:00<\/strong> <strong>p.m.<\/strong><\/td><td>2\u00ba primaria<\/td><\/tr><tr><td><strong>2:00 \u2013 2:30<\/strong> <strong>p.m.<\/strong><\/td><td>3\u00ba primaria<\/td><\/tr><tr><td><strong>2:30 \u2013 2:45<\/strong> <strong>p.m.<\/strong><\/td><td>Cheer &amp; Dance Primaria alta<\/td><\/tr><tr><td><strong>2:45 \u2013 3:15<\/strong> <strong>p.m.<\/strong><\/td><td>4\u00ba primaria<\/td><\/tr><tr><td><strong>3:15 \u2013 3:45<\/strong> <strong>p.m.<\/strong><\/td><td>5\u00ba primaria<\/td><\/tr><tr><td><strong>3:45 \u2013 4:15<\/strong> <strong>p.m.<\/strong><\/td><td>6\u00ba primaria<\/td><\/tr><tr><td><strong>4:15 \u2013 4:30 p.m.<\/strong><\/td><td>Cheer &amp; Dance Primaria baja<\/td><\/tr><tr><td><strong>4:30 &#8211; 5:00 p.m.<\/strong><\/td><td>Villa High: Bailes<\/td><\/tr><tr><td><strong>6:00 \u2013 6:30<\/strong> <strong>p.m.<\/strong><\/td><td>Bandas Club Primaria y High<\/td><\/tr><tr><td><strong>6:30 \u2013 7:00<\/strong> <strong>p.m.<\/strong><\/td><td>Villa High: M\u00fasica<\/td><\/tr><\/tbody><\/table><\/figure>\n\n\n\n<p>Los invitamos a disfrutar un d\u00eda lleno de magia, presentaciones art\u00edsticas y esp\u00edritu navide\u00f1o en familia.<\/p>\n\n\n\n<p><strong><span class=\"has-inline-color has-vivid-cyan-blue-color\">Jacive Monroy<br><\/span><\/strong><span class=\"has-inline-color has-vivid-cyan-blue-color\"><em>Coordinaci\u00f3n Operativa<\/em><\/span><\/p>\n","protected":false},"excerpt":{"rendered":"<p>Les informamos los horarios de presentaciones y la venta de boletos con precio preferencial terminar\u00e1 el 1\u00b0 de diciembre y se encuentra disponible en Servicios Escolares, con pago \u00fanicamente en efectivo&#8230;.<\/p>\n","protected":false},"author":2,"featured_media":148414,"comment_status":"closed","ping_status":"closed","sticky":false,"template":"","format":"standard","meta":{"ngg_post_thumbnail":0},"categories":[17],"tags":[],"_links":{"self":[{"href":"https:\/\/www.villaeducativa.edu.mx\/newspaper\/index.php?rest_route=\/wp\/v2\/posts\/148413"}],"collection":[{"href":"https:\/\/www.villaeducativa.edu.mx\/newspaper\/index.php?rest_route=\/wp\/v2\/posts"}],"about":[{"href":"https:\/\/www.villaeducativa.edu.mx\/newspaper\/index.php?rest_route=\/wp\/v2\/types\/post"}],"author":[{"embeddable":true,"href":"https:\/\/www.villaeducativa.edu.mx\/newspaper\/index.php?rest_route=\/wp\/v2\/users\/2"}],"replies":[{"embeddable":true,"href":"https:\/\/www.villaeducativa.edu.mx\/newspaper\/index.php?rest_route=%2Fwp%2Fv2%2Fcomments&post=148413"}],"version-history":[{"count":5,"href":"https:\/\/www.villaeducativa.edu.mx\/newspaper\/index.php?rest_route=\/wp\/v2\/posts\/148413\/revisions"}],"predecessor-version":[{"id":148617,"href":"https:\/\/www.villaeducativa.edu.mx\/newspaper\/index.php?rest_route=\/wp\/v2\/posts\/148413\/revisions\/148617"}],"wp:featuredmedia":[{"embeddable":true,"href":"https:\/\/www.villaeducativa.edu.mx\/newspaper\/index.php?rest_route=\/wp\/v2\/media\/148414"}],"wp:attachment":[{"href":"https:\/\/www.villaeducativa.edu.mx\/newspaper\/index.php?rest_route=%2Fwp%2Fv2%2Fmedia&parent=148413"}],"wp:term":[{"taxonomy":"category","embeddable":true,"href":"https:\/\/www.villaeducativa.edu.mx\/newspaper\/index.php?rest_route=%2Fwp%2Fv2%2Fcategories&post=148413"},{"taxonomy":"post_tag","embeddable":true,"href":"https:\/\/www.villaeducativa.edu.mx\/newspaper\/index.php?rest_route=%2Fwp%2Fv2%2Ftags&post=148413"}],"curies":[{"name":"wp","href":"https:\/\/api.w.org\/{rel}","templated":true}]}}