{"id":148192,"date":"2025-11-25T09:15:00","date_gmt":"2025-11-25T15:15:00","guid":{"rendered":"https:\/\/www.villaeducativa.edu.mx\/newspaper\/?p=148192"},"modified":"2025-11-24T12:53:23","modified_gmt":"2025-11-24T18:53:23","slug":"formacion-docente-en-metodologia-special-yoga","status":"publish","type":"post","link":"https:\/\/www.villaeducativa.edu.mx\/newspaper\/?p=148192","title":{"rendered":"Formaci\u00f3n docente en metodolog\u00eda \u201cSpecial Yoga\u201d"},"content":{"rendered":"\n<p>Durante siete d\u00edas, tuve la oportunidad de participar en una Certificaci\u00f3n Internacional en yoga terap\u00e9utico para ni\u00f1os con necesidades especiales. Est\u00e1 formaci\u00f3n se desarroll\u00f3 bajo la metodolog\u00eda de <strong>\u201cSpecial Yoga\u201d<\/strong>, fue impartida por su fundadora, <strong>Jyoti Jo Manuel<\/strong>, reconocida internacionalmente por su liderazgo en yoga terap\u00e9utico infantil.<\/p>\n\n\n\n<p>Este proceso ha enriquecido de manera profunda mi labor docente. Integrar pr\u00e1cticas que promueven la presencia consciente, el movimiento suave y el desarrollo emocional desde la calma me permite acompa\u00f1ar a nuestros alumnos con mayor sensibilidad y herramientas fundamentadas.&nbsp;<\/p>\n\n\n\n<p>La metodolog\u00eda Special Yoga es ampliamente utilizada en contextos educativos y terap\u00e9uticos. Sus t\u00e9cnicas apoyan la autorregulaci\u00f3n, fortalecen la estabilidad emocional y contribuyen al bienestar integral de la infancia.&nbsp;<\/p>\n\n\n\n<p>Su impacto es significativo tanto para los ni\u00f1os como para quienes la aplicamos, pues transforma la forma de acompa\u00f1ar los primeros a\u00f1os de desarrollo.&nbsp;<\/p>\n\n\n\n<p>A partir de esta experiencia los alumnos de <strong>Nursery<\/strong> y <strong>Happy Kinder<\/strong> comenzar\u00e1n a recibir pr\u00e1cticas m\u00e1s estructuradas y conscientes. Estas sesiones tienen como prop\u00f3sito fomentar habilidades socioemocionales, generar ambientes de seguridad y confianza, y ayudar a cada ni\u00f1o a reconocerse desde un lugar de calma y conexi\u00f3n interna.\u00a0<\/p>\n\n\n\n<div class=\"wp-block-columns\">\n<div class=\"wp-block-column\">\n<div class=\"wp-block-image\"><figure class=\"aligncenter size-large\"><img loading=\"lazy\" width=\"327\" height=\"401\" src=\"http:\/\/www.villaeducativa.edu.mx\/newspaper\/wp-content\/uploads\/2025\/11\/image.jpeg\" alt=\"\" class=\"wp-image-148266\" srcset=\"https:\/\/www.villaeducativa.edu.mx\/newspaper\/wp-content\/uploads\/2025\/11\/image.jpeg 327w, https:\/\/www.villaeducativa.edu.mx\/newspaper\/wp-content\/uploads\/2025\/11\/image-245x300.jpeg 245w\" sizes=\"(max-width: 327px) 100vw, 327px\" \/><\/figure><\/div>\n<\/div>\n\n\n\n<div class=\"wp-block-column\">\n<div class=\"wp-block-image\"><figure class=\"aligncenter size-large\"><img loading=\"lazy\" width=\"307\" height=\"399\" src=\"http:\/\/www.villaeducativa.edu.mx\/newspaper\/wp-content\/uploads\/2025\/11\/image-1.jpeg\" alt=\"\" class=\"wp-image-148267\" srcset=\"https:\/\/www.villaeducativa.edu.mx\/newspaper\/wp-content\/uploads\/2025\/11\/image-1.jpeg 307w, https:\/\/www.villaeducativa.edu.mx\/newspaper\/wp-content\/uploads\/2025\/11\/image-1-231x300.jpeg 231w\" sizes=\"(max-width: 307px) 100vw, 307px\" \/><\/figure><\/div>\n<\/div>\n<\/div>\n\n\n\n<p><strong><span class=\"has-inline-color has-vivid-cyan-blue-color\">Isi-Hadaly Espinosa<br><\/span><\/strong><span class=\"has-inline-color has-vivid-cyan-blue-color\"><em>Maestra de Yoga<\/em><\/span><\/p>\n","protected":false},"excerpt":{"rendered":"<p>Durante siete d\u00edas, tuve la oportunidad de participar en una Certificaci\u00f3n Internacional en yoga terap\u00e9utico para ni\u00f1os con necesidades especiales. Est\u00e1 formaci\u00f3n se desarroll\u00f3 bajo la metodolog\u00eda de \u201cSpecial Yoga\u201d, fue impartida por su fundadora, Jyoti Jo Manuel, reconocida internacionalmente por su liderazgo en yoga terap\u00e9utico infantil. Este proceso ha&hellip; <\/p>\n","protected":false},"author":2,"featured_media":148268,"comment_status":"closed","ping_status":"closed","sticky":false,"template":"","format":"standard","meta":{"ngg_post_thumbnail":0},"categories":[17],"tags":[],"_links":{"self":[{"href":"https:\/\/www.villaeducativa.edu.mx\/newspaper\/index.php?rest_route=\/wp\/v2\/posts\/148192"}],"collection":[{"href":"https:\/\/www.villaeducativa.edu.mx\/newspaper\/index.php?rest_route=\/wp\/v2\/posts"}],"about":[{"href":"https:\/\/www.villaeducativa.edu.mx\/newspaper\/index.php?rest_route=\/wp\/v2\/types\/post"}],"author":[{"embeddable":true,"href":"https:\/\/www.villaeducativa.edu.mx\/newspaper\/index.php?rest_route=\/wp\/v2\/users\/2"}],"replies":[{"embeddable":true,"href":"https:\/\/www.villaeducativa.edu.mx\/newspaper\/index.php?rest_route=%2Fwp%2Fv2%2Fcomments&post=148192"}],"version-history":[{"count":1,"href":"https:\/\/www.villaeducativa.edu.mx\/newspaper\/index.php?rest_route=\/wp\/v2\/posts\/148192\/revisions"}],"predecessor-version":[{"id":148269,"href":"https:\/\/www.villaeducativa.edu.mx\/newspaper\/index.php?rest_route=\/wp\/v2\/posts\/148192\/revisions\/148269"}],"wp:featuredmedia":[{"embeddable":true,"href":"https:\/\/www.villaeducativa.edu.mx\/newspaper\/index.php?rest_route=\/wp\/v2\/media\/148268"}],"wp:attachment":[{"href":"https:\/\/www.villaeducativa.edu.mx\/newspaper\/index.php?rest_route=%2Fwp%2Fv2%2Fmedia&parent=148192"}],"wp:term":[{"taxonomy":"category","embeddable":true,"href":"https:\/\/www.villaeducativa.edu.mx\/newspaper\/index.php?rest_route=%2Fwp%2Fv2%2Fcategories&post=148192"},{"taxonomy":"post_tag","embeddable":true,"href":"https:\/\/www.villaeducativa.edu.mx\/newspaper\/index.php?rest_route=%2Fwp%2Fv2%2Ftags&post=148192"}],"curies":[{"name":"wp","href":"https:\/\/api.w.org\/{rel}","templated":true}]}}