{"id":148186,"date":"2025-11-25T09:05:00","date_gmt":"2025-11-25T15:05:00","guid":{"rendered":"https:\/\/www.villaeducativa.edu.mx\/newspaper\/?p=148186"},"modified":"2025-11-24T12:22:56","modified_gmt":"2025-11-24T18:22:56","slug":"special-celebration-thanksgiving-2","status":"publish","type":"post","link":"https:\/\/www.villaeducativa.edu.mx\/newspaper\/?p=148186","title":{"rendered":"Special Celebration \u201cThanksgiving\u201d"},"content":{"rendered":"\n<p>We are getting ready for a very special celebration! Our Nursery students are preparing their Thanksgiving event, which will take place on Wednesday, <strong>November 27th.\u00a0<\/strong><\/p>\n\n\n\n<p>The children are learning about gratitude, sharing, and kindness as they rehearse songs, create crafts, and get ready to celebrate together. This event will be a wonderful opportunity to reflect on how lucky we are and to give thanks as a school community.<\/p>\n\n\n\n<p><strong><em>\u201cThere is always something to be thankful for.\u201d<\/em><\/strong><strong>&nbsp;<\/strong><\/p>\n\n\n\n<p>We can\u2019t wait to share this special day with our little ones and celebrate the joy of being together!<\/p>\n\n\n\n<p><\/p>\n\n\n\n<hr class=\"wp-block-separator\"\/>\n\n\n\n<p><strong><em>Celebraci\u00f3n especial \u201cThanksgiving\u201d<\/em><\/strong><br><em>\u00a1Nos estamos preparando para una celebraci\u00f3n muy especial!<br>Nuestros alumnos de Nursery se preparan con mucha ilusi\u00f3n para su evento de Thanksgiving, que se llevar\u00e1 a cabo el mi\u00e9rcoles <strong>27 de noviembre<\/strong>.<\/em><\/p>\n\n\n\n<p><em>Durante estas semanas, los ni\u00f1os han estado aprendiendo sobre la gratitud, el compartir y la amabilidad, mientras ensayan canciones, realizan manualidades y se alistan para celebrar juntos. Ser\u00e1 una hermosa oportunidad para reflexionar sobre lo afortunados que somos y dar gracias como comunidad escolar.<\/em><\/p>\n\n\n\n<p><strong><em>\u201cThere is always something to be thankful for.\u201d<\/em><\/strong><strong>&nbsp;<\/strong><\/p>\n\n\n\n<p><em>\u00a1Estamos muy emocionados por este d\u00eda tan especial y no vemos la hora de disfrutarlo junto a nuestros peque\u00f1os.<\/em><\/p>\n\n\n\n<p><span class=\"has-inline-color has-vivid-cyan-blue-color\"><strong>Yustine Sandoval\u00a0<\/strong><br><em>Happy Nursery Coordinator<\/em><\/span><\/p>\n\n\n\n<div class=\"wp-block-image\"><figure class=\"aligncenter size-large is-resized\"><img loading=\"lazy\" src=\"http:\/\/www.villaeducativa.edu.mx\/newspaper\/wp-content\/uploads\/2025\/11\/tanksgiving-nursery.jpg\" alt=\"\" class=\"wp-image-147567\" width=\"500\" height=\"500\" srcset=\"https:\/\/www.villaeducativa.edu.mx\/newspaper\/wp-content\/uploads\/2025\/11\/tanksgiving-nursery.jpg 1000w, https:\/\/www.villaeducativa.edu.mx\/newspaper\/wp-content\/uploads\/2025\/11\/tanksgiving-nursery-300x300.jpg 300w, https:\/\/www.villaeducativa.edu.mx\/newspaper\/wp-content\/uploads\/2025\/11\/tanksgiving-nursery-150x150.jpg 150w, https:\/\/www.villaeducativa.edu.mx\/newspaper\/wp-content\/uploads\/2025\/11\/tanksgiving-nursery-768x768.jpg 768w, https:\/\/www.villaeducativa.edu.mx\/newspaper\/wp-content\/uploads\/2025\/11\/tanksgiving-nursery-600x600.jpg 600w, https:\/\/www.villaeducativa.edu.mx\/newspaper\/wp-content\/uploads\/2025\/11\/tanksgiving-nursery-100x100.jpg 100w\" sizes=\"(max-width: 500px) 100vw, 500px\" \/><\/figure><\/div>\n","protected":false},"excerpt":{"rendered":"<p>We are getting ready for a very special celebration! Our Nursery students are preparing their Thanksgiving event, which will take place on Wednesday, November 27th.\u00a0 The children are learning about gratitude, sharing, and kindness as they rehearse songs, create crafts, and get ready to celebrate together. This event will be&hellip; <\/p>\n","protected":false},"author":2,"featured_media":148187,"comment_status":"closed","ping_status":"closed","sticky":false,"template":"","format":"standard","meta":{"ngg_post_thumbnail":0},"categories":[71],"tags":[],"_links":{"self":[{"href":"https:\/\/www.villaeducativa.edu.mx\/newspaper\/index.php?rest_route=\/wp\/v2\/posts\/148186"}],"collection":[{"href":"https:\/\/www.villaeducativa.edu.mx\/newspaper\/index.php?rest_route=\/wp\/v2\/posts"}],"about":[{"href":"https:\/\/www.villaeducativa.edu.mx\/newspaper\/index.php?rest_route=\/wp\/v2\/types\/post"}],"author":[{"embeddable":true,"href":"https:\/\/www.villaeducativa.edu.mx\/newspaper\/index.php?rest_route=\/wp\/v2\/users\/2"}],"replies":[{"embeddable":true,"href":"https:\/\/www.villaeducativa.edu.mx\/newspaper\/index.php?rest_route=%2Fwp%2Fv2%2Fcomments&post=148186"}],"version-history":[{"count":1,"href":"https:\/\/www.villaeducativa.edu.mx\/newspaper\/index.php?rest_route=\/wp\/v2\/posts\/148186\/revisions"}],"predecessor-version":[{"id":148188,"href":"https:\/\/www.villaeducativa.edu.mx\/newspaper\/index.php?rest_route=\/wp\/v2\/posts\/148186\/revisions\/148188"}],"wp:featuredmedia":[{"embeddable":true,"href":"https:\/\/www.villaeducativa.edu.mx\/newspaper\/index.php?rest_route=\/wp\/v2\/media\/148187"}],"wp:attachment":[{"href":"https:\/\/www.villaeducativa.edu.mx\/newspaper\/index.php?rest_route=%2Fwp%2Fv2%2Fmedia&parent=148186"}],"wp:term":[{"taxonomy":"category","embeddable":true,"href":"https:\/\/www.villaeducativa.edu.mx\/newspaper\/index.php?rest_route=%2Fwp%2Fv2%2Fcategories&post=148186"},{"taxonomy":"post_tag","embeddable":true,"href":"https:\/\/www.villaeducativa.edu.mx\/newspaper\/index.php?rest_route=%2Fwp%2Fv2%2Ftags&post=148186"}],"curies":[{"name":"wp","href":"https:\/\/api.w.org\/{rel}","templated":true}]}}