{"id":147388,"date":"2025-11-18T09:15:00","date_gmt":"2025-11-18T15:15:00","guid":{"rendered":"https:\/\/www.villaeducativa.edu.mx\/newspaper\/?p=147388"},"modified":"2025-11-20T12:24:47","modified_gmt":"2025-11-20T18:24:47","slug":"fechas-importantes","status":"publish","type":"post","link":"https:\/\/www.villaeducativa.edu.mx\/newspaper\/?p=147388","title":{"rendered":"Fechas importantes"},"content":{"rendered":"\n<h5 class=\"has-text-align-center\"><strong>Noviembre<\/strong><\/h5>\n\n\n\n<figure class=\"wp-block-table\"><table><tbody><tr><td class=\"has-text-align-right\" data-align=\"right\"><\/td><td><strong><em>GENERAL<\/em><\/strong><\/td><\/tr><tr><td class=\"has-text-align-right\" data-align=\"right\"><strong><span class=\"has-inline-color has-vivid-red-color\">17<\/span><\/strong><\/td><td><strong>\u2022 No hay clases por conmemoraci\u00f3n de la Revoluci\u00f3n Mexicana<\/strong><\/td><\/tr><tr><td class=\"has-text-align-right\" data-align=\"right\"><strong><span class=\"has-inline-color has-vivid-red-color\">18<\/span><\/strong><\/td><td><strong>\u2022 Se publica boleta de 1er trimestre<\/strong><br><strong>\u2022<\/strong> <strong>Iniciamos venta de boletos Magical X\u2019mas<\/strong><\/td><\/tr><tr><td class=\"has-text-align-right\" data-align=\"right\"><strong><span class=\"has-inline-color has-vivid-red-color\">26<\/span><\/strong><\/td><td><strong>\u2022<\/strong> <strong>Escuela para padres virtual \u201cCrecer entre pantallas\u201d 6:30 p.m.<\/strong><\/td><\/tr><tr><td class=\"has-text-align-right\" data-align=\"right\"><strong><span class=\"has-inline-color has-vivid-red-color\">27<\/span><\/strong><\/td><td><strong>\u2022 Celebraci\u00f3n interna de Thanksgiving<\/strong><\/td><\/tr><tr><td class=\"has-text-align-right\" data-align=\"right\"><strong><span class=\"has-inline-color has-vivid-red-color\">28<\/span><\/strong><\/td><td><strong>\u2022 No hay clases por consejo t\u00e9cnico&nbsp;y&nbsp;capacitaci\u00f3n<\/strong><\/td><\/tr><tr><td class=\"has-text-align-right\" data-align=\"right\"><img loading=\"lazy\" width=\"85\" height=\"35\" class=\"wp-image-137365\" style=\"width: 85px;\" src=\"http:\/\/www.villaeducativa.edu.mx\/newspaper\/wp-content\/uploads\/2025\/07\/icoNP-nursery.jpg\" alt=\"\"><\/td><td><strong><span class=\"has-inline-color has-luminous-vivid-orange-color\"><em>NURSERY<\/em><\/span><\/strong><\/td><\/tr><tr><td class=\"has-text-align-right\" data-align=\"right\"><strong><span class=\"has-inline-color has-vivid-red-color\">24<\/span><\/strong><\/td><td><strong>\u2022 Segundo Sing-Along<\/strong><\/td><\/tr><tr><td class=\"has-text-align-right\" data-align=\"right\"><img loading=\"lazy\" width=\"85\" height=\"35\" class=\"wp-image-137363\" style=\"width: 85px;\" src=\"http:\/\/www.villaeducativa.edu.mx\/newspaper\/wp-content\/uploads\/2025\/07\/icoNP-happy.jpg\" alt=\"\"><\/td><td><strong><em><span class=\"has-inline-color has-luminous-vivid-amber-color\">HAPPY KINDER<\/span><\/em><\/strong><\/td><\/tr><tr><td class=\"has-text-align-right\" data-align=\"right\"><strong><span class=\"has-inline-color has-vivid-red-color\">18, 19 y 21<\/span><\/strong><\/td><td><strong>\u2022 Juntas individuales de Kinder 3<\/strong><\/td><\/tr><tr><td class=\"has-text-align-right\" data-align=\"right\"><img loading=\"lazy\" width=\"85\" height=\"35\" class=\"wp-image-137366\" style=\"width: 85px;\" src=\"http:\/\/www.villaeducativa.edu.mx\/newspaper\/wp-content\/uploads\/2025\/07\/icoNP-villa.jpg\" alt=\"\"><\/td><td><strong><span class=\"has-inline-color has-vivid-cyan-blue-color\"><em>VILLA EDUCATIVA<\/em><\/span><\/strong><\/td><\/tr><tr><td class=\"has-text-align-right\" data-align=\"right\"><strong><span class=\"has-inline-color has-vivid-red-color\">24 y 25<\/span><\/strong><\/td><td><strong>\u2022 Juntas individuales de 5\u00b0 Villa Educativa<\/strong><\/td><\/tr><tr><td class=\"has-text-align-right\" data-align=\"right\"><img loading=\"lazy\" width=\"85\" height=\"35\" class=\"wp-image-137364\" style=\"width: 85px;\" src=\"http:\/\/www.villaeducativa.edu.mx\/newspaper\/wp-content\/uploads\/2025\/07\/icoNP-high.jpg\" alt=\"\"><\/td><td><strong><em><span class=\"has-inline-color has-cyan-bluish-gray-color\">VILLA HIGH<\/span><\/em><\/strong><\/td><\/tr><tr><td class=\"has-text-align-right\" data-align=\"right\"><span class=\"has-inline-color has-vivid-red-color\"><strong>24<\/strong><\/span><\/td><td><strong>\u2022 Inician juntas individuales 1\u00b0 Villa High<\/strong><\/td><\/tr><tr><td class=\"has-text-align-right\" data-align=\"right\"><strong><span class=\"has-inline-color has-vivid-red-color\">28<\/span><\/strong><\/td><td><strong>\u2022<\/strong> <strong>Reflect en Villa High<\/strong><\/td><\/tr><\/tbody><\/table><\/figure>\n\n\n\n<h5 class=\"has-text-align-center\"><strong>Diciembre<\/strong><\/h5>\n\n\n\n<figure class=\"wp-block-table\"><table><tbody><tr><td class=\"has-text-align-right\" data-align=\"right\"><\/td><td><strong><em>GENERAL<\/em><\/strong><\/td><\/tr><tr><td class=\"has-text-align-right\" data-align=\"right\"><strong><span class=\"has-inline-color has-vivid-red-color\">10 y 11<\/span><\/strong><\/td><td><strong><strong><strong>\u2022 <\/strong><\/strong>Trabajo en l\u00ednea debido a peregrinaciones<\/strong><\/td><\/tr><tr><td class=\"has-text-align-right\" data-align=\"right\"><strong><span class=\"has-inline-color has-vivid-red-color\">12<\/span><\/strong><\/td><td><strong><strong>\u2022<\/strong> A Magical X\u2019mas en Parque Aztl\u00e1n<\/strong><\/td><\/tr><tr><td class=\"has-text-align-right\" data-align=\"right\"><strong><span class=\"has-inline-color has-vivid-red-color\">19<\/span><\/strong><\/td><td><strong>\u2022 \u00daltimo d\u00eda de clases previo a vacaciones de fin de a\u00f1o<\/strong><\/td><\/tr><tr><td class=\"has-text-align-right\" data-align=\"right\"><img loading=\"lazy\" width=\"85\" height=\"35\" class=\"wp-image-137365\" style=\"width: 85px;\" src=\"http:\/\/www.villaeducativa.edu.mx\/newspaper\/wp-content\/uploads\/2025\/07\/icoNP-nursery.jpg\" alt=\"\"><\/td><td><strong><span class=\"has-inline-color has-luminous-vivid-orange-color\"><em>NURSERY<\/em><\/span><\/strong><\/td><\/tr><tr><td class=\"has-text-align-right\" data-align=\"right\"><strong><span class=\"has-inline-color has-vivid-red-color\">1<\/span><\/strong><\/td><td><strong><strong>\u2022<\/strong><\/strong> <strong>Sesi\u00f3n informativa para inscripciones a Nursery<\/strong><\/td><\/tr><tr><td class=\"has-text-align-right\" data-align=\"right\"><img loading=\"lazy\" width=\"85\" height=\"35\" class=\"wp-image-137363\" style=\"width: 85px;\" src=\"http:\/\/www.villaeducativa.edu.mx\/newspaper\/wp-content\/uploads\/2025\/07\/icoNP-happy.jpg\" alt=\"\"><\/td><td><strong><em><span class=\"has-inline-color has-luminous-vivid-amber-color\">HAPPY KINDER<\/span><\/em><\/strong><\/td><\/tr><tr><td class=\"has-text-align-right\" data-align=\"right\"><img loading=\"lazy\" width=\"85\" height=\"35\" class=\"wp-image-137366\" style=\"width: 85px;\" src=\"http:\/\/www.villaeducativa.edu.mx\/newspaper\/wp-content\/uploads\/2025\/07\/icoNP-villa.jpg\" alt=\"\"><\/td><td><strong><span class=\"has-inline-color has-vivid-cyan-blue-color\"><em>VILLA EDUCATIVA<\/em><\/span><\/strong><\/td><\/tr><tr><td class=\"has-text-align-right\" data-align=\"right\"><img loading=\"lazy\" width=\"85\" height=\"35\" class=\"wp-image-137364\" style=\"width: 85px;\" src=\"http:\/\/www.villaeducativa.edu.mx\/newspaper\/wp-content\/uploads\/2025\/07\/icoNP-high.jpg\" alt=\"\"><\/td><td><strong><em><span class=\"has-inline-color has-cyan-bluish-gray-color\">VILLA HIGH<\/span><\/em><\/strong><\/td><\/tr><tr><td class=\"has-text-align-right\" data-align=\"right\"><strong><span class=\"has-inline-color has-vivid-red-color\">5<\/span><\/strong><\/td><td><strong>\u2022 Math Fair VH3<\/strong><\/td><\/tr><tr><td class=\"has-text-align-right\" data-align=\"right\"><img loading=\"lazy\" width=\"1000\" height=\"401\" class=\"wp-image-12713\" style=\"width: 80px;\" src=\"http:\/\/www.villaeducativa.edu.mx\/newspaper\/wp-content\/uploads\/2016\/09\/logoclub.jpg\" alt=\"\" srcset=\"https:\/\/www.villaeducativa.edu.mx\/newspaper\/wp-content\/uploads\/2016\/09\/logoclub.jpg 1000w, https:\/\/www.villaeducativa.edu.mx\/newspaper\/wp-content\/uploads\/2016\/09\/logoclub-300x120.jpg 300w, https:\/\/www.villaeducativa.edu.mx\/newspaper\/wp-content\/uploads\/2016\/09\/logoclub-768x308.jpg 768w\" sizes=\"(max-width: 1000px) 100vw, 1000px\" \/><\/td><td><strong><span style=\"color:#1b3e74\" class=\"has-inline-color\"><em>CLUB AFTERSCHOOL<\/em><\/span><\/strong><\/td><\/tr><tr><td class=\"has-text-align-right\" data-align=\"right\"><strong><span class=\"has-inline-color has-vivid-red-color\">7<\/span><\/strong><\/td><td><strong><strong>\u2022 Partidos amistoso de f\u00fatbol en el Club Chapultepec<\/strong><\/strong><\/td><\/tr><tr><td class=\"has-text-align-right\" data-align=\"right\"><strong><span class=\"has-inline-color has-vivid-red-color\">19<\/span><\/strong><\/td><td><strong><strong>\u2022<\/strong> No hay actividades en Club AfterSchool<\/strong><\/td><\/tr><\/tbody><\/table><\/figure>\n\n\n\n<h5 class=\"has-text-align-center\"><strong>Enero<\/strong><\/h5>\n\n\n\n<figure class=\"wp-block-table\"><table><tbody><tr><td class=\"has-text-align-right\" data-align=\"right\"><\/td><td><strong><em>GENERAL<\/em><\/strong><\/td><\/tr><tr><td class=\"has-text-align-right\" data-align=\"right\"><strong><span class=\"has-inline-color has-vivid-red-color\">8 y 9<\/span><\/strong><\/td><td><strong><strong>\u2022 <\/strong>Formaci\u00f3n Docente (no habr\u00e1 clases)<\/strong><\/td><\/tr><tr><td class=\"has-text-align-right\" data-align=\"right\"><strong><span class=\"has-inline-color has-vivid-red-color\">12<\/span><\/strong><\/td><td><strong><strong><strong>\u2022 <\/strong><\/strong>Primer d\u00eda de clases despu\u00e9s de vacaciones&nbsp;de&nbsp;fin&nbsp;de&nbsp;a\u00f1o<\/strong><\/td><\/tr><\/tbody><\/table><\/figure>\n","protected":false},"excerpt":{"rendered":"<p>Les compartimos las fechas importantes que faltan en el mes de noviembre y las del mes de diciembre&#8230;<\/p>\n","protected":false},"author":2,"featured_media":147389,"comment_status":"closed","ping_status":"closed","sticky":false,"template":"","format":"standard","meta":{"ngg_post_thumbnail":0},"categories":[17],"tags":[],"_links":{"self":[{"href":"https:\/\/www.villaeducativa.edu.mx\/newspaper\/index.php?rest_route=\/wp\/v2\/posts\/147388"}],"collection":[{"href":"https:\/\/www.villaeducativa.edu.mx\/newspaper\/index.php?rest_route=\/wp\/v2\/posts"}],"about":[{"href":"https:\/\/www.villaeducativa.edu.mx\/newspaper\/index.php?rest_route=\/wp\/v2\/types\/post"}],"author":[{"embeddable":true,"href":"https:\/\/www.villaeducativa.edu.mx\/newspaper\/index.php?rest_route=\/wp\/v2\/users\/2"}],"replies":[{"embeddable":true,"href":"https:\/\/www.villaeducativa.edu.mx\/newspaper\/index.php?rest_route=%2Fwp%2Fv2%2Fcomments&post=147388"}],"version-history":[{"count":3,"href":"https:\/\/www.villaeducativa.edu.mx\/newspaper\/index.php?rest_route=\/wp\/v2\/posts\/147388\/revisions"}],"predecessor-version":[{"id":147964,"href":"https:\/\/www.villaeducativa.edu.mx\/newspaper\/index.php?rest_route=\/wp\/v2\/posts\/147388\/revisions\/147964"}],"wp:featuredmedia":[{"embeddable":true,"href":"https:\/\/www.villaeducativa.edu.mx\/newspaper\/index.php?rest_route=\/wp\/v2\/media\/147389"}],"wp:attachment":[{"href":"https:\/\/www.villaeducativa.edu.mx\/newspaper\/index.php?rest_route=%2Fwp%2Fv2%2Fmedia&parent=147388"}],"wp:term":[{"taxonomy":"category","embeddable":true,"href":"https:\/\/www.villaeducativa.edu.mx\/newspaper\/index.php?rest_route=%2Fwp%2Fv2%2Fcategories&post=147388"},{"taxonomy":"post_tag","embeddable":true,"href":"https:\/\/www.villaeducativa.edu.mx\/newspaper\/index.php?rest_route=%2Fwp%2Fv2%2Ftags&post=147388"}],"curies":[{"name":"wp","href":"https:\/\/api.w.org\/{rel}","templated":true}]}}