{"id":147245,"date":"2025-11-11T09:20:00","date_gmt":"2025-11-11T15:20:00","guid":{"rendered":"https:\/\/www.villaeducativa.edu.mx\/newspaper\/?p=147245"},"modified":"2025-11-10T20:18:43","modified_gmt":"2025-11-11T02:18:43","slug":"escuela-para-padres-crecer-entre-pantallas","status":"publish","type":"post","link":"https:\/\/www.villaeducativa.edu.mx\/newspaper\/?p=147245","title":{"rendered":"Escuela para Padres: \u201cCrecer entre pantallas\u201d"},"content":{"rendered":"\n<p>Aprende c\u00f3mo educar en el mundo digital sin caer en los extremos: ni sobreprotecci\u00f3n, ni abandono. Una charla imperdible para padres que quieren acompa\u00f1ar a sus hijos con equilibrio y conciencia digital.<\/p>\n\n\n\n<p>Conferencia virtual  impartida por <strong>Cristina Fortuni<\/strong> especialista en el uso seguro y responsable de la tecnolog\u00eda. <\/p>\n\n\n\n<ul><li>Fecha: mi\u00e9rcoles 26 de noviembre <\/li><li>Hora: 6:30 p.m. <\/li><li>Google Meet: <strong><em><span class=\"has-inline-color has-vivid-cyan-blue-color\">https:\/\/meet.google.com\/erf-brqp-ucc<\/span><\/em><\/strong><\/li><\/ul>\n\n\n\n<p><strong><span class=\"has-inline-color has-vivid-cyan-blue-color\">Jacive Monroe<br><\/span><\/strong><span class=\"has-inline-color has-vivid-cyan-blue-color\"><em>Coordinadora Operativa<\/em><\/span><\/p>\n\n\n\n<p><\/p>\n\n\n\n<div class=\"wp-block-image\"><figure class=\"aligncenter size-large\"><a href=\"https:\/\/meet.google.com\/erf-brqp-ucc\"><img loading=\"lazy\" width=\"450\" height=\"800\" src=\"https:\/\/www.villaeducativa.edu.mx\/newspaper\/wp-content\/uploads\/2025\/11\/conferenciapantalla.jpg\" alt=\"\" class=\"wp-image-147246\" srcset=\"https:\/\/www.villaeducativa.edu.mx\/newspaper\/wp-content\/uploads\/2025\/11\/conferenciapantalla.jpg 450w, https:\/\/www.villaeducativa.edu.mx\/newspaper\/wp-content\/uploads\/2025\/11\/conferenciapantalla-169x300.jpg 169w\" sizes=\"(max-width: 450px) 100vw, 450px\" \/><\/a><\/figure><\/div>\n","protected":false},"excerpt":{"rendered":"<p>Aprende c\u00f3mo educar en el mundo digital sin caer en los extremos: ni sobreprotecci\u00f3n, ni abandono. Una charla imperdible para padres que quieren acompa\u00f1ar a sus hijos con equilibrio y conciencia digital. Conferencia virtual impartida por Cristina Fortuni especialista en el uso seguro y responsable de la tecnolog\u00eda. Fecha: mi\u00e9rcoles&hellip; <\/p>\n","protected":false},"author":2,"featured_media":147332,"comment_status":"closed","ping_status":"closed","sticky":false,"template":"","format":"standard","meta":{"ngg_post_thumbnail":0},"categories":[17],"tags":[],"_links":{"self":[{"href":"https:\/\/www.villaeducativa.edu.mx\/newspaper\/index.php?rest_route=\/wp\/v2\/posts\/147245"}],"collection":[{"href":"https:\/\/www.villaeducativa.edu.mx\/newspaper\/index.php?rest_route=\/wp\/v2\/posts"}],"about":[{"href":"https:\/\/www.villaeducativa.edu.mx\/newspaper\/index.php?rest_route=\/wp\/v2\/types\/post"}],"author":[{"embeddable":true,"href":"https:\/\/www.villaeducativa.edu.mx\/newspaper\/index.php?rest_route=\/wp\/v2\/users\/2"}],"replies":[{"embeddable":true,"href":"https:\/\/www.villaeducativa.edu.mx\/newspaper\/index.php?rest_route=%2Fwp%2Fv2%2Fcomments&post=147245"}],"version-history":[{"count":1,"href":"https:\/\/www.villaeducativa.edu.mx\/newspaper\/index.php?rest_route=\/wp\/v2\/posts\/147245\/revisions"}],"predecessor-version":[{"id":147247,"href":"https:\/\/www.villaeducativa.edu.mx\/newspaper\/index.php?rest_route=\/wp\/v2\/posts\/147245\/revisions\/147247"}],"wp:featuredmedia":[{"embeddable":true,"href":"https:\/\/www.villaeducativa.edu.mx\/newspaper\/index.php?rest_route=\/wp\/v2\/media\/147332"}],"wp:attachment":[{"href":"https:\/\/www.villaeducativa.edu.mx\/newspaper\/index.php?rest_route=%2Fwp%2Fv2%2Fmedia&parent=147245"}],"wp:term":[{"taxonomy":"category","embeddable":true,"href":"https:\/\/www.villaeducativa.edu.mx\/newspaper\/index.php?rest_route=%2Fwp%2Fv2%2Fcategories&post=147245"},{"taxonomy":"post_tag","embeddable":true,"href":"https:\/\/www.villaeducativa.edu.mx\/newspaper\/index.php?rest_route=%2Fwp%2Fv2%2Ftags&post=147245"}],"curies":[{"name":"wp","href":"https:\/\/api.w.org\/{rel}","templated":true}]}}