{"id":144525,"date":"2025-10-28T08:50:00","date_gmt":"2025-10-28T14:50:00","guid":{"rendered":"https:\/\/www.villaeducativa.edu.mx\/newspaper\/?p=144525"},"modified":"2025-10-24T14:58:44","modified_gmt":"2025-10-24T19:58:44","slug":"happy-kinder-and-the-prisoners-of-azkaban-2","status":"publish","type":"post","link":"https:\/\/www.villaeducativa.edu.mx\/newspaper\/?p=144525","title":{"rendered":"Happy Kinder and the Prisoners of Azkaban"},"content":{"rendered":"\n<p>Wizards and witches, remember that tomorrow is our magical reunion!\u00a0 Your magical presence is requested at our Halloween!\u00a0 Join us for a spellbinding celebration!<\/p>\n\n\n\n<p>Summon your broomstick and fly on over to our Happy Kinder School of Wizardry.&nbsp; Dress in your favorite wizarding robe or magical attire, and come prepared for an adventure in the wizarding world.&nbsp; Muggles are not allowed, so keep this invitation a secret!<\/p>\n\n\n\n<p>We have prepared many activities, and we can\u2019t wait to celebrate this magical day with you!&nbsp;&nbsp;<\/p>\n\n\n\n<p>Regular schedule for both Happy Kinder and Club AfterSchool.<\/p>\n\n\n\n<hr class=\"wp-block-separator\"\/>\n\n\n\n<p><em><strong>Happy Kinder y los prisioneros de Azkaban<\/strong><br>\u00a1Magos y brujas, recuerden que ma\u00f1ana es nuestra m\u00e1gica reuni\u00f3n! \u00a1Se solicita su m\u00e1gica presencia para celebrar nuestro Halloween!\u00a0<\/em><\/p>\n\n\n\n<p><em>Traigan a su escoba m\u00e1gica y vuelen a nuestro castillo m\u00e1gico de Happy Kinder, escuela de hechiceros. V\u00edstanse con su t\u00fanica o atuendo m\u00e1gico favorito y vengan preparados para una aventura en un mundo m\u00e1gico. No se admiten muggles, \u00a1as\u00ed que mantengan esta invitaci\u00f3n en secreto!<\/em><\/p>\n\n\n\n<p><em>Hemos preparado muchas actividades; \u00a1estamos deseando celebrar este d\u00eda m\u00e1gico con ustedes!<\/em><\/p>\n\n\n\n<p><em>Horario habitual tanto para Happy Kinder como para el Club After School.<\/em><\/p>\n\n\n\n<p><strong><span class=\"has-inline-color has-vivid-cyan-blue-color\">Carlie Garc\u00eda<br><\/span><\/strong><span class=\"has-inline-color has-vivid-cyan-blue-color\"><em>Preschool Principal<\/em><\/span><\/p>\n\n\n\n<div class=\"wp-block-image\"><figure class=\"aligncenter size-large is-resized\"><a href=\"http:\/\/www.villaeducativa.edu.mx\/newspaper\/wp-content\/uploads\/2025\/10\/IMG-20251006-WA0001.jpg\"><img loading=\"lazy\" src=\"http:\/\/www.villaeducativa.edu.mx\/newspaper\/wp-content\/uploads\/2025\/10\/IMG-20251006-WA0001.jpg\" alt=\"\" class=\"wp-image-143033\" width=\"400\" height=\"400\" srcset=\"https:\/\/www.villaeducativa.edu.mx\/newspaper\/wp-content\/uploads\/2025\/10\/IMG-20251006-WA0001.jpg 800w, https:\/\/www.villaeducativa.edu.mx\/newspaper\/wp-content\/uploads\/2025\/10\/IMG-20251006-WA0001-300x300.jpg 300w, https:\/\/www.villaeducativa.edu.mx\/newspaper\/wp-content\/uploads\/2025\/10\/IMG-20251006-WA0001-150x150.jpg 150w, https:\/\/www.villaeducativa.edu.mx\/newspaper\/wp-content\/uploads\/2025\/10\/IMG-20251006-WA0001-768x768.jpg 768w, https:\/\/www.villaeducativa.edu.mx\/newspaper\/wp-content\/uploads\/2025\/10\/IMG-20251006-WA0001-600x600.jpg 600w, https:\/\/www.villaeducativa.edu.mx\/newspaper\/wp-content\/uploads\/2025\/10\/IMG-20251006-WA0001-100x100.jpg 100w\" sizes=\"(max-width: 400px) 100vw, 400px\" \/><\/a><\/figure><\/div>\n","protected":false},"excerpt":{"rendered":"<p>Wizards and witches, remember that tomorrow is our magical reunion!\u00a0 Your magical presence is requested at our Halloween!\u00a0 Join us for a spellbinding celebration! Summon your broomstick and fly on over to our Happy Kinder School of Wizardry.&nbsp; Dress in your favorite wizarding robe or magical attire, and come prepared&hellip; <\/p>\n","protected":false},"author":2,"featured_media":144526,"comment_status":"closed","ping_status":"closed","sticky":false,"template":"","format":"standard","meta":{"ngg_post_thumbnail":0},"categories":[2],"tags":[],"_links":{"self":[{"href":"https:\/\/www.villaeducativa.edu.mx\/newspaper\/index.php?rest_route=\/wp\/v2\/posts\/144525"}],"collection":[{"href":"https:\/\/www.villaeducativa.edu.mx\/newspaper\/index.php?rest_route=\/wp\/v2\/posts"}],"about":[{"href":"https:\/\/www.villaeducativa.edu.mx\/newspaper\/index.php?rest_route=\/wp\/v2\/types\/post"}],"author":[{"embeddable":true,"href":"https:\/\/www.villaeducativa.edu.mx\/newspaper\/index.php?rest_route=\/wp\/v2\/users\/2"}],"replies":[{"embeddable":true,"href":"https:\/\/www.villaeducativa.edu.mx\/newspaper\/index.php?rest_route=%2Fwp%2Fv2%2Fcomments&post=144525"}],"version-history":[{"count":1,"href":"https:\/\/www.villaeducativa.edu.mx\/newspaper\/index.php?rest_route=\/wp\/v2\/posts\/144525\/revisions"}],"predecessor-version":[{"id":144527,"href":"https:\/\/www.villaeducativa.edu.mx\/newspaper\/index.php?rest_route=\/wp\/v2\/posts\/144525\/revisions\/144527"}],"wp:featuredmedia":[{"embeddable":true,"href":"https:\/\/www.villaeducativa.edu.mx\/newspaper\/index.php?rest_route=\/wp\/v2\/media\/144526"}],"wp:attachment":[{"href":"https:\/\/www.villaeducativa.edu.mx\/newspaper\/index.php?rest_route=%2Fwp%2Fv2%2Fmedia&parent=144525"}],"wp:term":[{"taxonomy":"category","embeddable":true,"href":"https:\/\/www.villaeducativa.edu.mx\/newspaper\/index.php?rest_route=%2Fwp%2Fv2%2Fcategories&post=144525"},{"taxonomy":"post_tag","embeddable":true,"href":"https:\/\/www.villaeducativa.edu.mx\/newspaper\/index.php?rest_route=%2Fwp%2Fv2%2Ftags&post=144525"}],"curies":[{"name":"wp","href":"https:\/\/api.w.org\/{rel}","templated":true}]}}