{"id":144276,"date":"2025-10-21T09:25:00","date_gmt":"2025-10-21T14:25:00","guid":{"rendered":"https:\/\/www.villaeducativa.edu.mx\/newspaper\/?p=144276"},"modified":"2025-10-23T11:57:25","modified_gmt":"2025-10-23T16:57:25","slug":"fechas-importantes-noviembre","status":"publish","type":"post","link":"https:\/\/www.villaeducativa.edu.mx\/newspaper\/?p=144276","title":{"rendered":"Fechas importantes noviembre"},"content":{"rendered":"\n<h5 class=\"has-text-align-center\">Pendientes de o<strong>ctubre<\/strong><\/h5>\n\n\n\n<figure class=\"wp-block-table\"><table><tbody><tr><td class=\"has-text-align-right\" data-align=\"right\"><\/td><td><strong><em>GENERAL<\/em><\/strong><\/td><\/tr><tr><td class=\"has-text-align-right\" data-align=\"right\"><strong><span class=\"has-inline-color has-vivid-red-color\">22<\/span><\/strong><\/td><td><strong>\u2022 Escuela para padres virtual: El pa\u00f1al no se quita, se deja<\/strong>.<\/td><\/tr><tr><td class=\"has-text-align-right\" data-align=\"right\"><strong><span class=\"has-inline-color has-vivid-red-color\">30<\/span><\/strong><\/td><td><strong>\u2022 S\u00ed habr\u00e1 servicio de Club en horario regular<\/strong>.<\/td><\/tr><tr><td class=\"has-text-align-right\" data-align=\"right\"><strong><span class=\"has-inline-color has-vivid-red-color\">31<\/span><\/strong><\/td><td><strong>\u2022 No hay clases por consejo t\u00e9cnico y capacitaci\u00f3n<\/strong>.<\/td><\/tr><tr><td class=\"has-text-align-right\" data-align=\"right\"><img loading=\"lazy\" width=\"85\" height=\"35\" class=\"wp-image-137365\" style=\"width: 85px;\" src=\"http:\/\/www.villaeducativa.edu.mx\/newspaper\/wp-content\/uploads\/2025\/07\/icoNP-nursery.jpg\" alt=\"\"><\/td><td><strong><span class=\"has-inline-color has-luminous-vivid-orange-color\"><em>NURSERY<\/em><\/span><\/strong><\/td><\/tr><tr><td class=\"has-text-align-right\" data-align=\"right\"><strong><span class=\"has-inline-color has-vivid-red-color\">30<\/span><\/strong><\/td><td><strong>\u2022 Halloween Nursery (horario regular)<\/strong>.<\/td><\/tr><tr><td class=\"has-text-align-right\" data-align=\"right\"><img loading=\"lazy\" width=\"85\" height=\"35\" class=\"wp-image-137363\" style=\"width: 85px;\" src=\"http:\/\/www.villaeducativa.edu.mx\/newspaper\/wp-content\/uploads\/2025\/07\/icoNP-happy.jpg\" alt=\"\"><\/td><td><strong><em><span class=\"has-inline-color has-luminous-vivid-amber-color\">HAPPY KINDER<\/span><\/em><\/strong><\/td><\/tr><tr><td class=\"has-text-align-right\" data-align=\"right\"><strong><span class=\"has-inline-color has-vivid-red-color\">29<\/span><\/strong><\/td><td><strong><strong>\u2022<\/strong><\/strong> <strong><strong>Halloween Happy Kinder (horario regular)<\/strong><\/strong>.<\/td><\/tr><tr><td class=\"has-text-align-right\" data-align=\"right\"><img loading=\"lazy\" width=\"85\" height=\"35\" class=\"wp-image-137366\" style=\"width: 85px;\" src=\"http:\/\/www.villaeducativa.edu.mx\/newspaper\/wp-content\/uploads\/2025\/07\/icoNP-villa.jpg\" alt=\"\"><\/td><td><strong><span class=\"has-inline-color has-vivid-cyan-blue-color\"><em>VILLA EDUCATIVA<\/em><\/span><\/strong><\/td><\/tr><tr><td class=\"has-text-align-right\" data-align=\"right\"><strong><span class=\"has-inline-color has-vivid-red-color\">30<\/span><\/strong><\/td><td><strong>\u2022 Halloween Villa Educativa (salida 12:30 p.m.)<\/strong>.<\/td><\/tr><tr><td class=\"has-text-align-right\" data-align=\"right\"><img loading=\"lazy\" width=\"85\" height=\"35\" class=\"wp-image-137364\" style=\"width: 85px;\" src=\"http:\/\/www.villaeducativa.edu.mx\/newspaper\/wp-content\/uploads\/2025\/07\/icoNP-high.jpg\" alt=\"\"><\/td><td><strong><em><span class=\"has-inline-color has-cyan-bluish-gray-color\">VILLA HIGH<\/span><\/em><\/strong><\/td><\/tr><tr><td class=\"has-text-align-right\" data-align=\"right\"><strong><span class=\"has-inline-color has-vivid-red-color\">22, 23, <br>28 y 29<\/span><\/strong><\/td><td><strong>\u2022 Talleres Tec para alumnos en Villa High<\/strong>.<\/td><\/tr><tr><td class=\"has-text-align-right\" data-align=\"right\"><strong><span class=\"has-inline-color has-vivid-red-color\">30<\/span><\/strong><\/td><td><strong>\u2022 Halloween Villa High (salida 12:10 p.m.)<\/strong>.<\/td><\/tr><\/tbody><\/table><\/figure>\n\n\n\n<h5 class=\"has-text-align-center\"><strong>Noviembre<\/strong><\/h5>\n\n\n\n<figure class=\"wp-block-table\"><table><tbody><tr><td class=\"has-text-align-right\" data-align=\"right\"><\/td><td><strong><em>GENERAL<\/em><\/strong><\/td><\/tr><tr><td class=\"has-text-align-right\" data-align=\"right\"><strong><span class=\"has-inline-color has-vivid-red-color\">9<\/span><\/strong><\/td><td><strong><strong><strong>\u2022 Competencia Cheer &amp; Dance<\/strong><\/strong><\/strong><\/td><\/tr><tr><td class=\"has-text-align-right\" data-align=\"right\"><strong><span class=\"has-inline-color has-vivid-red-color\">10<\/span><\/strong><\/td><td><strong><strong><strong>\u2022 <strong><strong>\u00daltimo d\u00eda para cubrir colegiatura con bonificaci\u00f3n<\/strong><\/strong>.<\/strong><\/strong><\/strong><\/td><\/tr><tr><td class=\"has-text-align-right\" data-align=\"right\"><strong><span class=\"has-inline-color has-vivid-red-color\">14<\/span><\/strong><\/td><td><strong><strong>\u2022<\/strong><\/strong> <strong>S\u00ed hay clases (aunque es descarga acad\u00e9mica, ya que se cambi\u00f3<br>por el 15 de septiembre)<\/strong><\/td><\/tr><tr><td class=\"has-text-align-right\" data-align=\"right\"><strong><span class=\"has-inline-color has-vivid-red-color\">17<\/span><\/strong><\/td><td><strong>\u2022 No hay clases por conmemoraci\u00f3n de la Revoluci\u00f3n Mexicana<\/strong><\/td><\/tr><tr><td class=\"has-text-align-right\" data-align=\"right\"><strong><span class=\"has-inline-color has-vivid-red-color\">18<\/span><\/strong><\/td><td><strong>\u2022 Se publica boleta de 1er trimestre<\/strong><br><strong>\u2022<\/strong> <strong>Iniciamos venta de boletos Magical X\u2019mas<\/strong><\/td><\/tr><tr><td class=\"has-text-align-right\" data-align=\"right\"><strong><span class=\"has-inline-color has-vivid-red-color\">27<\/span><\/strong><\/td><td><strong>\u2022 Celebraci\u00f3n interna de Thanksgiving<\/strong><\/td><\/tr><tr><td class=\"has-text-align-right\" data-align=\"right\"><strong><span class=\"has-inline-color has-vivid-red-color\">28<\/span><\/strong><\/td><td><strong>\u2022 No hay clases por consejo t\u00e9cnico&nbsp;y&nbsp;capacitaci\u00f3n<\/strong><\/td><\/tr><tr><td class=\"has-text-align-right\" data-align=\"right\"><img loading=\"lazy\" width=\"85\" height=\"35\" class=\"wp-image-137365\" style=\"width: 85px;\" src=\"http:\/\/www.villaeducativa.edu.mx\/newspaper\/wp-content\/uploads\/2025\/07\/icoNP-nursery.jpg\" alt=\"\"><\/td><td><strong><span class=\"has-inline-color has-luminous-vivid-orange-color\"><em>NURSERY<\/em><\/span><\/strong><\/td><\/tr><tr><td class=\"has-text-align-right\" data-align=\"right\"><img loading=\"lazy\" width=\"85\" height=\"35\" class=\"wp-image-137363\" style=\"width: 85px;\" src=\"http:\/\/www.villaeducativa.edu.mx\/newspaper\/wp-content\/uploads\/2025\/07\/icoNP-happy.jpg\" alt=\"\"><\/td><td><strong><em><span class=\"has-inline-color has-luminous-vivid-amber-color\">HAPPY KINDER<\/span><\/em><\/strong><\/td><\/tr><tr><td class=\"has-text-align-right\" data-align=\"right\"><strong><span class=\"has-inline-color has-vivid-red-color\">4,5 y 7<\/span><\/strong><\/td><td><strong><strong>\u2022<\/strong><\/strong> <strong>Juntas individuales Kinder 2<\/strong><\/td><\/tr><tr><td class=\"has-text-align-right\" data-align=\"right\"><strong><span class=\"has-inline-color has-vivid-red-color\">18, 19 y 21<\/span><\/strong><\/td><td><strong>\u2022 Juntas individuales de Kinder 3<\/strong><\/td><\/tr><tr><td class=\"has-text-align-right\" data-align=\"right\"><img loading=\"lazy\" width=\"85\" height=\"35\" class=\"wp-image-137366\" style=\"width: 85px;\" src=\"http:\/\/www.villaeducativa.edu.mx\/newspaper\/wp-content\/uploads\/2025\/07\/icoNP-villa.jpg\" alt=\"\"><\/td><td><strong><span class=\"has-inline-color has-vivid-cyan-blue-color\"><em>VILLA EDUCATIVA<\/em><\/span><\/strong><\/td><\/tr><tr><td class=\"has-text-align-right\" data-align=\"right\"><strong><span class=\"has-inline-color has-vivid-red-color\">11 al 12<\/span><\/strong><\/td><td><strong>\u2022 Juntas individuales 2\u00b0 Villa Educativa<\/strong><\/td><\/tr><tr><td class=\"has-text-align-right\" data-align=\"right\"><strong><span class=\"has-inline-color has-vivid-red-color\">24 y 25<\/span><\/strong><\/td><td><strong>\u2022 Juntas individuales de 5\u00b0 Villa Educativa<\/strong><\/td><\/tr><tr><td class=\"has-text-align-right\" data-align=\"right\"><img loading=\"lazy\" width=\"85\" height=\"35\" class=\"wp-image-137364\" style=\"width: 85px;\" src=\"http:\/\/www.villaeducativa.edu.mx\/newspaper\/wp-content\/uploads\/2025\/07\/icoNP-high.jpg\" alt=\"\"><\/td><td><strong><em><span class=\"has-inline-color has-cyan-bluish-gray-color\">VILLA HIGH<\/span><\/em><\/strong><\/td><\/tr><tr><td class=\"has-text-align-right\" data-align=\"right\"><span class=\"has-inline-color has-vivid-red-color\"><strong>5<\/strong><\/span><\/td><td><strong>\u2022 Tzompantli: Concurso de arte en Villa High<\/strong><\/td><\/tr><tr><td class=\"has-text-align-right\" data-align=\"right\"><span class=\"has-inline-color has-vivid-red-color\"><strong>24<\/strong><\/span><\/td><td><strong>\u2022 Inician juntas individuales 1\u00b0 Villa High<\/strong><\/td><\/tr><\/tbody><\/table><\/figure>\n","protected":false},"excerpt":{"rendered":"<p>Pendientes de octubre GENERAL 22 \u2022 Escuela para padres virtual: El pa\u00f1al no se quita, se deja. 30 \u2022 S\u00ed habr\u00e1 servicio de Club en horario regular. 31 \u2022 No hay clases por consejo t\u00e9cnico y capacitaci\u00f3n. NURSERY 30 \u2022 Halloween Nursery (horario regular). HAPPY KINDER 29 \u2022 Halloween Happy&hellip; <\/p>\n","protected":false},"author":2,"featured_media":144277,"comment_status":"closed","ping_status":"closed","sticky":false,"template":"","format":"standard","meta":{"ngg_post_thumbnail":0},"categories":[17],"tags":[],"_links":{"self":[{"href":"https:\/\/www.villaeducativa.edu.mx\/newspaper\/index.php?rest_route=\/wp\/v2\/posts\/144276"}],"collection":[{"href":"https:\/\/www.villaeducativa.edu.mx\/newspaper\/index.php?rest_route=\/wp\/v2\/posts"}],"about":[{"href":"https:\/\/www.villaeducativa.edu.mx\/newspaper\/index.php?rest_route=\/wp\/v2\/types\/post"}],"author":[{"embeddable":true,"href":"https:\/\/www.villaeducativa.edu.mx\/newspaper\/index.php?rest_route=\/wp\/v2\/users\/2"}],"replies":[{"embeddable":true,"href":"https:\/\/www.villaeducativa.edu.mx\/newspaper\/index.php?rest_route=%2Fwp%2Fv2%2Fcomments&post=144276"}],"version-history":[{"count":2,"href":"https:\/\/www.villaeducativa.edu.mx\/newspaper\/index.php?rest_route=\/wp\/v2\/posts\/144276\/revisions"}],"predecessor-version":[{"id":144393,"href":"https:\/\/www.villaeducativa.edu.mx\/newspaper\/index.php?rest_route=\/wp\/v2\/posts\/144276\/revisions\/144393"}],"wp:featuredmedia":[{"embeddable":true,"href":"https:\/\/www.villaeducativa.edu.mx\/newspaper\/index.php?rest_route=\/wp\/v2\/media\/144277"}],"wp:attachment":[{"href":"https:\/\/www.villaeducativa.edu.mx\/newspaper\/index.php?rest_route=%2Fwp%2Fv2%2Fmedia&parent=144276"}],"wp:term":[{"taxonomy":"category","embeddable":true,"href":"https:\/\/www.villaeducativa.edu.mx\/newspaper\/index.php?rest_route=%2Fwp%2Fv2%2Fcategories&post=144276"},{"taxonomy":"post_tag","embeddable":true,"href":"https:\/\/www.villaeducativa.edu.mx\/newspaper\/index.php?rest_route=%2Fwp%2Fv2%2Ftags&post=144276"}],"curies":[{"name":"wp","href":"https:\/\/api.w.org\/{rel}","templated":true}]}}