{"id":143943,"date":"2025-10-21T09:15:00","date_gmt":"2025-10-21T14:15:00","guid":{"rendered":"https:\/\/www.villaeducativa.edu.mx\/newspaper\/?p=143943"},"modified":"2025-10-20T15:09:13","modified_gmt":"2025-10-20T20:09:13","slug":"lets-sing-together-2","status":"publish","type":"post","link":"https:\/\/www.villaeducativa.edu.mx\/newspaper\/?p=143943","title":{"rendered":"Let\u2019s Sing Together!"},"content":{"rendered":"\n<p>Our <strong>first Sing-Along of the school year<\/strong> is just around the corner, and we\u2019d love to remind you that you\u2019re warmly invited to join us for this special event!<\/p>\n\n\n\n<p><strong>Date:<\/strong> Monday, October 27<br><strong>Times:<\/strong> 1:35 p.m. and 2:55 p.m.<br><em>(The time will depend on your child\u2019s program schedule)<\/em><em><br><\/em><strong>Estimated duration:<\/strong> 10 minutes<\/p>\n\n\n\n<p>Every morning, our children start the day singing with joy \u2014 and this is your chance to be part of that beautiful routine! We\u2019ll sing, laugh, and maybe even dance together! Your presence will make this moment even more meaningful for the kids.<\/p>\n\n\n\n<p>We\u2019re excited to see you there!<\/p>\n\n\n\n<hr class=\"wp-block-separator\"\/>\n\n\n\n<p><em><strong>Sing-Along en familia<\/strong><br>\u00a1Se acerca nuestro <strong>primer Sing-Along del ciclo escolar<\/strong> y queremos recordarles que est\u00e1n cordialmente invitados a acompa\u00f1arnos en este momento tan especial!<\/em><\/p>\n\n\n\n<p><em><strong>Fecha:<\/strong> Lunes 27 de octubre<br><strong>Horarios:<\/strong> 1:35 p.m. y 2:55 p.m.<br>(El horario depender\u00e1 de la hora de salida del programa de su hijo\/a)<br><strong>Duraci\u00f3n estimada:<\/strong> 10 minutos<\/em><\/p>\n\n\n\n<p><em>Cada ma\u00f1ana, nuestros ni\u00f1os inician el d\u00eda cantando con alegr\u00eda, y esta es una hermosa oportunidad para que vivan esta rutina junto a ellos. <\/em><\/p>\n\n\n\n<p><em>\u00a1Cantaremos, reiremos y quiz\u00e1s hasta bailemos un poco!<\/em><\/p>\n\n\n\n<p><strong><span class=\"has-inline-color has-vivid-cyan-blue-color\">Yustine Sandoval<br><\/span><\/strong><span class=\"has-inline-color has-vivid-cyan-blue-color\"><em>Happy Nursery Coordinator<\/em><\/span><\/p>\n","protected":false},"excerpt":{"rendered":"<p>Our first Sing-Along of the school year is just around the corner, and we\u2019d love to remind you that you\u2019re warmly invited to join us for this special event! Date: Monday, October 27Times: 1:35 p.m. and 2:55 p.m.(The time will depend on your child\u2019s program schedule)Estimated duration: 10 minutes Every&hellip; <\/p>\n","protected":false},"author":2,"featured_media":143952,"comment_status":"closed","ping_status":"closed","sticky":false,"template":"","format":"standard","meta":{"ngg_post_thumbnail":0},"categories":[71],"tags":[],"_links":{"self":[{"href":"https:\/\/www.villaeducativa.edu.mx\/newspaper\/index.php?rest_route=\/wp\/v2\/posts\/143943"}],"collection":[{"href":"https:\/\/www.villaeducativa.edu.mx\/newspaper\/index.php?rest_route=\/wp\/v2\/posts"}],"about":[{"href":"https:\/\/www.villaeducativa.edu.mx\/newspaper\/index.php?rest_route=\/wp\/v2\/types\/post"}],"author":[{"embeddable":true,"href":"https:\/\/www.villaeducativa.edu.mx\/newspaper\/index.php?rest_route=\/wp\/v2\/users\/2"}],"replies":[{"embeddable":true,"href":"https:\/\/www.villaeducativa.edu.mx\/newspaper\/index.php?rest_route=%2Fwp%2Fv2%2Fcomments&post=143943"}],"version-history":[{"count":1,"href":"https:\/\/www.villaeducativa.edu.mx\/newspaper\/index.php?rest_route=\/wp\/v2\/posts\/143943\/revisions"}],"predecessor-version":[{"id":143953,"href":"https:\/\/www.villaeducativa.edu.mx\/newspaper\/index.php?rest_route=\/wp\/v2\/posts\/143943\/revisions\/143953"}],"wp:featuredmedia":[{"embeddable":true,"href":"https:\/\/www.villaeducativa.edu.mx\/newspaper\/index.php?rest_route=\/wp\/v2\/media\/143952"}],"wp:attachment":[{"href":"https:\/\/www.villaeducativa.edu.mx\/newspaper\/index.php?rest_route=%2Fwp%2Fv2%2Fmedia&parent=143943"}],"wp:term":[{"taxonomy":"category","embeddable":true,"href":"https:\/\/www.villaeducativa.edu.mx\/newspaper\/index.php?rest_route=%2Fwp%2Fv2%2Fcategories&post=143943"},{"taxonomy":"post_tag","embeddable":true,"href":"https:\/\/www.villaeducativa.edu.mx\/newspaper\/index.php?rest_route=%2Fwp%2Fv2%2Ftags&post=143943"}],"curies":[{"name":"wp","href":"https:\/\/api.w.org\/{rel}","templated":true}]}}