{"id":143778,"date":"2025-10-14T07:23:00","date_gmt":"2025-10-14T12:23:00","guid":{"rendered":"https:\/\/www.villaeducativa.edu.mx\/newspaper\/?p=143778"},"modified":"2025-10-13T22:39:00","modified_gmt":"2025-10-14T03:39:00","slug":"avisos-cheer-dance","status":"publish","type":"post","link":"https:\/\/www.villaeducativa.edu.mx\/newspaper\/?p=143778","title":{"rendered":"Avisos Cheer &#038; Dance"},"content":{"rendered":"\n<p>Les recordamos que la siguiente semana (20 al 24 octubre) es el segundo pago del <strong>uniforme de Gala.<\/strong><\/p>\n\n\n\n<p>El <strong>mo\u00f1o <\/strong>es un nuevo dise\u00f1o, para que lo tomen en cuenta.<\/p>\n\n\n\n<div class=\"wp-block-image\"><figure class=\"aligncenter size-large is-resized\"><a href=\"https:\/\/www.villaeducativa.edu.mx\/newspaper\/wp-content\/uploads\/2025\/10\/karatek1-2.jpg\"><img loading=\"lazy\" src=\"https:\/\/www.villaeducativa.edu.mx\/newspaper\/wp-content\/uploads\/2025\/10\/karatek1-2-1024x576.jpg\" alt=\"\" class=\"wp-image-143780\" width=\"356\" height=\"199\" srcset=\"https:\/\/www.villaeducativa.edu.mx\/newspaper\/wp-content\/uploads\/2025\/10\/karatek1-2-1024x576.jpg 1024w, https:\/\/www.villaeducativa.edu.mx\/newspaper\/wp-content\/uploads\/2025\/10\/karatek1-2-300x169.jpg 300w, https:\/\/www.villaeducativa.edu.mx\/newspaper\/wp-content\/uploads\/2025\/10\/karatek1-2-768x432.jpg 768w, https:\/\/www.villaeducativa.edu.mx\/newspaper\/wp-content\/uploads\/2025\/10\/karatek1-2-1536x864.jpg 1536w, https:\/\/www.villaeducativa.edu.mx\/newspaper\/wp-content\/uploads\/2025\/10\/karatek1-2.jpg 1600w\" sizes=\"(max-width: 356px) 100vw, 356px\" \/><\/a><\/figure><\/div>\n\n\n\n<p>El precio de <strong>competencia<\/strong> por alumna es de $600 pesos, mismo que se deber\u00e1 pagar en caja en efectivo a partir del d\u00eda 15 octubre.<\/p>\n\n\n\n<p>Las ni\u00f1as que no cuenten con la <strong>credencial de afiliaci\u00f3n<\/strong>, deber\u00e1n cubrir el costo: $250 pesos y se puede pagar en caja.<\/p>\n\n\n\n<p>Los boletos para p\u00fablico se vender\u00e1n en la taquilla de la sede.<\/p>\n\n\n\n<div class=\"wp-block-image\"><figure class=\"aligncenter size-large is-resized\"><img loading=\"lazy\" src=\"https:\/\/www.villaeducativa.edu.mx\/newspaper\/wp-content\/uploads\/2025\/10\/cheranddance-1024x576.jpg\" alt=\"\" class=\"wp-image-143781\" width=\"768\" height=\"432\" srcset=\"https:\/\/www.villaeducativa.edu.mx\/newspaper\/wp-content\/uploads\/2025\/10\/cheranddance-1024x576.jpg 1024w, https:\/\/www.villaeducativa.edu.mx\/newspaper\/wp-content\/uploads\/2025\/10\/cheranddance-300x169.jpg 300w, https:\/\/www.villaeducativa.edu.mx\/newspaper\/wp-content\/uploads\/2025\/10\/cheranddance-768x432.jpg 768w, https:\/\/www.villaeducativa.edu.mx\/newspaper\/wp-content\/uploads\/2025\/10\/cheranddance-600x338.jpg 600w, https:\/\/www.villaeducativa.edu.mx\/newspaper\/wp-content\/uploads\/2025\/10\/cheranddance-1536x864.jpg 1536w, https:\/\/www.villaeducativa.edu.mx\/newspaper\/wp-content\/uploads\/2025\/10\/cheranddance.jpg 1600w\" sizes=\"(max-width: 768px) 100vw, 768px\" \/><\/figure><\/div>\n\n\n\n<p><strong><span class=\"has-inline-color has-vivid-cyan-blue-color\">Berenice \u00c1ngeles<br><\/span><\/strong><em><span class=\"has-inline-color has-vivid-cyan-blue-color\">Coordinadora de Club AfterSchool<\/span><\/em><\/p>\n","protected":false},"excerpt":{"rendered":"<p>Les recordamos que la siguiente semana (20 al 24 octubre) es el segundo pago del uniforme de Gala. El mo\u00f1o es un nuevo dise\u00f1o, para que lo tomen en cuenta. El precio de competencia por alumna es de $600 pesos, mismo que se deber\u00e1 pagar en caja en efectivo a&hellip; <\/p>\n","protected":false},"author":2,"featured_media":143782,"comment_status":"closed","ping_status":"closed","sticky":false,"template":"","format":"standard","meta":{"ngg_post_thumbnail":0},"categories":[5],"tags":[],"_links":{"self":[{"href":"https:\/\/www.villaeducativa.edu.mx\/newspaper\/index.php?rest_route=\/wp\/v2\/posts\/143778"}],"collection":[{"href":"https:\/\/www.villaeducativa.edu.mx\/newspaper\/index.php?rest_route=\/wp\/v2\/posts"}],"about":[{"href":"https:\/\/www.villaeducativa.edu.mx\/newspaper\/index.php?rest_route=\/wp\/v2\/types\/post"}],"author":[{"embeddable":true,"href":"https:\/\/www.villaeducativa.edu.mx\/newspaper\/index.php?rest_route=\/wp\/v2\/users\/2"}],"replies":[{"embeddable":true,"href":"https:\/\/www.villaeducativa.edu.mx\/newspaper\/index.php?rest_route=%2Fwp%2Fv2%2Fcomments&post=143778"}],"version-history":[{"count":2,"href":"https:\/\/www.villaeducativa.edu.mx\/newspaper\/index.php?rest_route=\/wp\/v2\/posts\/143778\/revisions"}],"predecessor-version":[{"id":143783,"href":"https:\/\/www.villaeducativa.edu.mx\/newspaper\/index.php?rest_route=\/wp\/v2\/posts\/143778\/revisions\/143783"}],"wp:featuredmedia":[{"embeddable":true,"href":"https:\/\/www.villaeducativa.edu.mx\/newspaper\/index.php?rest_route=\/wp\/v2\/media\/143782"}],"wp:attachment":[{"href":"https:\/\/www.villaeducativa.edu.mx\/newspaper\/index.php?rest_route=%2Fwp%2Fv2%2Fmedia&parent=143778"}],"wp:term":[{"taxonomy":"category","embeddable":true,"href":"https:\/\/www.villaeducativa.edu.mx\/newspaper\/index.php?rest_route=%2Fwp%2Fv2%2Fcategories&post=143778"},{"taxonomy":"post_tag","embeddable":true,"href":"https:\/\/www.villaeducativa.edu.mx\/newspaper\/index.php?rest_route=%2Fwp%2Fv2%2Ftags&post=143778"}],"curies":[{"name":"wp","href":"https:\/\/api.w.org\/{rel}","templated":true}]}}