{"id":143711,"date":"2025-10-14T08:05:00","date_gmt":"2025-10-14T13:05:00","guid":{"rendered":"https:\/\/www.villaeducativa.edu.mx\/newspaper\/?p=143711"},"modified":"2025-10-13T20:57:23","modified_gmt":"2025-10-14T01:57:23","slug":"6o-el-taller-de-plastilina-mucho-mas-que-un-juego","status":"publish","type":"post","link":"https:\/\/www.villaeducativa.edu.mx\/newspaper\/?p=143711","title":{"rendered":"6o: El taller de plastilina\u2026 Mucho m\u00e1s que un juego"},"content":{"rendered":"\n<p>Los artistas de sexto grado trabajaron con plastilina, esta actividad, estrat\u00e9gicamente programada como una pausa activa y reflexiva despu\u00e9s de un periodo de ex\u00e1menes, fue mucho m\u00e1s que un simple \u00abdescanso\u00bb. En Villa Educativa, estas experiencias tienen un s\u00f3lido fundamento educativo basado en la filosof\u00eda Reggio Emilia. Esta pedagog\u00eda ve a cada estudiante como un protagonista activo de su propio aprendizaje, un ser con \u00abcien lenguajes\u00bb para expresar su mente. La plastilina se convierte, precisamente, en uno de esos lenguajes. Al manipularla, los artistas no solo est\u00e1n desarrollando su creatividad; est\u00e1n resolviendo problemas de dise\u00f1o, entendiendo vol\u00famenes y proporciones, y transformando una idea abstracta en algo tangible. Esta actividad fomenta el pensamiento cr\u00edtico y la capacidad de experimentaci\u00f3n al permitirles construir, destruir y reconstruir libremente, liberando la tensi\u00f3n acumulada.<\/p>\n\n\n\n<p>El valor de esta clase reside en que el taller funciona como un ambiente de investigaci\u00f3n y bienestar emocional. A trav\u00e9s de la plastilina, los artistas practican habilidades de suma importancia para su futuro: trabajo colaborativo, al compartir material e ideas; comunicaci\u00f3n, al explicar a sus compa\u00f1eros lo que est\u00e1n creando; y reflexi\u00f3n, al evaluar por qu\u00e9 su estructura se cay\u00f3 o c\u00f3mo podr\u00edan mejorar su modelo. En Reggio Emilia, el ambiente es considerado el \u00abtercer maestro\u00bb, y este taller ofrece un espacio dise\u00f1ado para estimular la curiosidad y el descubrimiento. El uso de materiales manipulativos y art\u00edsticos despu\u00e9s de un esfuerzo mental intenso es una t\u00e9cnica probada para consolidar el aprendizaje y reducir el estr\u00e9s cognitivo. As\u00ed, la creaci\u00f3n con plastilina en sexto grado es una experiencia de aprendizaje integral que valida las ideas y el potencial innato de cada estudiante, a la vez que cuida su equilibrio emocional.<\/p>\n\n\n\n\n\n<div class=\"ngg-galleryoverview ngg-slideshow\"\n\t id=\"ngg-slideshow-a6fb32053f1ef080178ada3c18d138e2-6533473720\"\n     data-gallery-id=\"a6fb32053f1ef080178ada3c18d138e2\"\n     style=\"max-width: 600px; max-height: 400px;\">\n\n \t<div id=\"ngg-image-0\" class=\"ngg-gallery-slideshow-image\" style=\"height:400px\">\n\n        <a href=\"https:\/\/www.villaeducativa.edu.mx\/newspaper\/wp-content\/gallery\/09-tallerplastilina6\/IMG_1009.jpg\"\n           title=\"\"\n           data-src=\"https:\/\/www.villaeducativa.edu.mx\/newspaper\/wp-content\/gallery\/09-tallerplastilina6\/IMG_1009.jpg\"\n           data-thumbnail=\"https:\/\/www.villaeducativa.edu.mx\/newspaper\/wp-content\/gallery\/09-tallerplastilina6\/thumbs\/thumbs_IMG_1009.jpg\"\n           data-image-id=\"72569\"\n           data-title=\"IMG_1009\"\n           data-description=\"\"\n           class=\"ngg-fancybox\" rel=\"a6fb32053f1ef080178ada3c18d138e2\">\n\n            <img data-image-id='72569'\n                 title=\"\"\n                 alt=\"IMG_1009\"\n                 src=\"https:\/\/www.villaeducativa.edu.mx\/newspaper\/wp-content\/gallery\/09-tallerplastilina6\/IMG_1009.jpg\"\n                 style=\"max-height: 380px;\"\/>\n        <\/a>\n\n        <\/div> \n<div id=\"ngg-image-1\" class=\"ngg-gallery-slideshow-image\" style=\"height:400px\">\n\n        <a href=\"https:\/\/www.villaeducativa.edu.mx\/newspaper\/wp-content\/gallery\/09-tallerplastilina6\/IMG_1011.jpg\"\n           title=\"\"\n           data-src=\"https:\/\/www.villaeducativa.edu.mx\/newspaper\/wp-content\/gallery\/09-tallerplastilina6\/IMG_1011.jpg\"\n           data-thumbnail=\"https:\/\/www.villaeducativa.edu.mx\/newspaper\/wp-content\/gallery\/09-tallerplastilina6\/thumbs\/thumbs_IMG_1011.jpg\"\n           data-image-id=\"72570\"\n           data-title=\"IMG_1011\"\n           data-description=\"\"\n           class=\"ngg-fancybox\" rel=\"a6fb32053f1ef080178ada3c18d138e2\">\n\n            <img data-image-id='72570'\n                 title=\"\"\n                 alt=\"IMG_1011\"\n                 src=\"https:\/\/www.villaeducativa.edu.mx\/newspaper\/wp-content\/gallery\/09-tallerplastilina6\/IMG_1011.jpg\"\n                 style=\"max-height: 380px;\"\/>\n        <\/a>\n\n        <\/div> \n<div id=\"ngg-image-2\" class=\"ngg-gallery-slideshow-image\" style=\"height:400px\">\n\n        <a href=\"https:\/\/www.villaeducativa.edu.mx\/newspaper\/wp-content\/gallery\/09-tallerplastilina6\/IMG_1014.jpg\"\n           title=\"\"\n           data-src=\"https:\/\/www.villaeducativa.edu.mx\/newspaper\/wp-content\/gallery\/09-tallerplastilina6\/IMG_1014.jpg\"\n           data-thumbnail=\"https:\/\/www.villaeducativa.edu.mx\/newspaper\/wp-content\/gallery\/09-tallerplastilina6\/thumbs\/thumbs_IMG_1014.jpg\"\n           data-image-id=\"72571\"\n           data-title=\"IMG_1014\"\n           data-description=\"\"\n           class=\"ngg-fancybox\" rel=\"a6fb32053f1ef080178ada3c18d138e2\">\n\n            <img data-image-id='72571'\n                 title=\"\"\n                 alt=\"IMG_1014\"\n                 src=\"https:\/\/www.villaeducativa.edu.mx\/newspaper\/wp-content\/gallery\/09-tallerplastilina6\/IMG_1014.jpg\"\n                 style=\"max-height: 380px;\"\/>\n        <\/a>\n\n        <\/div> \n<div id=\"ngg-image-3\" class=\"ngg-gallery-slideshow-image\" style=\"height:400px\">\n\n        <a href=\"https:\/\/www.villaeducativa.edu.mx\/newspaper\/wp-content\/gallery\/09-tallerplastilina6\/IMG_1017.jpg\"\n           title=\"\"\n           data-src=\"https:\/\/www.villaeducativa.edu.mx\/newspaper\/wp-content\/gallery\/09-tallerplastilina6\/IMG_1017.jpg\"\n           data-thumbnail=\"https:\/\/www.villaeducativa.edu.mx\/newspaper\/wp-content\/gallery\/09-tallerplastilina6\/thumbs\/thumbs_IMG_1017.jpg\"\n           data-image-id=\"72572\"\n           data-title=\"IMG_1017\"\n           data-description=\"\"\n           class=\"ngg-fancybox\" rel=\"a6fb32053f1ef080178ada3c18d138e2\">\n\n            <img data-image-id='72572'\n                 title=\"\"\n                 alt=\"IMG_1017\"\n                 src=\"https:\/\/www.villaeducativa.edu.mx\/newspaper\/wp-content\/gallery\/09-tallerplastilina6\/IMG_1017.jpg\"\n                 style=\"max-height: 380px;\"\/>\n        <\/a>\n\n        <\/div> \n<div id=\"ngg-image-4\" class=\"ngg-gallery-slideshow-image\" style=\"height:400px\">\n\n        <a href=\"https:\/\/www.villaeducativa.edu.mx\/newspaper\/wp-content\/gallery\/09-tallerplastilina6\/IMG_1051.jpg\"\n           title=\"\"\n           data-src=\"https:\/\/www.villaeducativa.edu.mx\/newspaper\/wp-content\/gallery\/09-tallerplastilina6\/IMG_1051.jpg\"\n           data-thumbnail=\"https:\/\/www.villaeducativa.edu.mx\/newspaper\/wp-content\/gallery\/09-tallerplastilina6\/thumbs\/thumbs_IMG_1051.jpg\"\n           data-image-id=\"72568\"\n           data-title=\"IMG_1051\"\n           data-description=\"\"\n           class=\"ngg-fancybox\" rel=\"a6fb32053f1ef080178ada3c18d138e2\">\n\n            <img data-image-id='72568'\n                 title=\"\"\n                 alt=\"IMG_1051\"\n                 src=\"https:\/\/www.villaeducativa.edu.mx\/newspaper\/wp-content\/gallery\/09-tallerplastilina6\/IMG_1051.jpg\"\n                 style=\"max-height: 380px;\"\/>\n        <\/a>\n\n        <\/div> \n<div id=\"ngg-image-5\" class=\"ngg-gallery-slideshow-image\" style=\"height:400px\">\n\n        <a href=\"https:\/\/www.villaeducativa.edu.mx\/newspaper\/wp-content\/gallery\/09-tallerplastilina6\/IMG_1018.jpg\"\n           title=\"\"\n           data-src=\"https:\/\/www.villaeducativa.edu.mx\/newspaper\/wp-content\/gallery\/09-tallerplastilina6\/IMG_1018.jpg\"\n           data-thumbnail=\"https:\/\/www.villaeducativa.edu.mx\/newspaper\/wp-content\/gallery\/09-tallerplastilina6\/thumbs\/thumbs_IMG_1018.jpg\"\n           data-image-id=\"72573\"\n           data-title=\"IMG_1018\"\n           data-description=\"\"\n           class=\"ngg-fancybox\" rel=\"a6fb32053f1ef080178ada3c18d138e2\">\n\n            <img data-image-id='72573'\n                 title=\"\"\n                 alt=\"IMG_1018\"\n                 src=\"https:\/\/www.villaeducativa.edu.mx\/newspaper\/wp-content\/gallery\/09-tallerplastilina6\/IMG_1018.jpg\"\n                 style=\"max-height: 380px;\"\/>\n        <\/a>\n\n        <\/div> \n<div id=\"ngg-image-6\" class=\"ngg-gallery-slideshow-image\" style=\"height:400px\">\n\n        <a href=\"https:\/\/www.villaeducativa.edu.mx\/newspaper\/wp-content\/gallery\/09-tallerplastilina6\/IMG_1020.jpg\"\n           title=\"\"\n           data-src=\"https:\/\/www.villaeducativa.edu.mx\/newspaper\/wp-content\/gallery\/09-tallerplastilina6\/IMG_1020.jpg\"\n           data-thumbnail=\"https:\/\/www.villaeducativa.edu.mx\/newspaper\/wp-content\/gallery\/09-tallerplastilina6\/thumbs\/thumbs_IMG_1020.jpg\"\n           data-image-id=\"72574\"\n           data-title=\"IMG_1020\"\n           data-description=\"\"\n           class=\"ngg-fancybox\" rel=\"a6fb32053f1ef080178ada3c18d138e2\">\n\n            <img data-image-id='72574'\n                 title=\"\"\n                 alt=\"IMG_1020\"\n                 src=\"https:\/\/www.villaeducativa.edu.mx\/newspaper\/wp-content\/gallery\/09-tallerplastilina6\/IMG_1020.jpg\"\n                 style=\"max-height: 380px;\"\/>\n        <\/a>\n\n        <\/div> \n<div id=\"ngg-image-7\" class=\"ngg-gallery-slideshow-image\" style=\"height:400px\">\n\n        <a href=\"https:\/\/www.villaeducativa.edu.mx\/newspaper\/wp-content\/gallery\/09-tallerplastilina6\/IMG_1019.jpg\"\n           title=\"\"\n           data-src=\"https:\/\/www.villaeducativa.edu.mx\/newspaper\/wp-content\/gallery\/09-tallerplastilina6\/IMG_1019.jpg\"\n           data-thumbnail=\"https:\/\/www.villaeducativa.edu.mx\/newspaper\/wp-content\/gallery\/09-tallerplastilina6\/thumbs\/thumbs_IMG_1019.jpg\"\n           data-image-id=\"72575\"\n           data-title=\"IMG_1019\"\n           data-description=\"\"\n           class=\"ngg-fancybox\" rel=\"a6fb32053f1ef080178ada3c18d138e2\">\n\n            <img data-image-id='72575'\n                 title=\"\"\n                 alt=\"IMG_1019\"\n                 src=\"https:\/\/www.villaeducativa.edu.mx\/newspaper\/wp-content\/gallery\/09-tallerplastilina6\/IMG_1019.jpg\"\n                 style=\"max-height: 380px;\"\/>\n        <\/a>\n\n        <\/div> \n<div id=\"ngg-image-8\" class=\"ngg-gallery-slideshow-image\" style=\"height:400px\">\n\n        <a href=\"https:\/\/www.villaeducativa.edu.mx\/newspaper\/wp-content\/gallery\/09-tallerplastilina6\/IMG_1023.jpg\"\n           title=\"\"\n           data-src=\"https:\/\/www.villaeducativa.edu.mx\/newspaper\/wp-content\/gallery\/09-tallerplastilina6\/IMG_1023.jpg\"\n           data-thumbnail=\"https:\/\/www.villaeducativa.edu.mx\/newspaper\/wp-content\/gallery\/09-tallerplastilina6\/thumbs\/thumbs_IMG_1023.jpg\"\n           data-image-id=\"72576\"\n           data-title=\"IMG_1023\"\n           data-description=\"\"\n           class=\"ngg-fancybox\" rel=\"a6fb32053f1ef080178ada3c18d138e2\">\n\n            <img data-image-id='72576'\n                 title=\"\"\n                 alt=\"IMG_1023\"\n                 src=\"https:\/\/www.villaeducativa.edu.mx\/newspaper\/wp-content\/gallery\/09-tallerplastilina6\/IMG_1023.jpg\"\n                 style=\"max-height: 380px;\"\/>\n        <\/a>\n\n        <\/div> \n<div id=\"ngg-image-9\" class=\"ngg-gallery-slideshow-image\" style=\"height:400px\">\n\n        <a href=\"https:\/\/www.villaeducativa.edu.mx\/newspaper\/wp-content\/gallery\/09-tallerplastilina6\/IMG_1021.jpg\"\n           title=\"\"\n           data-src=\"https:\/\/www.villaeducativa.edu.mx\/newspaper\/wp-content\/gallery\/09-tallerplastilina6\/IMG_1021.jpg\"\n           data-thumbnail=\"https:\/\/www.villaeducativa.edu.mx\/newspaper\/wp-content\/gallery\/09-tallerplastilina6\/thumbs\/thumbs_IMG_1021.jpg\"\n           data-image-id=\"72577\"\n           data-title=\"IMG_1021\"\n           data-description=\"\"\n           class=\"ngg-fancybox\" rel=\"a6fb32053f1ef080178ada3c18d138e2\">\n\n            <img data-image-id='72577'\n                 title=\"\"\n                 alt=\"IMG_1021\"\n                 src=\"https:\/\/www.villaeducativa.edu.mx\/newspaper\/wp-content\/gallery\/09-tallerplastilina6\/IMG_1021.jpg\"\n                 style=\"max-height: 380px;\"\/>\n        <\/a>\n\n        <\/div> \n<div id=\"ngg-image-10\" class=\"ngg-gallery-slideshow-image\" style=\"height:400px\">\n\n        <a href=\"https:\/\/www.villaeducativa.edu.mx\/newspaper\/wp-content\/gallery\/09-tallerplastilina6\/IMG_1024.jpg\"\n           title=\"\"\n           data-src=\"https:\/\/www.villaeducativa.edu.mx\/newspaper\/wp-content\/gallery\/09-tallerplastilina6\/IMG_1024.jpg\"\n           data-thumbnail=\"https:\/\/www.villaeducativa.edu.mx\/newspaper\/wp-content\/gallery\/09-tallerplastilina6\/thumbs\/thumbs_IMG_1024.jpg\"\n           data-image-id=\"72578\"\n           data-title=\"IMG_1024\"\n           data-description=\"\"\n           class=\"ngg-fancybox\" rel=\"a6fb32053f1ef080178ada3c18d138e2\">\n\n            <img data-image-id='72578'\n                 title=\"\"\n                 alt=\"IMG_1024\"\n                 src=\"https:\/\/www.villaeducativa.edu.mx\/newspaper\/wp-content\/gallery\/09-tallerplastilina6\/IMG_1024.jpg\"\n                 style=\"max-height: 380px;\"\/>\n        <\/a>\n\n        <\/div> \n<div id=\"ngg-image-11\" class=\"ngg-gallery-slideshow-image\" style=\"height:400px\">\n\n        <a href=\"https:\/\/www.villaeducativa.edu.mx\/newspaper\/wp-content\/gallery\/09-tallerplastilina6\/IMG_1036.jpg\"\n           title=\"\"\n           data-src=\"https:\/\/www.villaeducativa.edu.mx\/newspaper\/wp-content\/gallery\/09-tallerplastilina6\/IMG_1036.jpg\"\n           data-thumbnail=\"https:\/\/www.villaeducativa.edu.mx\/newspaper\/wp-content\/gallery\/09-tallerplastilina6\/thumbs\/thumbs_IMG_1036.jpg\"\n           data-image-id=\"72579\"\n           data-title=\"IMG_1036\"\n           data-description=\"\"\n           class=\"ngg-fancybox\" rel=\"a6fb32053f1ef080178ada3c18d138e2\">\n\n            <img data-image-id='72579'\n                 title=\"\"\n                 alt=\"IMG_1036\"\n                 src=\"https:\/\/www.villaeducativa.edu.mx\/newspaper\/wp-content\/gallery\/09-tallerplastilina6\/IMG_1036.jpg\"\n                 style=\"max-height: 380px;\"\/>\n        <\/a>\n\n        <\/div> \n<div id=\"ngg-image-12\" class=\"ngg-gallery-slideshow-image\" style=\"height:400px\">\n\n        <a href=\"https:\/\/www.villaeducativa.edu.mx\/newspaper\/wp-content\/gallery\/09-tallerplastilina6\/IMG_1044.jpg\"\n           title=\"\"\n           data-src=\"https:\/\/www.villaeducativa.edu.mx\/newspaper\/wp-content\/gallery\/09-tallerplastilina6\/IMG_1044.jpg\"\n           data-thumbnail=\"https:\/\/www.villaeducativa.edu.mx\/newspaper\/wp-content\/gallery\/09-tallerplastilina6\/thumbs\/thumbs_IMG_1044.jpg\"\n           data-image-id=\"72580\"\n           data-title=\"IMG_1044\"\n           data-description=\"\"\n           class=\"ngg-fancybox\" rel=\"a6fb32053f1ef080178ada3c18d138e2\">\n\n            <img data-image-id='72580'\n                 title=\"\"\n                 alt=\"IMG_1044\"\n                 src=\"https:\/\/www.villaeducativa.edu.mx\/newspaper\/wp-content\/gallery\/09-tallerplastilina6\/IMG_1044.jpg\"\n                 style=\"max-height: 380px;\"\/>\n        <\/a>\n\n        <\/div> \n<div id=\"ngg-image-13\" class=\"ngg-gallery-slideshow-image\" style=\"height:400px\">\n\n        <a href=\"https:\/\/www.villaeducativa.edu.mx\/newspaper\/wp-content\/gallery\/09-tallerplastilina6\/IMG_1050.jpg\"\n           title=\"\"\n           data-src=\"https:\/\/www.villaeducativa.edu.mx\/newspaper\/wp-content\/gallery\/09-tallerplastilina6\/IMG_1050.jpg\"\n           data-thumbnail=\"https:\/\/www.villaeducativa.edu.mx\/newspaper\/wp-content\/gallery\/09-tallerplastilina6\/thumbs\/thumbs_IMG_1050.jpg\"\n           data-image-id=\"72581\"\n           data-title=\"IMG_1050\"\n           data-description=\"\"\n           class=\"ngg-fancybox\" rel=\"a6fb32053f1ef080178ada3c18d138e2\">\n\n            <img data-image-id='72581'\n                 title=\"\"\n                 alt=\"IMG_1050\"\n                 src=\"https:\/\/www.villaeducativa.edu.mx\/newspaper\/wp-content\/gallery\/09-tallerplastilina6\/IMG_1050.jpg\"\n                 style=\"max-height: 380px;\"\/>\n        <\/a>\n\n        <\/div> \n<div id=\"ngg-image-14\" class=\"ngg-gallery-slideshow-image\" style=\"height:400px\">\n\n        <a href=\"https:\/\/www.villaeducativa.edu.mx\/newspaper\/wp-content\/gallery\/09-tallerplastilina6\/IMG_1046.jpg\"\n           title=\"\"\n           data-src=\"https:\/\/www.villaeducativa.edu.mx\/newspaper\/wp-content\/gallery\/09-tallerplastilina6\/IMG_1046.jpg\"\n           data-thumbnail=\"https:\/\/www.villaeducativa.edu.mx\/newspaper\/wp-content\/gallery\/09-tallerplastilina6\/thumbs\/thumbs_IMG_1046.jpg\"\n           data-image-id=\"72582\"\n           data-title=\"IMG_1046\"\n           data-description=\"\"\n           class=\"ngg-fancybox\" rel=\"a6fb32053f1ef080178ada3c18d138e2\">\n\n            <img data-image-id='72582'\n                 title=\"\"\n                 alt=\"IMG_1046\"\n                 src=\"https:\/\/www.villaeducativa.edu.mx\/newspaper\/wp-content\/gallery\/09-tallerplastilina6\/IMG_1046.jpg\"\n                 style=\"max-height: 380px;\"\/>\n        <\/a>\n\n        <\/div> \n<\/div>\n\n\n\n\n\n\n\n<p><strong><span class=\"has-inline-color has-vivid-cyan-blue-color\">Emma Ochoa<br><\/span><\/strong><span class=\"has-inline-color has-vivid-cyan-blue-color\"><em>Atelier Primaria Alta<\/em><\/span><\/p>\n\n\n\n<p><a href=\"https:\/\/drive.google.com\/drive\/folders\/1Eh8OhUxdbiY2QjlQBGlNTApYQYn1KMIy?usp=sharing\">FOTOS<\/a><\/p>\n","protected":false},"excerpt":{"rendered":"<p>Los artistas de sexto grado trabajaron con plastilina, esta actividad, estrat\u00e9gicamente programada como una pausa activa y reflexiva despu\u00e9s de un periodo de ex\u00e1menes, fue mucho m\u00e1s que un simple \u00abdescanso\u00bb. En Villa Educativa, estas experiencias tienen un s\u00f3lido fundamento educativo basado en la filosof\u00eda Reggio Emilia. Esta pedagog\u00eda ve&hellip; <\/p>\n","protected":false},"author":2,"featured_media":143728,"comment_status":"closed","ping_status":"closed","sticky":false,"template":"","format":"standard","meta":{"ngg_post_thumbnail":0},"categories":[3],"tags":[],"_links":{"self":[{"href":"https:\/\/www.villaeducativa.edu.mx\/newspaper\/index.php?rest_route=\/wp\/v2\/posts\/143711"}],"collection":[{"href":"https:\/\/www.villaeducativa.edu.mx\/newspaper\/index.php?rest_route=\/wp\/v2\/posts"}],"about":[{"href":"https:\/\/www.villaeducativa.edu.mx\/newspaper\/index.php?rest_route=\/wp\/v2\/types\/post"}],"author":[{"embeddable":true,"href":"https:\/\/www.villaeducativa.edu.mx\/newspaper\/index.php?rest_route=\/wp\/v2\/users\/2"}],"replies":[{"embeddable":true,"href":"https:\/\/www.villaeducativa.edu.mx\/newspaper\/index.php?rest_route=%2Fwp%2Fv2%2Fcomments&post=143711"}],"version-history":[{"count":1,"href":"https:\/\/www.villaeducativa.edu.mx\/newspaper\/index.php?rest_route=\/wp\/v2\/posts\/143711\/revisions"}],"predecessor-version":[{"id":143729,"href":"https:\/\/www.villaeducativa.edu.mx\/newspaper\/index.php?rest_route=\/wp\/v2\/posts\/143711\/revisions\/143729"}],"wp:featuredmedia":[{"embeddable":true,"href":"https:\/\/www.villaeducativa.edu.mx\/newspaper\/index.php?rest_route=\/wp\/v2\/media\/143728"}],"wp:attachment":[{"href":"https:\/\/www.villaeducativa.edu.mx\/newspaper\/index.php?rest_route=%2Fwp%2Fv2%2Fmedia&parent=143711"}],"wp:term":[{"taxonomy":"category","embeddable":true,"href":"https:\/\/www.villaeducativa.edu.mx\/newspaper\/index.php?rest_route=%2Fwp%2Fv2%2Fcategories&post=143711"},{"taxonomy":"post_tag","embeddable":true,"href":"https:\/\/www.villaeducativa.edu.mx\/newspaper\/index.php?rest_route=%2Fwp%2Fv2%2Ftags&post=143711"}],"curies":[{"name":"wp","href":"https:\/\/api.w.org\/{rel}","templated":true}]}}