{"id":143507,"date":"2025-10-14T08:40:00","date_gmt":"2025-10-14T13:40:00","guid":{"rendered":"https:\/\/www.villaeducativa.edu.mx\/newspaper\/?p=143507"},"modified":"2025-10-14T12:01:12","modified_gmt":"2025-10-14T17:01:12","slug":"horarios-de-salida-anticipada","status":"publish","type":"post","link":"https:\/\/www.villaeducativa.edu.mx\/newspaper\/?p=143507","title":{"rendered":"Horarios de salida anticipada"},"content":{"rendered":"\n<p>Estimadas familias de Villa Educativa:<\/p>\n\n\n\n<p>Les recordamos que las <strong>salidas anticipadas por motivos m\u00e9dicos o situaciones especiales<\/strong> deber\u00e1n realizarse <strong>a las 12:00 p.m.<\/strong><\/p>\n\n\n\n<p>Para solicitarla, es importante enviar un correo con anticipaci\u00f3n a las siguientes direcciones:<br>\ud83d\udce7<span class=\"has-inline-color has-vivid-cyan-blue-color\"> <strong><a href=\"mailto:missgreta@villaeducativa.edu.mx\">missgreta@villaeducativa.edu.mx<\/a><br><\/strong>\ud83d\udce7 <strong><a href=\"mailto:misslupita@villaeducativa.edu.mx\">misslupita@villaeducativa.edu.mx<\/a><br><\/strong>\ud83d\udce7 <strong><a href=\"mailto:karen@villaeducativa.edu.mx\">karen@villaeducativa.edu.mx<\/a><\/strong><\/span><\/p>\n\n\n\n<p>Les informamos que <strong>no se autorizar\u00e1 salidas a las 2:00 p.m.<\/strong>, por motivos de log\u00edstica y seguridad escolar.<\/p>\n\n\n\n<p>Agradecemos su comprensi\u00f3n y apoyo para mantener un flujo adecuado dentro de la jornada escolar.<\/p>\n\n\n\n<p><em><span class=\"has-inline-color has-vivid-cyan-blue-color\"><strong>Coordinaci\u00f3n acad\u00e9mica de Villa Educativa<\/strong><\/span><\/em><\/p>\n","protected":false},"excerpt":{"rendered":"<p>Estimadas familias de Villa Educativa: Les recordamos que las salidas anticipadas por motivos m\u00e9dicos o situaciones especiales deber\u00e1n realizarse a las 12:00 p.m. Para solicitarla, es importante enviar un correo con anticipaci\u00f3n a las siguientes direcciones:\ud83d\udce7 missgreta@villaeducativa.edu.mx\ud83d\udce7 misslupita@villaeducativa.edu.mx\ud83d\udce7 karen@villaeducativa.edu.mx Les informamos que no se autorizar\u00e1 salidas a las 2:00 p.m.,&hellip; <\/p>\n","protected":false},"author":2,"featured_media":143508,"comment_status":"closed","ping_status":"closed","sticky":false,"template":"","format":"standard","meta":{"ngg_post_thumbnail":0},"categories":[3],"tags":[],"_links":{"self":[{"href":"https:\/\/www.villaeducativa.edu.mx\/newspaper\/index.php?rest_route=\/wp\/v2\/posts\/143507"}],"collection":[{"href":"https:\/\/www.villaeducativa.edu.mx\/newspaper\/index.php?rest_route=\/wp\/v2\/posts"}],"about":[{"href":"https:\/\/www.villaeducativa.edu.mx\/newspaper\/index.php?rest_route=\/wp\/v2\/types\/post"}],"author":[{"embeddable":true,"href":"https:\/\/www.villaeducativa.edu.mx\/newspaper\/index.php?rest_route=\/wp\/v2\/users\/2"}],"replies":[{"embeddable":true,"href":"https:\/\/www.villaeducativa.edu.mx\/newspaper\/index.php?rest_route=%2Fwp%2Fv2%2Fcomments&post=143507"}],"version-history":[{"count":2,"href":"https:\/\/www.villaeducativa.edu.mx\/newspaper\/index.php?rest_route=\/wp\/v2\/posts\/143507\/revisions"}],"predecessor-version":[{"id":143830,"href":"https:\/\/www.villaeducativa.edu.mx\/newspaper\/index.php?rest_route=\/wp\/v2\/posts\/143507\/revisions\/143830"}],"wp:featuredmedia":[{"embeddable":true,"href":"https:\/\/www.villaeducativa.edu.mx\/newspaper\/index.php?rest_route=\/wp\/v2\/media\/143508"}],"wp:attachment":[{"href":"https:\/\/www.villaeducativa.edu.mx\/newspaper\/index.php?rest_route=%2Fwp%2Fv2%2Fmedia&parent=143507"}],"wp:term":[{"taxonomy":"category","embeddable":true,"href":"https:\/\/www.villaeducativa.edu.mx\/newspaper\/index.php?rest_route=%2Fwp%2Fv2%2Fcategories&post=143507"},{"taxonomy":"post_tag","embeddable":true,"href":"https:\/\/www.villaeducativa.edu.mx\/newspaper\/index.php?rest_route=%2Fwp%2Fv2%2Ftags&post=143507"}],"curies":[{"name":"wp","href":"https:\/\/api.w.org\/{rel}","templated":true}]}}