{"id":143496,"date":"2025-10-14T08:10:00","date_gmt":"2025-10-14T13:10:00","guid":{"rendered":"https:\/\/www.villaeducativa.edu.mx\/newspaper\/?p=143496"},"modified":"2025-10-14T14:50:07","modified_gmt":"2025-10-14T19:50:07","slug":"todos-contra-el-acoso-escolar","status":"publish","type":"post","link":"https:\/\/www.villaeducativa.edu.mx\/newspaper\/?p=143496","title":{"rendered":"6o: Todos contra el acoso escolar"},"content":{"rendered":"\n<p>Este ciclo escolar, como parte de nuestro trabajo continuo con el programa Kiva, hemos lanzado oficialmente nuestra campa\u00f1a <strong>\u00abTodos y Todas Contra el Acoso Escolar\u00bb<\/strong>.<\/p>\n\n\n\n<p>Esta iniciativa es un esfuerzo de toda la <strong>comunidad escolar<\/strong> que busca activamente fomentar un ambiente de <strong>sana convivencia, empat\u00eda y respeto<\/strong> en cada rinc\u00f3n de la instituci\u00f3n. No se trata solo de hablar sobre el acoso, sino de <strong>construir una cultura de apoyo mutuo<\/strong>.<\/p>\n\n\n\n<p>Semanalmente, nos sumamos a esta causa mediante diversas <strong>actividades y estrategias pr\u00e1cticas<\/strong>, desde din\u00e1micas de integraci\u00f3n en el aula hasta charlas de concientizaci\u00f3n y ejercicios de comunicaci\u00f3n efectiva.<\/p>\n\n\n\n<p>El <strong>equipo de profesores y los alumnos de sexto a\u00f1o<\/strong> se suman a este compromiso. Trabajamos conjuntamente cada semana para <strong>fortalecer las buenas actitudes, la inclusi\u00f3n y la mediaci\u00f3n de conflictos<\/strong>, sirviendo como un modelo positivo y activo para el resto de la escuela. Nuestro objetivo principal es asegurar que cada estudiante se sienta <strong>seguro, valorado y parte esencial<\/strong> de esta comunidad.<\/p>\n\n\n\n<p><strong><em>\u00abEl acoso escolar termina cuando los espectadores se convierten en aliados.\u00bb<\/em><\/strong><\/p>\n\n\n\n\n\n<div class=\"ngg-galleryoverview ngg-slideshow\"\n\t id=\"ngg-slideshow-72b32c8eb10ba2dc1f6f068f0f2d0232-4520415910\"\n     data-gallery-id=\"72b32c8eb10ba2dc1f6f068f0f2d0232\"\n     style=\"max-width: 600px; max-height: 400px;\">\n\n \t<div id=\"ngg-image-0\" class=\"ngg-gallery-slideshow-image\" style=\"height:400px\">\n\n        <a href=\"https:\/\/www.villaeducativa.edu.mx\/newspaper\/wp-content\/gallery\/09-acosoescolar6\/Screenshot-2025-10-08-18.59.57.jpg\"\n           title=\"\"\n           data-src=\"https:\/\/www.villaeducativa.edu.mx\/newspaper\/wp-content\/gallery\/09-acosoescolar6\/Screenshot-2025-10-08-18.59.57.jpg\"\n           data-thumbnail=\"https:\/\/www.villaeducativa.edu.mx\/newspaper\/wp-content\/gallery\/09-acosoescolar6\/thumbs\/thumbs_Screenshot-2025-10-08-18.59.57.jpg\"\n           data-image-id=\"72399\"\n           data-title=\"Screenshot-2025-10-08-18.59.57\"\n           data-description=\"\"\n           class=\"ngg-fancybox\" rel=\"72b32c8eb10ba2dc1f6f068f0f2d0232\">\n\n            <img data-image-id='72399'\n                 title=\"\"\n                 alt=\"Screenshot-2025-10-08-18.59.57\"\n                 src=\"https:\/\/www.villaeducativa.edu.mx\/newspaper\/wp-content\/gallery\/09-acosoescolar6\/Screenshot-2025-10-08-18.59.57.jpg\"\n                 style=\"max-height: 380px;\"\/>\n        <\/a>\n\n        <\/div> \n<div id=\"ngg-image-1\" class=\"ngg-gallery-slideshow-image\" style=\"height:400px\">\n\n        <a href=\"https:\/\/www.villaeducativa.edu.mx\/newspaper\/wp-content\/gallery\/09-acosoescolar6\/Screenshot-2025-10-08-19.00.20.jpg\"\n           title=\"\"\n           data-src=\"https:\/\/www.villaeducativa.edu.mx\/newspaper\/wp-content\/gallery\/09-acosoescolar6\/Screenshot-2025-10-08-19.00.20.jpg\"\n           data-thumbnail=\"https:\/\/www.villaeducativa.edu.mx\/newspaper\/wp-content\/gallery\/09-acosoescolar6\/thumbs\/thumbs_Screenshot-2025-10-08-19.00.20.jpg\"\n           data-image-id=\"72400\"\n           data-title=\"Screenshot-2025-10-08-19.00.20\"\n           data-description=\"\"\n           class=\"ngg-fancybox\" rel=\"72b32c8eb10ba2dc1f6f068f0f2d0232\">\n\n            <img data-image-id='72400'\n                 title=\"\"\n                 alt=\"Screenshot-2025-10-08-19.00.20\"\n                 src=\"https:\/\/www.villaeducativa.edu.mx\/newspaper\/wp-content\/gallery\/09-acosoescolar6\/Screenshot-2025-10-08-19.00.20.jpg\"\n                 style=\"max-height: 380px;\"\/>\n        <\/a>\n\n        <\/div> \n<div id=\"ngg-image-2\" class=\"ngg-gallery-slideshow-image\" style=\"height:400px\">\n\n        <a href=\"https:\/\/www.villaeducativa.edu.mx\/newspaper\/wp-content\/gallery\/09-acosoescolar6\/Screenshot-2025-10-08-19.00.01.jpg\"\n           title=\"\"\n           data-src=\"https:\/\/www.villaeducativa.edu.mx\/newspaper\/wp-content\/gallery\/09-acosoescolar6\/Screenshot-2025-10-08-19.00.01.jpg\"\n           data-thumbnail=\"https:\/\/www.villaeducativa.edu.mx\/newspaper\/wp-content\/gallery\/09-acosoescolar6\/thumbs\/thumbs_Screenshot-2025-10-08-19.00.01.jpg\"\n           data-image-id=\"72401\"\n           data-title=\"Screenshot-2025-10-08-19.00.01\"\n           data-description=\"\"\n           class=\"ngg-fancybox\" rel=\"72b32c8eb10ba2dc1f6f068f0f2d0232\">\n\n            <img data-image-id='72401'\n                 title=\"\"\n                 alt=\"Screenshot-2025-10-08-19.00.01\"\n                 src=\"https:\/\/www.villaeducativa.edu.mx\/newspaper\/wp-content\/gallery\/09-acosoescolar6\/Screenshot-2025-10-08-19.00.01.jpg\"\n                 style=\"max-height: 380px;\"\/>\n        <\/a>\n\n        <\/div> \n<div id=\"ngg-image-3\" class=\"ngg-gallery-slideshow-image\" style=\"height:400px\">\n\n        <a href=\"https:\/\/www.villaeducativa.edu.mx\/newspaper\/wp-content\/gallery\/09-acosoescolar6\/Screenshot-2025-10-08-19.00.05.jpg\"\n           title=\"\"\n           data-src=\"https:\/\/www.villaeducativa.edu.mx\/newspaper\/wp-content\/gallery\/09-acosoescolar6\/Screenshot-2025-10-08-19.00.05.jpg\"\n           data-thumbnail=\"https:\/\/www.villaeducativa.edu.mx\/newspaper\/wp-content\/gallery\/09-acosoescolar6\/thumbs\/thumbs_Screenshot-2025-10-08-19.00.05.jpg\"\n           data-image-id=\"72402\"\n           data-title=\"Screenshot-2025-10-08-19.00.05\"\n           data-description=\"\"\n           class=\"ngg-fancybox\" rel=\"72b32c8eb10ba2dc1f6f068f0f2d0232\">\n\n            <img data-image-id='72402'\n                 title=\"\"\n                 alt=\"Screenshot-2025-10-08-19.00.05\"\n                 src=\"https:\/\/www.villaeducativa.edu.mx\/newspaper\/wp-content\/gallery\/09-acosoescolar6\/Screenshot-2025-10-08-19.00.05.jpg\"\n                 style=\"max-height: 380px;\"\/>\n        <\/a>\n\n        <\/div> \n<div id=\"ngg-image-4\" class=\"ngg-gallery-slideshow-image\" style=\"height:400px\">\n\n        <a href=\"https:\/\/www.villaeducativa.edu.mx\/newspaper\/wp-content\/gallery\/09-acosoescolar6\/Screenshot-2025-10-08-19.00.10.jpg\"\n           title=\"\"\n           data-src=\"https:\/\/www.villaeducativa.edu.mx\/newspaper\/wp-content\/gallery\/09-acosoescolar6\/Screenshot-2025-10-08-19.00.10.jpg\"\n           data-thumbnail=\"https:\/\/www.villaeducativa.edu.mx\/newspaper\/wp-content\/gallery\/09-acosoescolar6\/thumbs\/thumbs_Screenshot-2025-10-08-19.00.10.jpg\"\n           data-image-id=\"72403\"\n           data-title=\"Screenshot-2025-10-08-19.00.10\"\n           data-description=\"\"\n           class=\"ngg-fancybox\" rel=\"72b32c8eb10ba2dc1f6f068f0f2d0232\">\n\n            <img data-image-id='72403'\n                 title=\"\"\n                 alt=\"Screenshot-2025-10-08-19.00.10\"\n                 src=\"https:\/\/www.villaeducativa.edu.mx\/newspaper\/wp-content\/gallery\/09-acosoescolar6\/Screenshot-2025-10-08-19.00.10.jpg\"\n                 style=\"max-height: 380px;\"\/>\n        <\/a>\n\n        <\/div> \n<div id=\"ngg-image-5\" class=\"ngg-gallery-slideshow-image\" style=\"height:400px\">\n\n        <a href=\"https:\/\/www.villaeducativa.edu.mx\/newspaper\/wp-content\/gallery\/09-acosoescolar6\/Screenshot-2025-10-08-19.00.15.jpg\"\n           title=\"\"\n           data-src=\"https:\/\/www.villaeducativa.edu.mx\/newspaper\/wp-content\/gallery\/09-acosoescolar6\/Screenshot-2025-10-08-19.00.15.jpg\"\n           data-thumbnail=\"https:\/\/www.villaeducativa.edu.mx\/newspaper\/wp-content\/gallery\/09-acosoescolar6\/thumbs\/thumbs_Screenshot-2025-10-08-19.00.15.jpg\"\n           data-image-id=\"72404\"\n           data-title=\"Screenshot-2025-10-08-19.00.15\"\n           data-description=\"\"\n           class=\"ngg-fancybox\" rel=\"72b32c8eb10ba2dc1f6f068f0f2d0232\">\n\n            <img data-image-id='72404'\n                 title=\"\"\n                 alt=\"Screenshot-2025-10-08-19.00.15\"\n                 src=\"https:\/\/www.villaeducativa.edu.mx\/newspaper\/wp-content\/gallery\/09-acosoescolar6\/Screenshot-2025-10-08-19.00.15.jpg\"\n                 style=\"max-height: 380px;\"\/>\n        <\/a>\n\n        <\/div> \n<\/div>\n\n\n\n\n\n\n\n<p><span class=\"has-inline-color has-vivid-cyan-blue-color\"><strong>Roc\u00edo V\u00e1zquez<\/strong><br><em>Lenguajes 6o grado<\/em><\/span><\/p>\n","protected":false},"excerpt":{"rendered":"<p>Este ciclo escolar, como parte de nuestro trabajo continuo con el programa Kiva, hemos lanzado oficialmente nuestra campa\u00f1a \u00abTodos y Todas Contra el Acoso Escolar\u00bb. Esta iniciativa es un esfuerzo de toda la comunidad escolar que busca activamente fomentar un ambiente de sana convivencia, empat\u00eda y respeto en cada rinc\u00f3n&hellip; <\/p>\n","protected":false},"author":2,"featured_media":143506,"comment_status":"closed","ping_status":"closed","sticky":false,"template":"","format":"standard","meta":{"ngg_post_thumbnail":0},"categories":[3],"tags":[],"_links":{"self":[{"href":"https:\/\/www.villaeducativa.edu.mx\/newspaper\/index.php?rest_route=\/wp\/v2\/posts\/143496"}],"collection":[{"href":"https:\/\/www.villaeducativa.edu.mx\/newspaper\/index.php?rest_route=\/wp\/v2\/posts"}],"about":[{"href":"https:\/\/www.villaeducativa.edu.mx\/newspaper\/index.php?rest_route=\/wp\/v2\/types\/post"}],"author":[{"embeddable":true,"href":"https:\/\/www.villaeducativa.edu.mx\/newspaper\/index.php?rest_route=\/wp\/v2\/users\/2"}],"replies":[{"embeddable":true,"href":"https:\/\/www.villaeducativa.edu.mx\/newspaper\/index.php?rest_route=%2Fwp%2Fv2%2Fcomments&post=143496"}],"version-history":[{"count":4,"href":"https:\/\/www.villaeducativa.edu.mx\/newspaper\/index.php?rest_route=\/wp\/v2\/posts\/143496\/revisions"}],"predecessor-version":[{"id":143839,"href":"https:\/\/www.villaeducativa.edu.mx\/newspaper\/index.php?rest_route=\/wp\/v2\/posts\/143496\/revisions\/143839"}],"wp:featuredmedia":[{"embeddable":true,"href":"https:\/\/www.villaeducativa.edu.mx\/newspaper\/index.php?rest_route=\/wp\/v2\/media\/143506"}],"wp:attachment":[{"href":"https:\/\/www.villaeducativa.edu.mx\/newspaper\/index.php?rest_route=%2Fwp%2Fv2%2Fmedia&parent=143496"}],"wp:term":[{"taxonomy":"category","embeddable":true,"href":"https:\/\/www.villaeducativa.edu.mx\/newspaper\/index.php?rest_route=%2Fwp%2Fv2%2Fcategories&post=143496"},{"taxonomy":"post_tag","embeddable":true,"href":"https:\/\/www.villaeducativa.edu.mx\/newspaper\/index.php?rest_route=%2Fwp%2Fv2%2Ftags&post=143496"}],"curies":[{"name":"wp","href":"https:\/\/api.w.org\/{rel}","templated":true}]}}